{"id":8753,"date":"2018-04-12T17:25:02","date_gmt":"2018-04-12T17:25:02","guid":{"rendered":"http:\/\/archiv.szolnoktv.hu\/?p=8753"},"modified":"2021-08-13T20:19:02","modified_gmt":"2021-08-13T20:19:02","slug":"ujra-tisztitjak-a-fizetos-parkolokat","status":"publish","type":"post","link":"http:\/\/archiv.szolnoktv.hu\/?p=8753","title":{"rendered":"\u00dajra tiszt\u00edtj\u00e1k a fizet\u0151s parkol\u00f3kat"},"content":{"rendered":"<div class='booster-block booster-read-block'><\/div><p>\u00dajra megtisztulnak a parkol\u00f3k. T\u00f6bb \u00e9ve rendszeresen takar\u00edtja az NHSZ Zounok Zrt. a v\u00e1ros fizet\u0151s parkol\u00f3it. Id\u00e9n \u00e1prilis 1-\u00e9n kezd\u0151d\u00f6tt a munka \u00e9s eg\u00e9szen okt\u00f3ber 31-ig minden h\u00e9tv\u00e9g\u00e9n v\u00e9gig j\u00e1rj\u00e1k a c\u00e9g munkat\u00e1rsai a fizet\u0151s helyeket.<\/p>\n<p>Kett\u0151 kism\u00e9ret\u0171 s\u00f6pr\u0151aut\u00f3, illetve ezeken k\u00edv\u00fcl m\u00e9g 2 gyalogos munk\u00e1s tiszt\u00edtja minden h\u00e9tv\u00e9g\u00e9n a szolnoki fizet\u0151s parkol\u00f3kat. \u00c1prilis elsej\u00e9n \u00fajra indult a megszokott szolg\u00e1ltat\u00e1s, amely keret\u00e9ben \u00e9vente t\u00f6bb tonna hullad\u00e9kot gy\u0171jtenek \u00f6ssze a v\u00e1ros parkol\u00f3ib\u00f3l. <\/p>\n<p>-G\u00e9pi takar\u00edt\u00e1sr\u00f3l van sz\u00f3, jellemz\u0151en a fizet\u0151 parkol\u00f3kr\u00f3l besz\u00e9lhet\u00fcnk \u00e9s a h\u00e9tv\u00e9gi takar\u00edt\u00e1st az indokolja, hogy napk\u00f6zben munkanapokon ezeken oly m\u00e9rt\u00e9kben nagy a forgalom, hogy a tiszt\u00edt\u00e1s nem lehets\u00e9ges.&#8221;  &#8211;   mondta Lits L\u00e1szl\u00f3 \u00fcgyvezet\u0151 igazgat\u00f3<\/p>\n<p>A tiszt\u00edt\u00e1s szombaton \u00e9s vas\u00e1rnap t\u00f6rt\u00e9nik, megszabott menetrend szerint. A takar\u00edt\u00e1s idej\u00e9n a j\u00e1rm\u0171vek nem haszn\u00e1lhatj\u00e1k a parkol\u00f3kat. A www.nhszszolnok.hu weboldalon a hullad\u00e9kgazd\u00e1lkod\u00e1si c\u00e9g egy t\u00e9rk\u00e9pen aj\u00e1nl ingyenesen haszn\u00e1lhat\u00f3 alternat\u00edv parkol\u00f3helyeket. A t\u00e9rk\u00e9p mellett a takar\u00edt\u00e1si id\u0151 r\u00f6vid\u00edt\u00e9s\u00e9vel is seg\u00edtik a j\u00e1rm\u0171tulajdonosokat.<\/p>\n<p>Lits L\u00e1szl\u00f3 kiemelte &#8211; -Az elm\u00falt \u00e9vekben most m\u00e1r k\u00e9t \u00f3r\u00e1ra sz\u0171k\u00edtett\u00fck azt az id\u0151intervallumot, amikor az aut\u00f3knak tilos a parkol\u00e1s. Szeretn\u00e9nk felk\u00e9rni az aut\u00f3sokat, hogy ebben az id\u0151szakban, ami t\u00e1bl\u00e1n j\u00f3l l\u00e1that\u00f3an ki van helyezve, k\u00e9rj\u00fck, hogy a parkol\u00f3kat ne haszn\u00e1lj\u00e1k.&#8221; <\/p>\n<p>A fizet\u0151 parkol\u00f3kat eg\u00e9szen okt\u00f3ber 31-ig takar\u00edtj\u00e1k Szolnokon minden h\u00e9tv\u00e9g\u00e9n.<br \/>\n<br \/>\n<div style=\"width: 640px;\" class=\"wp-video\"><!--[if lt IE 9]><script>document.createElement('video');<\/script><![endif]-->\n<video class=\"wp-video-shortcode\" id=\"video-8753-1\" width=\"640\" height=\"360\" preload=\"metadata\" controls=\"controls\"><source type=\"video\/mp4\" src=\"\/spots\/hir\/hir_180412_04.mp4?_=1\" \/><a href=\"\/spots\/hir\/hir_180412_04.mp4\">\/spots\/hir\/hir_180412_04.mp4<\/a><\/video><\/div><\/p>\n","protected":false},"excerpt":{"rendered":"<p>\u00dajra megtisztulnak a parkol\u00f3k. T\u00f6bb \u00e9ve rendszeresen takar\u00edtja az NHSZ Zounok Zrt. a v\u00e1ros fizet\u0151s parkol\u00f3it. Id\u00e9n \u00e1prilis 1-\u00e9n kezd\u0151d\u00f6tt a munka \u00e9s eg\u00e9szen okt\u00f3ber 31-ig minden h\u00e9tv\u00e9g\u00e9n v\u00e9gig j\u00e1rj\u00e1k a c\u00e9g munkat\u00e1rsai a fizet\u0151s helyeket. Kett\u0151 kism\u00e9ret\u0171 s\u00f6pr\u0151aut\u00f3, illetve ezeken k\u00edv\u00fcl m\u00e9g 2 gyalogos munk\u00e1s tiszt\u00edtja minden h\u00e9tv\u00e9g\u00e9n a szolnoki fizet\u0151s parkol\u00f3kat. \u00c1prilis elsej\u00e9n [&hellip;]<\/p>\n","protected":false},"author":2,"featured_media":0,"comment_status":"closed","ping_status":"closed","sticky":false,"template":"","format":"standard","meta":[],"categories":[9],"tags":[],"_links":{"self":[{"href":"http:\/\/archiv.szolnoktv.hu\/index.php?rest_route=\/wp\/v2\/posts\/8753"}],"collection":[{"href":"http:\/\/archiv.szolnoktv.hu\/index.php?rest_route=\/wp\/v2\/posts"}],"about":[{"href":"http:\/\/archiv.szolnoktv.hu\/index.php?rest_route=\/wp\/v2\/types\/post"}],"author":[{"embeddable":true,"href":"http:\/\/archiv.szolnoktv.hu\/index.php?rest_route=\/wp\/v2\/users\/2"}],"replies":[{"embeddable":true,"href":"http:\/\/archiv.szolnoktv.hu\/index.php?rest_route=%2Fwp%2Fv2%2Fcomments&post=8753"}],"version-history":[{"count":1,"href":"http:\/\/archiv.szolnoktv.hu\/index.php?rest_route=\/wp\/v2\/posts\/8753\/revisions"}],"predecessor-version":[{"id":8800,"href":"http:\/\/archiv.szolnoktv.hu\/index.php?rest_route=\/wp\/v2\/posts\/8753\/revisions\/8800"}],"wp:attachment":[{"href":"http:\/\/archiv.szolnoktv.hu\/index.php?rest_route=%2Fwp%2Fv2%2Fmedia&parent=8753"}],"wp:term":[{"taxonomy":"category","embeddable":true,"href":"http:\/\/archiv.szolnoktv.hu\/index.php?rest_route=%2Fwp%2Fv2%2Fcategories&post=8753"},{"taxonomy":"post_tag","embeddable":true,"href":"http:\/\/archiv.szolnoktv.hu\/index.php?rest_route=%2Fwp%2Fv2%2Ftags&post=8753"}],"curies":[{"name":"wp","href":"https:\/\/api.w.org\/{rel}","templated":true}]}}