{"id":8752,"date":"2018-04-12T17:21:56","date_gmt":"2018-04-12T17:21:56","guid":{"rendered":"http:\/\/archiv.szolnoktv.hu\/?p=8752"},"modified":"2021-08-13T20:19:02","modified_gmt":"2021-08-13T20:19:02","slug":"hangverseny-a-megyehazan","status":"publish","type":"post","link":"http:\/\/archiv.szolnoktv.hu\/?p=8752","title":{"rendered":"Hangverseny a megyeh\u00e1z\u00e1n"},"content":{"rendered":"<div class='booster-block booster-read-block'><\/div><p>20 m\u0171sorsz\u00e1m, melyben kamaraprodukci\u00f3k \u00e9s n\u00e9gykezes zongora el\u0151ad\u00e1sok is hallhat\u00f3k voltak. A zenei produkci\u00f3knak a Megyeh\u00e1za d\u00edszterme adott otthont. Szervez\u0151je a Szolnoki Bart\u00f3k B\u00e9la Alapfok\u00fa M\u0171v\u00e9szeti Iskola volt. <\/p>\n<p>,,Megyei tehets\u00e9ges zeneiskol\u00e1sok hangversenye, olyan c\u00e9llal, hogy a megye valamennyi zeneiskol\u00e1ja, fenntart\u00f3t\u00f3l l\u00e9tsz\u00e1mt\u00f3l f\u00fcggetlen\u00fcl 2 legkiemelked\u0151bb produkci\u00f3j\u00e1val be tudjon mutatkozni. Tulajdonk\u00e9ppen a tehets\u00e9gek megmutat\u00e1sa, illetve a zeneiskol\u00e1kban foly\u00f3 tehets\u00e9ggondoz\u00f3 munk\u00e1nak az eredm\u00e9nye az ami ezen a k\u00f6z\u00f6s hangversenyen l\u00e9trej\u00f6n.&#8221;-mondta: Abonyi Katalin, int\u00e9zm\u00e9nyvezet\u0151, Szolnoki Bart\u00f3k B\u00e9la Alapfok\u00fa M\u0171v\u00e9szeti Iskola <\/p>\n<p>2013 \u00f3ta k\u00e9t\u00e9vente rendezik meg ezt a hangversenyt, amire \u00e9vr\u0151l \u00e9vre egyre t\u00f6bb di\u00e1k jelentkezik. A fell\u00e9p\u0151k k\u00f6z\u00f6tt sz\u00e1mos olyan tanul\u00f3 is volt, akik rendszeresen vesznek r\u00e9szt k\u00fcl\u00f6nb\u00f6z\u0151 versenyeken. <\/p>\n<p>,,Szinte m\u00e1r hagyom\u00e1nnyal v\u00e1lt, hogy Hatvanban 2014- \u00f3ta folyamatosan oda j\u00e1runk \u00e9s nagyon szeretj\u00fck. \u00c9s ott k\u00e9tszer lettem m\u00e1sodik \u00e9s k\u00e9tszer els\u0151 \u00e9s egyszer fesztiv\u00e1l gy\u0151ztes.&#8221;-mes\u00e9lte: Sz\u00e9kely Lea, Karcagi \u00c1ltal\u00e1nos Iskola \u00e9s Alapfok\u00fa M\u0171v\u00e9szeti Iskola<\/p>\n<p>A hangverseny c\u00e9lja, hogy k\u00f6zvetlen kapcsolatot teremtsen a k\u00f6z\u00f6ns\u00e9g \u00e9s a zenei m\u0171vek k\u00f6z\u00f6tt.<br \/>\n<br \/>\n<div style=\"width: 640px;\" class=\"wp-video\"><!--[if lt IE 9]><script>document.createElement('video');<\/script><![endif]-->\n<video class=\"wp-video-shortcode\" id=\"video-8752-1\" width=\"640\" height=\"360\" preload=\"metadata\" controls=\"controls\"><source type=\"video\/mp4\" src=\"\/spots\/hir\/hir_180412_02.mp4?_=1\" \/><a href=\"\/spots\/hir\/hir_180412_02.mp4\">\/spots\/hir\/hir_180412_02.mp4<\/a><\/video><\/div><\/p>\n","protected":false},"excerpt":{"rendered":"<p>20 m\u0171sorsz\u00e1m, melyben kamaraprodukci\u00f3k \u00e9s n\u00e9gykezes zongora el\u0151ad\u00e1sok is hallhat\u00f3k voltak. A zenei produkci\u00f3knak a Megyeh\u00e1za d\u00edszterme adott otthont. Szervez\u0151je a Szolnoki Bart\u00f3k B\u00e9la Alapfok\u00fa M\u0171v\u00e9szeti Iskola volt. ,,Megyei tehets\u00e9ges zeneiskol\u00e1sok hangversenye, olyan c\u00e9llal, hogy a megye valamennyi zeneiskol\u00e1ja, fenntart\u00f3t\u00f3l l\u00e9tsz\u00e1mt\u00f3l f\u00fcggetlen\u00fcl 2 legkiemelked\u0151bb produkci\u00f3j\u00e1val be tudjon mutatkozni. Tulajdonk\u00e9ppen a tehets\u00e9gek megmutat\u00e1sa, illetve a zeneiskol\u00e1kban [&hellip;]<\/p>\n","protected":false},"author":2,"featured_media":0,"comment_status":"closed","ping_status":"closed","sticky":false,"template":"","format":"standard","meta":[],"categories":[9],"tags":[],"_links":{"self":[{"href":"http:\/\/archiv.szolnoktv.hu\/index.php?rest_route=\/wp\/v2\/posts\/8752"}],"collection":[{"href":"http:\/\/archiv.szolnoktv.hu\/index.php?rest_route=\/wp\/v2\/posts"}],"about":[{"href":"http:\/\/archiv.szolnoktv.hu\/index.php?rest_route=\/wp\/v2\/types\/post"}],"author":[{"embeddable":true,"href":"http:\/\/archiv.szolnoktv.hu\/index.php?rest_route=\/wp\/v2\/users\/2"}],"replies":[{"embeddable":true,"href":"http:\/\/archiv.szolnoktv.hu\/index.php?rest_route=%2Fwp%2Fv2%2Fcomments&post=8752"}],"version-history":[{"count":1,"href":"http:\/\/archiv.szolnoktv.hu\/index.php?rest_route=\/wp\/v2\/posts\/8752\/revisions"}],"predecessor-version":[{"id":8801,"href":"http:\/\/archiv.szolnoktv.hu\/index.php?rest_route=\/wp\/v2\/posts\/8752\/revisions\/8801"}],"wp:attachment":[{"href":"http:\/\/archiv.szolnoktv.hu\/index.php?rest_route=%2Fwp%2Fv2%2Fmedia&parent=8752"}],"wp:term":[{"taxonomy":"category","embeddable":true,"href":"http:\/\/archiv.szolnoktv.hu\/index.php?rest_route=%2Fwp%2Fv2%2Fcategories&post=8752"},{"taxonomy":"post_tag","embeddable":true,"href":"http:\/\/archiv.szolnoktv.hu\/index.php?rest_route=%2Fwp%2Fv2%2Ftags&post=8752"}],"curies":[{"name":"wp","href":"https:\/\/api.w.org\/{rel}","templated":true}]}}