{"id":8751,"date":"2018-04-12T17:17:14","date_gmt":"2018-04-12T17:17:14","guid":{"rendered":"http:\/\/archiv.szolnoktv.hu\/?p=8751"},"modified":"2021-08-13T20:19:03","modified_gmt":"2021-08-13T20:19:03","slug":"6-tavaszi-mustra","status":"publish","type":"post","link":"http:\/\/archiv.szolnoktv.hu\/?p=8751","title":{"rendered":"6. Tavaszi Mustra"},"content":{"rendered":"<div class='booster-block booster-read-block'><\/div><p>\u00d6t \u00e9ve egy ugyan ilyen tavaszi, \u00e1prilis 11-ei napon nyitotta meg Szoboszlai Zsolt ki\u00e1ll\u00edt\u00f3term\u00e9t. A Szoboszlai Gal\u00e9ria ezt a napot \u00e9vr\u0151l \u00e9vre a Tavaszi Mustra c\u00edm\u0171 ki\u00e1ll\u00edt\u00e1s\u00e1val \u00fcnnepli. Id\u00e9n 6. alkalommal rendezt\u00e9k meg ezt az esem\u00e9nyt, melyen Szutorisz-Sz\u00fcgyi Csongor m\u00e9ltatta a k\u00e9peket, a gal\u00e9ri\u00e1t \u00e9s besz\u00e9lt Szoboszlai Zsolt m\u0171v\u00e9szetek ir\u00e1nti szeretet\u00e9r\u0151l. A t\u00e1rlat legszebb, legjobb alkot\u00e1sait, az \u00faj szerzem\u00e9nyeit \u00e9s t\u00f6rzsanyag\u00e1nak jav\u00e1t mutatja be az \u00e9rdekl\u0151d\u0151knek, sz\u00e1mos kiemelked\u0151 alkot\u00f3t\u00f3l. <\/p>\n<p>-Amit a gal\u00e9ria az el\u0151z\u0151 id\u0151szakban beszerzett, azok k\u00f6z\u00fcl a frisseket, illetve azokat \u00e1ll\u00edtjuk ki, amelyek \u00fagy nevezem, hogy a gal\u00e9ria alap k\u00edn\u00e1lathoz tartoz\u00f3 k\u00e9pek. Jellemz\u0151en ezek olajk\u00e9pek, de vannak k\u00f6z\u00f6tt\u00fck akvarellek, n\u00e9h\u00e1ny pasztell k\u00e9p is, illetve sz\u00e1mos grafika. Nagyon fontosnak tartom a grafik\u00e1kat, ann\u00e1l is ink\u00e1bb, mert a m\u00falt sz\u00e1zad egyik legnagyobb magyar grafikusa, R\u00e9kasi Csaba Szolnokon \u00e9lt \u00e9s alkotott \u00e9s h\u00e1listennek t\u0151le is van grafika itt a gal\u00e9ri\u00e1ban.&#8221; &#8211; mondta Szoboszlai Zsolt tulajdonos.<\/p>\n<p>A mustr\u00e1n k\u00f6r\u00fclbel\u00fcl 60 m\u0171alkot\u00e1st tekinthetnek meg a l\u00e1togat\u00f3k. Legink\u00e1bb a festm\u00e9nyek\u00e9 a f\u0151szerep, de a kisplasztik\u00e1kt\u00f3l a ker\u00e1mi\u00e1kon \u00e9s porcel\u00e1nokon \u00e1t, eg\u00e9szen az \u00e9kszerekig sz\u00e9les k\u00edn\u00e1latot vonultat fel a ki\u00e1ll\u00edt\u00e1s. A gal\u00e9ria teljes ter\u00fclet\u00e9n sorakoznak a Kossuth-\u00e9s Munk\u00e1csy-, valamint Barcsay d\u00edjas m\u0171v\u00e9szek alkot\u00e1sai.<\/p>\n<p>-Els\u0151sorban \u00e9s jellemz\u0151en magyar m\u0171v\u00e9szek, b\u00e1r van n\u00e9h\u00e1ny magyar, p\u00e9ld\u00e1ul francia szobr\u00e1szunk is, akit\u0151l van egy-k\u00e9t sz\u00e9p, t\u00f6bbek k\u00f6z\u00f6tt egy justritia szobor ki\u00e1ll\u00edtva. Jellemz\u0151en olyan magyar alkot\u00f3k, akik k\u00f6z\u00f6tt most \u00e9ppen t\u00f6bbs\u00e9gben van a m\u00falt sz\u00e1zadi, 20. sz\u00e1zadi szolnoki m\u0171v\u00e9szek, Z\u00e1dor Istv\u00e1nt\u00f3l Zombory Lajoson kereszt\u00fcl Vidovszky B\u00e9l\u00e1ig, hogy a r\u00e9gieket mondjam, vagy szint\u00e9n a r\u00e9gi m\u0171v\u00e9sztelep alap\u00edt\u00f3k k\u00f6z\u00fcl Kl\u00e9h J\u00e1nos nev\u00e9t eml\u00edten\u00e9m m\u00e9g meg.&#8221; &#8211; f\u0171zte hozz\u00e1 Szoboszlai Zsolt.<\/p>\n<p>A ki\u00e1ll\u00edtott alkot\u00e1sokat nem csak egyszeri alkalommal csod\u00e1lhatj\u00e1k meg az \u00e9rdekl\u0151d\u0151k, hiszen m\u00e1jus 18-ig v\u00e1rj\u00e1k a m\u0171v\u00e9szet ir\u00e1nt \u00e9rdekl\u0151d\u0151ket. <\/p>\n<div style=\"width: 640px;\" class=\"wp-video\"><!--[if lt IE 9]><script>document.createElement('video');<\/script><![endif]-->\n<video class=\"wp-video-shortcode\" id=\"video-8751-1\" width=\"640\" height=\"360\" preload=\"metadata\" controls=\"controls\"><source type=\"video\/mp4\" src=\"\/spots\/hir\/hir_180412_01.mp4?_=1\" \/><a href=\"\/spots\/hir\/hir_180412_01.mp4\">\/spots\/hir\/hir_180412_01.mp4<\/a><\/video><\/div>\n","protected":false},"excerpt":{"rendered":"<p>\u00d6t \u00e9ve egy ugyan ilyen tavaszi, \u00e1prilis 11-ei napon nyitotta meg Szoboszlai Zsolt ki\u00e1ll\u00edt\u00f3term\u00e9t. A Szoboszlai Gal\u00e9ria ezt a napot \u00e9vr\u0151l \u00e9vre a Tavaszi Mustra c\u00edm\u0171 ki\u00e1ll\u00edt\u00e1s\u00e1val \u00fcnnepli. Id\u00e9n 6. alkalommal rendezt\u00e9k meg ezt az esem\u00e9nyt, melyen Szutorisz-Sz\u00fcgyi Csongor m\u00e9ltatta a k\u00e9peket, a gal\u00e9ri\u00e1t \u00e9s besz\u00e9lt Szoboszlai Zsolt m\u0171v\u00e9szetek ir\u00e1nti szeretet\u00e9r\u0151l. A t\u00e1rlat legszebb, legjobb [&hellip;]<\/p>\n","protected":false},"author":2,"featured_media":0,"comment_status":"closed","ping_status":"closed","sticky":false,"template":"","format":"standard","meta":[],"categories":[9],"tags":[],"_links":{"self":[{"href":"http:\/\/archiv.szolnoktv.hu\/index.php?rest_route=\/wp\/v2\/posts\/8751"}],"collection":[{"href":"http:\/\/archiv.szolnoktv.hu\/index.php?rest_route=\/wp\/v2\/posts"}],"about":[{"href":"http:\/\/archiv.szolnoktv.hu\/index.php?rest_route=\/wp\/v2\/types\/post"}],"author":[{"embeddable":true,"href":"http:\/\/archiv.szolnoktv.hu\/index.php?rest_route=\/wp\/v2\/users\/2"}],"replies":[{"embeddable":true,"href":"http:\/\/archiv.szolnoktv.hu\/index.php?rest_route=%2Fwp%2Fv2%2Fcomments&post=8751"}],"version-history":[{"count":1,"href":"http:\/\/archiv.szolnoktv.hu\/index.php?rest_route=\/wp\/v2\/posts\/8751\/revisions"}],"predecessor-version":[{"id":8802,"href":"http:\/\/archiv.szolnoktv.hu\/index.php?rest_route=\/wp\/v2\/posts\/8751\/revisions\/8802"}],"wp:attachment":[{"href":"http:\/\/archiv.szolnoktv.hu\/index.php?rest_route=%2Fwp%2Fv2%2Fmedia&parent=8751"}],"wp:term":[{"taxonomy":"category","embeddable":true,"href":"http:\/\/archiv.szolnoktv.hu\/index.php?rest_route=%2Fwp%2Fv2%2Fcategories&post=8751"},{"taxonomy":"post_tag","embeddable":true,"href":"http:\/\/archiv.szolnoktv.hu\/index.php?rest_route=%2Fwp%2Fv2%2Ftags&post=8751"}],"curies":[{"name":"wp","href":"https:\/\/api.w.org\/{rel}","templated":true}]}}