{"id":8750,"date":"2018-04-11T18:06:25","date_gmt":"2018-04-11T18:06:25","guid":{"rendered":"http:\/\/archiv.szolnoktv.hu\/?p=8750"},"modified":"2021-08-13T20:19:03","modified_gmt":"2021-08-13T20:19:03","slug":"megavers-10-donto","status":"publish","type":"post","link":"http:\/\/archiv.szolnoktv.hu\/?p=8750","title":{"rendered":"Megavers 10- D\u00f6nt\u0151"},"content":{"rendered":"<div class='booster-block booster-read-block'><\/div><p>50 f\u0151s st\u00e1b, 5 kamera, 11 versenyz\u0151, 5 tag\u00fa zs\u0171ri-10. \u00c9vfordul\u00f3. Mindez a Szolnok Telev\u00edzi\u00f3 \u00e9s Aba-Nov\u00e1k Ag\u00f3ra Kultur\u00e1lis K\u00f6zpont k\u00f6z\u00f6s rendezv\u00e9nye a Megavers 10.  <br \/>A r\u00e9sztvev\u0151ket \u00e9s a k\u00f6z\u00f6ns\u00e9get Dr. K\u00e1llai M\u00e1ria korm\u00e1nymegb\u00edzott k\u00f6sz\u00f6nt\u00f6tte, aki eml\u00e9kezett az elm\u00falt 10 \u00e9vre is, \u00e9s kiemelte a megm\u00e9rettet\u00e9s orsz\u00e1gosan is \u00fatt\u00f6r\u0151, p\u00e9ldamutat\u00f3 szerep\u00e9t. <br \/>A d\u00f6nt\u0151re nagy izgalommal k\u00e9sz\u00fcltek a r\u00e9sztvev\u0151k. <br \/>T\u00f6bbeknek nem ismeretlen a terep, hiszen tavaly m\u00e1r megm\u00e9rettettek. Tverdota Hanna akkor  bronz\u00e9rmes lett. <\/p>\n<p>TVERDOTA HANNA ZS\u00d3FIA:<\/p>\n<p>-&#8220;Minden energi\u00e1t be kell vetni, hogy nagyon j\u00f3l el\u0151 tudja adni az ember a verset. A k\u00f6z\u00e9pd\u00f6nt\u0151 m\u00e1rciusban volt, att\u00f3l kezdve nagyon j\u00f3l felk\u00e9sz\u00fclt\u00fcnk. Most K\u00e1ny\u00e1di S\u00e1ndor Pantomim c\u00edm\u0171 verst\u00e9t fogom mondani. Ez egy el\u00e9gg\u00e9 elvont vers.&#8221;<\/p>\n<p>A zs\u0171ri egyenes \u00e1gon mind az 5 k\u00f6z\u00e9pd\u00f6nt\u0151b\u0151l juttatott tov\u00e1bb versenyz\u0151t, de a k\u00f6z\u00f6ns\u00e9g is szavazhatott kedvenceire. \u00cdgy jutott be Szirtes D\u00e1vid is.  <\/p>\n<p> SZIRTES D\u00c1VID ZSOLT: <\/p>\n<p>-&#8220;A d\u00f6nt\u0151re Babits Mih\u00e1ly esti k\u00e9rd\u00e9s c\u00edm\u0171 vers\u00e9t v\u00e1lasztottam. Ez egy filozofikus vers \u00e9s az\u00e9rt v\u00e1lasztottam, mert ez egy filozofikus vers \u00e9s az\u00e9rt v\u00e1lasztottam, hogy felkeltsem az emberek figyelm\u00e9t arra, hogy mi is ez a nagyvil\u00e1g \u00e9s, hogy figyeljenek a vil\u00e1gi dolgokra is. &#8211;<\/p>\n<p> A zs\u0171ri tagjai valamennyien verskedvel\u0151k, \u00edgy \u00f6r\u00f6mmel l\u00e1tt\u00e1k a sok fiatal tehets\u00e9get. <\/p>\n<p> Dr. Bal\u00e1tin\u00e9 Szilv\u00e1si D\u00f3ra zs\u0171ritag: <\/p>\n<p>-&#8220;Az idei mez\u0151ny is nagyon soksz\u00edn\u0171 , ahogyan az elm\u00falt p\u00e1r \u00e9vben is ezt tapasztalhattuk. N\u00e9z\u0151k\u00e9nt \u00e9s zs\u0171rik\u00e9nt is \u00f6r\u00fcl\u00fcnk ennek egy\u00e9bk\u00e9nt, mert fiatalok, szinte m\u00e9g gyermekek is vannak \u00e9s fiatal feln\u0151ttk\u00e9nt is tal\u00e1lkozhatunk vel\u00fck. A versv\u00e1laszt\u00e1suk is soksz\u00edn\u0171. B\u00e1trak, kedvesek, sz\u00e9pek. &#8211;<\/p>\n<p>Turczi Istv\u00e1nnal, Husz\u00e1rik Kat\u00e1val, Moln\u00e1r L\u00e1szl\u00f3val \u00e9s Kiss J\u00f3zseffel k\u00f6z\u00f6sen \u00e9rt\u00e9kelt\u00e9k a produkci\u00f3kat. <br \/>A Megavers 10 d\u00f6nt\u0151j\u00e9nek felv\u00e9tel\u00e9t \u00e1prilis 14-\u00e9n szombaton 20 30 perckor t\u0171zi m\u0171sorra a Szolnok Telev\u00edzi\u00f3. <\/p>\n<div style=\"width: 640px;\" class=\"wp-video\"><!--[if lt IE 9]><script>document.createElement('video');<\/script><![endif]-->\n<video class=\"wp-video-shortcode\" id=\"video-8750-1\" width=\"640\" height=\"360\" preload=\"metadata\" controls=\"controls\"><source type=\"video\/mp4\" src=\"\/spots\/hir\/hir_180411_06.mp4?_=1\" \/><a href=\"\/spots\/hir\/hir_180411_06.mp4\">\/spots\/hir\/hir_180411_06.mp4<\/a><\/video><\/div>\n","protected":false},"excerpt":{"rendered":"<p>50 f\u0151s st\u00e1b, 5 kamera, 11 versenyz\u0151, 5 tag\u00fa zs\u0171ri-10. \u00c9vfordul\u00f3. Mindez a Szolnok Telev\u00edzi\u00f3 \u00e9s Aba-Nov\u00e1k Ag\u00f3ra Kultur\u00e1lis K\u00f6zpont k\u00f6z\u00f6s rendezv\u00e9nye a Megavers 10. A r\u00e9sztvev\u0151ket \u00e9s a k\u00f6z\u00f6ns\u00e9get Dr. K\u00e1llai M\u00e1ria korm\u00e1nymegb\u00edzott k\u00f6sz\u00f6nt\u00f6tte, aki eml\u00e9kezett az elm\u00falt 10 \u00e9vre is, \u00e9s kiemelte a megm\u00e9rettet\u00e9s orsz\u00e1gosan is \u00fatt\u00f6r\u0151, p\u00e9ldamutat\u00f3 szerep\u00e9t. A d\u00f6nt\u0151re nagy izgalommal [&hellip;]<\/p>\n","protected":false},"author":2,"featured_media":0,"comment_status":"closed","ping_status":"closed","sticky":false,"template":"","format":"standard","meta":[],"categories":[9],"tags":[],"_links":{"self":[{"href":"http:\/\/archiv.szolnoktv.hu\/index.php?rest_route=\/wp\/v2\/posts\/8750"}],"collection":[{"href":"http:\/\/archiv.szolnoktv.hu\/index.php?rest_route=\/wp\/v2\/posts"}],"about":[{"href":"http:\/\/archiv.szolnoktv.hu\/index.php?rest_route=\/wp\/v2\/types\/post"}],"author":[{"embeddable":true,"href":"http:\/\/archiv.szolnoktv.hu\/index.php?rest_route=\/wp\/v2\/users\/2"}],"replies":[{"embeddable":true,"href":"http:\/\/archiv.szolnoktv.hu\/index.php?rest_route=%2Fwp%2Fv2%2Fcomments&post=8750"}],"version-history":[{"count":1,"href":"http:\/\/archiv.szolnoktv.hu\/index.php?rest_route=\/wp\/v2\/posts\/8750\/revisions"}],"predecessor-version":[{"id":8803,"href":"http:\/\/archiv.szolnoktv.hu\/index.php?rest_route=\/wp\/v2\/posts\/8750\/revisions\/8803"}],"wp:attachment":[{"href":"http:\/\/archiv.szolnoktv.hu\/index.php?rest_route=%2Fwp%2Fv2%2Fmedia&parent=8750"}],"wp:term":[{"taxonomy":"category","embeddable":true,"href":"http:\/\/archiv.szolnoktv.hu\/index.php?rest_route=%2Fwp%2Fv2%2Fcategories&post=8750"},{"taxonomy":"post_tag","embeddable":true,"href":"http:\/\/archiv.szolnoktv.hu\/index.php?rest_route=%2Fwp%2Fv2%2Ftags&post=8750"}],"curies":[{"name":"wp","href":"https:\/\/api.w.org\/{rel}","templated":true}]}}