{"id":8749,"date":"2018-04-11T17:58:27","date_gmt":"2018-04-11T17:58:27","guid":{"rendered":"http:\/\/archiv.szolnoktv.hu\/?p=8749"},"modified":"2021-08-13T20:19:03","modified_gmt":"2021-08-13T20:19:03","slug":"kolteszet-napja","status":"publish","type":"post","link":"http:\/\/archiv.szolnoktv.hu\/?p=8749","title":{"rendered":"K\u00f6lt\u00e9szet napja"},"content":{"rendered":"<div class='booster-block booster-read-block'><\/div><p>A Verseghy Ferenc K\u00f6nyvt\u00e1r ma a II. R\u00e1k\u00f3czi Ferenc \u00c1ltal\u00e1nos Iskola kisdi\u00e1kjait h\u00edvta interakt\u00edv \u00f3r\u00e1ra. <\/p>\n<p>-A gyermekeket nem csak az fogja meg, hogy verset olvasnak, hanem igaz\u00e1b\u00f3l az, hogy a versnek milyen \u00e9rtelmez\u00e9s\u00e9t tudnak maguk\u00e9v\u00e1 tenni \u00e9s ezt mindenk\u00e9ppen \u00fagy kell, hogy a gyerekek interakt\u00edv form\u00e1ban t\u00f6bbf\u00e9le m\u0171v\u00e9szeti \u00e1gat felhaszn\u00e1lva, illetve t\u00f6bbf\u00e9le tev\u00e9kenys\u00e9get haszn\u00e1lva ismerj\u00e9k meg a verset \u00e9s annak tartalm\u00e1t.&#8221;-nyilatkozta Balogn\u00e9 Szab\u00f3 Anita kommunik\u00e1ci\u00f3s \u00e9s marketing igazgat\u00f3helyettes.<\/p>\n<p>Az interakt\u00edv \u00f3ra c\u00e9lja, hogy a gyerekek irodalomelm\u00e9leti tud\u00e1st\u00e1ra b\u0151v\u00fclj\u00f6n. A j\u00e1t\u00e9kos \u00e9s t\u00e1rsas k\u00f6rnyezet megteremt\u00e9se a gyerekek sz\u00e1m\u00e1ra a sz\u00f6veg egyszer\u0171bb \u00e9rtelmez\u00e9s\u00e9t, befogad\u00e1s\u00e1t seg\u00edti. A csoportos foglalkoz\u00e1sokat a tan\u00e1r ir\u00e1ny\u00edtja k\u00f6zvetett vagy k\u00f6zvetlen m\u00f3don. A szerdai irodalom \u00f3r\u00e1t Munk\u00e1csin\u00e9 Szab\u00f3 Katalin gyermekk\u00f6nyvt\u00e1ros vezette:<\/p>\n<p>-Zen\u00e9vel kezdt\u00fcnk, amikor is mozoghatnak is a, ahogy egyre \u00fctemesebb zen\u00e9r\u0151l v\u00e1ltottunk \u00e1t a csendesebbre, megnyugodtak \u00e9s \u00e1t\u00e9lt\u00e9k, hogy a ringat\u00e1snak, az altat\u00e1snak mi a l\u00e9nyege&#8221;<\/p>\n<p>Ezt k\u00f6vet\u0151en a di\u00e1kok m\u00e1s n\u00e9pk\u00f6lt\u00e9szeti alkot\u00e1sokat olvastak fel egym\u00e1snak, majd v\u00e9g\u00fcl J\u00f3zsef Attila Altat\u00f3 c\u00edm\u0171 verse k\u00f6vetkezett. <\/p>\n<p>Az 1937-ben elhunyt k\u00f6lt\u0151  J\u00f3zsef Attila hal\u00e1l\u00e1nak 25. \u00e9vfordul\u00f3j\u00e1ra Pilinszky J\u00e1nos e sorokat \u00edrta: -Mikor meghalt, nem volt semmije. \u00c9s ma  &#8211;   k\u00f6lt\u0151k tudj\u00e1k csak igaz\u00e1n!  &#8211;   eg\u00e9sz vil\u00e1g a birtoka: f\u0171sz\u00e1lak \u00e9s csillagok, s\u0151t a sz\u00f3t\u00e1r egyes szavai, amiket b\u00fcntetlen\u00fcl senki t\u00f6bb\u00e9 el nem vehet t\u0151le.&#8221; .. 1964 \u00f3ta \u00e1prilis 11- \u00e9n \u00fcnnepelj\u00fck a Magyar K\u00f6lt\u00e9szet Napj\u00e1t.<\/p>\n<div style=\"width: 640px;\" class=\"wp-video\"><!--[if lt IE 9]><script>document.createElement('video');<\/script><![endif]-->\n<video class=\"wp-video-shortcode\" id=\"video-8749-1\" width=\"640\" height=\"360\" preload=\"metadata\" controls=\"controls\"><source type=\"video\/mp4\" src=\"\/spots\/hir\/hir_180411_05.mp4?_=1\" \/><a href=\"\/spots\/hir\/hir_180411_05.mp4\">\/spots\/hir\/hir_180411_05.mp4<\/a><\/video><\/div>\n","protected":false},"excerpt":{"rendered":"<p>A Verseghy Ferenc K\u00f6nyvt\u00e1r ma a II. R\u00e1k\u00f3czi Ferenc \u00c1ltal\u00e1nos Iskola kisdi\u00e1kjait h\u00edvta interakt\u00edv \u00f3r\u00e1ra. -A gyermekeket nem csak az fogja meg, hogy verset olvasnak, hanem igaz\u00e1b\u00f3l az, hogy a versnek milyen \u00e9rtelmez\u00e9s\u00e9t tudnak maguk\u00e9v\u00e1 tenni \u00e9s ezt mindenk\u00e9ppen \u00fagy kell, hogy a gyerekek interakt\u00edv form\u00e1ban t\u00f6bbf\u00e9le m\u0171v\u00e9szeti \u00e1gat felhaszn\u00e1lva, illetve t\u00f6bbf\u00e9le tev\u00e9kenys\u00e9get haszn\u00e1lva ismerj\u00e9k [&hellip;]<\/p>\n","protected":false},"author":2,"featured_media":0,"comment_status":"closed","ping_status":"closed","sticky":false,"template":"","format":"standard","meta":[],"categories":[9],"tags":[],"_links":{"self":[{"href":"http:\/\/archiv.szolnoktv.hu\/index.php?rest_route=\/wp\/v2\/posts\/8749"}],"collection":[{"href":"http:\/\/archiv.szolnoktv.hu\/index.php?rest_route=\/wp\/v2\/posts"}],"about":[{"href":"http:\/\/archiv.szolnoktv.hu\/index.php?rest_route=\/wp\/v2\/types\/post"}],"author":[{"embeddable":true,"href":"http:\/\/archiv.szolnoktv.hu\/index.php?rest_route=\/wp\/v2\/users\/2"}],"replies":[{"embeddable":true,"href":"http:\/\/archiv.szolnoktv.hu\/index.php?rest_route=%2Fwp%2Fv2%2Fcomments&post=8749"}],"version-history":[{"count":1,"href":"http:\/\/archiv.szolnoktv.hu\/index.php?rest_route=\/wp\/v2\/posts\/8749\/revisions"}],"predecessor-version":[{"id":8804,"href":"http:\/\/archiv.szolnoktv.hu\/index.php?rest_route=\/wp\/v2\/posts\/8749\/revisions\/8804"}],"wp:attachment":[{"href":"http:\/\/archiv.szolnoktv.hu\/index.php?rest_route=%2Fwp%2Fv2%2Fmedia&parent=8749"}],"wp:term":[{"taxonomy":"category","embeddable":true,"href":"http:\/\/archiv.szolnoktv.hu\/index.php?rest_route=%2Fwp%2Fv2%2Fcategories&post=8749"},{"taxonomy":"post_tag","embeddable":true,"href":"http:\/\/archiv.szolnoktv.hu\/index.php?rest_route=%2Fwp%2Fv2%2Ftags&post=8749"}],"curies":[{"name":"wp","href":"https:\/\/api.w.org\/{rel}","templated":true}]}}