{"id":8748,"date":"2018-04-11T16:36:02","date_gmt":"2018-04-11T16:36:02","guid":{"rendered":"http:\/\/archiv.szolnoktv.hu\/?p=8748"},"modified":"2021-08-13T20:19:03","modified_gmt":"2021-08-13T20:19:03","slug":"ezek-a-legnepszerubb-egyetemek-2018-ban","status":"publish","type":"post","link":"http:\/\/archiv.szolnoktv.hu\/?p=8748","title":{"rendered":"Ezek a legn\u00e9pszer\u0171bb egyetemek 2018-ban"},"content":{"rendered":"<div class='booster-block booster-read-block'><\/div><p>M\u00e1r az \u00e9retts\u00e9gikre k\u00e9sz\u00fclnek a v\u00e9gz\u0151s k\u00f6z\u00e9piskol\u00e1sok. A di\u00e1kok tov\u00e1bbtanul\u00e1si jelentkez\u00e9s\u00fcket febru\u00e1r 15-ig adhatt\u00e1k be. A Varga Katalin Gimn\u00e1zium 12-es tanul\u00f3i k\u00f6z\u00f6tt van aki a f\u0151v\u00e1rosban, de olyan is akad, aki vid\u00e9ki egyetemen k\u00e9pzeli el j\u00f6v\u0151j\u00e9t. Az orsz\u00e1gos statisztika alapj\u00e1n id\u00e9n 2000 f\u0151vel t\u00f6bben ny\u00fajtott\u00e1k be felv\u00e9teli adatlapjukat. <\/p>\n<p>-Hat helyet jel\u00f6ltem meg. N\u00e9gy helyen el\u0151sz\u00f6r az orvosi egyetemek Budapest, Szeged, Debrecen majd P\u00e9cs. Gy\u00f3gyszer\u00e9szetet jel\u00f6ltem m\u00e9g Pesten \u00e9s Szegeden.&#8221;- mes\u00e9lte Kamuti Harmat.<\/p>\n<p> -\u00c9n els\u0151 helyen az ELTE matek-angol tan\u00e1ri szakot jel\u00f6ltem meg. M\u00e1sodik helyen Debrecenben ugyanezt a szakot \u00e9s Szegeden is.&#8221;- tette hozz\u00e1 Nagy B\u00e9la.<\/p>\n<p>A rangsor fel\u00e1ll\u00edt\u00e1s\u00e1n\u00e1l minden tanul\u00f3nak m\u00e1s \u00e9rvei voltak. <\/p>\n<p>-\u00c9n a Szegedi Tudom\u00e1ny Egyetem \u00c1llam- \u00e9s Jogtudom\u00e1nyi Kar\u00e1t jel\u00f6ltem meg els\u0151 helyen, m\u00e9ghozz\u00e1 az\u00e9rt, mert az eg\u00e9sz csal\u00e1dom oda j\u00e1rt szinte \u00e9s a jog mint olyan nagyon \u00e9rdekel \u00e9s jog\u00e1sz szakara szeretn\u00e9k menni.&#8221;- mondta K\u00f3kai G\u00e1bor.<\/p>\n<p>-Elmentem a ny\u00edlt napjukra \u00e9s mikor bel\u00e9ptem az egyetemre egy olyan j\u00f3 \u00e9rz\u00e9s, l\u00e9gk\u00f6rk\u00f6rbe l\u00e9ptem be, ahol nagyon j\u00f3l \u00e9reztem magam \u00e9s az az \u00e9rz\u00e9s fogott el, hogy \u00e9n ide akarok j\u00e1rni.&#8221;- mes\u00e9lte Horv\u00e1th Kata Vir\u00e1g.<\/p>\n<p>Tavaly a legn\u00e9pszer\u0171bb fels\u0151oktat\u00e1si int\u00e9zm\u00e9ny az ELTE lett, \u0151t k\u00f6vette a Debreceni Egyetem \u00e9s Szegedi Tudom\u00e1nyegyetem. A lista id\u00e9n sem v\u00e1ltozott. A budapesti int\u00e9zm\u00e9nyt t\u00f6bb mint 24.000 ezren jel\u00f6lt\u00e9k meg. Debrecen mellett k\u00f6zel 15.200 felv\u00e9teliz\u0151 voksolt, Szegedre pedig t\u00f6bb mint 13.700-an jelentkeztek. Az \u00e9rdekl\u0151d\u00e9s m\u00e1s vid\u00e9ki int\u00e9zm\u00e9nyek szeptemberben indul\u00f3 alap \u00e9s mesterk\u00e9pz\u00e9sei ir\u00e1nt is megn\u0151tt. A szolnoki Gazd\u00e1lkod\u00e1si Karra jelentkez\u0151k sz\u00e1ma 150 f\u0151vel emelkedett. <\/p>\n<p> -A mi gazd\u00e1lkod\u00e1si karunkra 1380-an adt\u00e1k be a pap\u00edrjukat, ebb\u0151l 343 f\u0151 els\u0151 helyes jelentkez\u0151, ami a tavalyihoz k\u00e9pest egy minim\u00e1lis n\u00f6veked\u00e9st jelent. A n\u00f6veked\u00e9s a levelez\u0151 tagozaton \u00e9rz\u00e9kelhet\u0151, mert az \u00f6sszes jelentkez\u0151k sz\u00e1ma 661 volt. Tavaly pedig 492.&#8221;- mondta Dr. Lakatos Vilmos a Neumann J\u00e1nos Egyetem Gazd\u00e1lkod\u00e1si Kar\u00e1nak d\u00e9k\u00e1nja.<\/p>\n<p>A felv\u00e9teliz\u0151k j\u00falius 25-\u00e9n este 8 \u00f3rakor tudj\u00e1k meg, hogy melyik fels\u0151oktat\u00e1si int\u00e9zm\u00e9ny k\u00e9pz\u00e9s\u00e9re gy\u0171jt\u00f6ttek elegend\u0151 pontot. Az Oktat\u00e1si Hivatal a jelentkez\u0151ket elektronikus lev\u00e9lben \u00e9rtes\u00edti.<\/p>\n<div style=\"width: 640px;\" class=\"wp-video\"><!--[if lt IE 9]><script>document.createElement('video');<\/script><![endif]-->\n<video class=\"wp-video-shortcode\" id=\"video-8748-1\" width=\"640\" height=\"360\" preload=\"metadata\" controls=\"controls\"><source type=\"video\/mp4\" src=\"\/spots\/hir\/hir_180411_04.mp4?_=1\" \/><a href=\"\/spots\/hir\/hir_180411_04.mp4\">\/spots\/hir\/hir_180411_04.mp4<\/a><\/video><\/div>\n","protected":false},"excerpt":{"rendered":"<p>M\u00e1r az \u00e9retts\u00e9gikre k\u00e9sz\u00fclnek a v\u00e9gz\u0151s k\u00f6z\u00e9piskol\u00e1sok. A di\u00e1kok tov\u00e1bbtanul\u00e1si jelentkez\u00e9s\u00fcket febru\u00e1r 15-ig adhatt\u00e1k be. A Varga Katalin Gimn\u00e1zium 12-es tanul\u00f3i k\u00f6z\u00f6tt van aki a f\u0151v\u00e1rosban, de olyan is akad, aki vid\u00e9ki egyetemen k\u00e9pzeli el j\u00f6v\u0151j\u00e9t. Az orsz\u00e1gos statisztika alapj\u00e1n id\u00e9n 2000 f\u0151vel t\u00f6bben ny\u00fajtott\u00e1k be felv\u00e9teli adatlapjukat. -Hat helyet jel\u00f6ltem meg. N\u00e9gy helyen el\u0151sz\u00f6r [&hellip;]<\/p>\n","protected":false},"author":2,"featured_media":0,"comment_status":"closed","ping_status":"closed","sticky":false,"template":"","format":"standard","meta":[],"categories":[9],"tags":[],"_links":{"self":[{"href":"http:\/\/archiv.szolnoktv.hu\/index.php?rest_route=\/wp\/v2\/posts\/8748"}],"collection":[{"href":"http:\/\/archiv.szolnoktv.hu\/index.php?rest_route=\/wp\/v2\/posts"}],"about":[{"href":"http:\/\/archiv.szolnoktv.hu\/index.php?rest_route=\/wp\/v2\/types\/post"}],"author":[{"embeddable":true,"href":"http:\/\/archiv.szolnoktv.hu\/index.php?rest_route=\/wp\/v2\/users\/2"}],"replies":[{"embeddable":true,"href":"http:\/\/archiv.szolnoktv.hu\/index.php?rest_route=%2Fwp%2Fv2%2Fcomments&post=8748"}],"version-history":[{"count":1,"href":"http:\/\/archiv.szolnoktv.hu\/index.php?rest_route=\/wp\/v2\/posts\/8748\/revisions"}],"predecessor-version":[{"id":8805,"href":"http:\/\/archiv.szolnoktv.hu\/index.php?rest_route=\/wp\/v2\/posts\/8748\/revisions\/8805"}],"wp:attachment":[{"href":"http:\/\/archiv.szolnoktv.hu\/index.php?rest_route=%2Fwp%2Fv2%2Fmedia&parent=8748"}],"wp:term":[{"taxonomy":"category","embeddable":true,"href":"http:\/\/archiv.szolnoktv.hu\/index.php?rest_route=%2Fwp%2Fv2%2Fcategories&post=8748"},{"taxonomy":"post_tag","embeddable":true,"href":"http:\/\/archiv.szolnoktv.hu\/index.php?rest_route=%2Fwp%2Fv2%2Ftags&post=8748"}],"curies":[{"name":"wp","href":"https:\/\/api.w.org\/{rel}","templated":true}]}}