{"id":8747,"date":"2018-04-11T15:58:48","date_gmt":"2018-04-11T15:58:48","guid":{"rendered":"http:\/\/archiv.szolnoktv.hu\/?p=8747"},"modified":"2021-08-13T20:19:03","modified_gmt":"2021-08-13T20:19:03","slug":"gumicsere-domping","status":"publish","type":"post","link":"http:\/\/archiv.szolnoktv.hu\/?p=8747","title":{"rendered":"Gumicsere d\u00f6mping"},"content":{"rendered":"<div class='booster-block booster-read-block'><\/div><p>Sorban \u00e1llnak az aut\u00f3k az egyik szolnoki gumis el\u0151tt. Es\u00e9lye sincs azoknak akik id\u0151pont egyeztet\u00e9s n\u00e9lk\u00fcl pr\u00f3b\u00e1lnak gumit cser\u00e9ltetni. A d\u00f6mping k\u00e9t hete indult.<\/p>\n<p>&#8220;\u00c1ltal\u00e1ban akkor szoktam amikor ugye a h\u0151m\u00e9rs\u00e9klet \u00edgy az id\u0151j\u00e1r\u00e1s el\u0151rejelz\u00e9sek szerint \u00fagy az \u00e1tlag 15- 20 fok k\u00f6z\u00e9 esik megel\u0151zve tal\u00e1n m\u00e9g az igazi kamp\u00e1nyt, mert ugye akkor \u00e1ltal\u00e1ban sor \u00e1ll\u00e1s van.&#8221;- mondja az egyik v\u00e1rakoz\u00f3 Modla S\u00e1ndor.<\/p>\n<p>Reggelt\u0151l estig tart a m\u0171szak szinte pihen\u0151 n\u00e9lk\u00fcl. P\u00e9li Henrik gumiszerel\u0151 szerint az aut\u00f3sok egyre ink\u00e1bb adnak a biztons\u00e1gra.<\/p>\n<p>&#8220;Egyre jobb- azt kell, hogy mondjam, mert l\u00e1tszik, hogy t\u00f6bbet k\u00f6ltenek az emberek gumiabroncsokra mint r\u00e9gen.&#8221;<\/p>\n<p>Pedig r\u00e9gen is futottak aut\u00f3k sz\u00e9p sz\u00e1mmal&#8230; csak \u00e9ppen m\u00e1sok voltak a szok\u00e1sok. Egyeki Mih\u00e1ly a sorra ker\u00fcl\u0151 k\u00f6vetkez\u0151 aut\u00f3s:<\/p>\n<p>&#8220;R\u00e9gen m\u00e9g amikor Lad\u00e1k voltak akkor egy gumival j\u00e1rtunk t\u00e9len- ny\u00e1ron, de mi\u00f3ta bej\u00f6tt a divatba az\u00f3ta mindig \u00e9n is t\u00e9li- ny\u00e1ri gumit haszn\u00e1lok.&#8221;<\/p>\n<p>A gumisokn\u00e1l az \u00e1prilis a &#8220;leger\u0151sebb&#8221; h\u00f3nap. Az \u00e1ltalunk felkeresett m\u0171helyben nem emeltek az \u00e1rakon \u00e9vek \u00f3ta, hiszen a haszon- eln\u00e9zve a forgalmat- \u00edgy is b\u0151ven kitermelhet\u0151.<\/p>\n<div style=\"width: 640px;\" class=\"wp-video\"><!--[if lt IE 9]><script>document.createElement('video');<\/script><![endif]-->\n<video class=\"wp-video-shortcode\" id=\"video-8747-1\" width=\"640\" height=\"360\" preload=\"metadata\" controls=\"controls\"><source type=\"video\/mp4\" src=\"\/spots\/hir\/hir_180411_02.mp4?_=1\" \/><a href=\"\/spots\/hir\/hir_180411_02.mp4\">\/spots\/hir\/hir_180411_02.mp4<\/a><\/video><\/div>\n","protected":false},"excerpt":{"rendered":"<p>Sorban \u00e1llnak az aut\u00f3k az egyik szolnoki gumis el\u0151tt. Es\u00e9lye sincs azoknak akik id\u0151pont egyeztet\u00e9s n\u00e9lk\u00fcl pr\u00f3b\u00e1lnak gumit cser\u00e9ltetni. A d\u00f6mping k\u00e9t hete indult. &#8220;\u00c1ltal\u00e1ban akkor szoktam amikor ugye a h\u0151m\u00e9rs\u00e9klet \u00edgy az id\u0151j\u00e1r\u00e1s el\u0151rejelz\u00e9sek szerint \u00fagy az \u00e1tlag 15- 20 fok k\u00f6z\u00e9 esik megel\u0151zve tal\u00e1n m\u00e9g az igazi kamp\u00e1nyt, mert ugye akkor \u00e1ltal\u00e1ban sor [&hellip;]<\/p>\n","protected":false},"author":2,"featured_media":0,"comment_status":"closed","ping_status":"closed","sticky":false,"template":"","format":"standard","meta":[],"categories":[9],"tags":[],"_links":{"self":[{"href":"http:\/\/archiv.szolnoktv.hu\/index.php?rest_route=\/wp\/v2\/posts\/8747"}],"collection":[{"href":"http:\/\/archiv.szolnoktv.hu\/index.php?rest_route=\/wp\/v2\/posts"}],"about":[{"href":"http:\/\/archiv.szolnoktv.hu\/index.php?rest_route=\/wp\/v2\/types\/post"}],"author":[{"embeddable":true,"href":"http:\/\/archiv.szolnoktv.hu\/index.php?rest_route=\/wp\/v2\/users\/2"}],"replies":[{"embeddable":true,"href":"http:\/\/archiv.szolnoktv.hu\/index.php?rest_route=%2Fwp%2Fv2%2Fcomments&post=8747"}],"version-history":[{"count":1,"href":"http:\/\/archiv.szolnoktv.hu\/index.php?rest_route=\/wp\/v2\/posts\/8747\/revisions"}],"predecessor-version":[{"id":8806,"href":"http:\/\/archiv.szolnoktv.hu\/index.php?rest_route=\/wp\/v2\/posts\/8747\/revisions\/8806"}],"wp:attachment":[{"href":"http:\/\/archiv.szolnoktv.hu\/index.php?rest_route=%2Fwp%2Fv2%2Fmedia&parent=8747"}],"wp:term":[{"taxonomy":"category","embeddable":true,"href":"http:\/\/archiv.szolnoktv.hu\/index.php?rest_route=%2Fwp%2Fv2%2Fcategories&post=8747"},{"taxonomy":"post_tag","embeddable":true,"href":"http:\/\/archiv.szolnoktv.hu\/index.php?rest_route=%2Fwp%2Fv2%2Ftags&post=8747"}],"curies":[{"name":"wp","href":"https:\/\/api.w.org\/{rel}","templated":true}]}}