{"id":8716,"date":"2018-04-11T15:03:46","date_gmt":"2018-04-11T15:03:46","guid":{"rendered":"http:\/\/archiv.szolnoktv.hu\/?p=8716"},"modified":"2021-08-13T20:12:52","modified_gmt":"2021-08-13T20:12:52","slug":"szolnokon-jart-ulyana-bogdanska-bolgar-nagykovet","status":"publish","type":"post","link":"http:\/\/archiv.szolnoktv.hu\/?p=8716","title":{"rendered":"Szolnokon j\u00e1rt Ulyana Bogdanska bolg\u00e1r nagyk\u00f6vet"},"content":{"rendered":"<div class='booster-block booster-read-block'><\/div><p>Bulg\u00e1ria nevezetess\u00e9geit, kult\u00far\u00e1j\u00e1t, illetve gasztron\u00f3mi\u00e1j\u00e1t f\u00e9nyk\u00e9pek, a f\u00e9l\u00e9vig tart\u00f3 uni\u00f3s soros eln\u00f6ks\u00e9gi tiszts\u00e9g programj\u00e1t viszont az orsz\u00e1g nagyk\u00f6vete mutatta be a Verseghy Ferenc K\u00f6nyvt\u00e1rban. Az el\u0151ad\u00e1sra k\u00f6z\u00e9piskol\u00e1sok is k\u00edv\u00e1ncsiak voltak. A 9. oszt\u00e1lyos di\u00e1kok az Eur\u00f3pai Uni\u00f3 megalakul\u00e1s\u00e1r\u00f3l \u00e9s tag\u00e1llamair\u00f3l m\u00e1r tanultak, azonban az uni\u00f3s tan\u00e1cs eln\u00f6ks\u00e9g\u00e9nek feladatk\u00f6reit eddig nem ismert\u00e9k.<\/p>\n<p>-R\u00e9szt vett\u00fcnk a Magyar Eur\u00f3pa Parlament \u00fcl\u00e9sein \u00e9s emiatt j\u00f6tt\u00fcnk el.&#8221;-mes\u00e9lte Havodz\u00e1k Orsolya.<\/p>\n<p>-\u00c9n f\u0151leg az Uni\u00f3 miatt, \u00e9rdekel Magyarorsz\u00e1g \u00e9s Bulg\u00e1ria k\u00f6zti kapcsolat.&#8221;- tette hozz\u00e1 Carvalho Szabina.<\/p>\n<p>A z Eur\u00f3pai Tan\u00e1cs eln\u00f6ks\u00e9gi tiszt\u00e9t minden \u00e9vben 3 tag\u00e1llam t\u00f6lti be. A jelenlegi tri\u00f3t \u00c9sztorsz\u00e1g, Bulg\u00e1ria \u00e9s Ausztria alkotja. A f\u00e9l\u00e9vre sz\u00f3l\u00f3 id\u0151szak alatt az \u00fcl\u00e9seket a soros eln\u00f6k vezeti. Bulg\u00e1ria a posztot janu\u00e1r 1-t\u0151l j\u00fanius 30-ig t\u00f6lti be. Az orsz\u00e1g 6 h\u00f3napon kereszt\u00fcl Eur\u00f3pa \u00e9s a fiatalok j\u00f6v\u0151je, a Nyugat-Balk\u00e1n, biztons\u00e1g \u00e9s stabilit\u00e1s, valamint a digit\u00e1lis gazdas\u00e1g t\u00e9mak\u00f6r\u00f6k mellett a szomsz\u00e9dos orsz\u00e1gokkal, \u00edgy Magyarorsz\u00e1ggal val\u00f3 kapcsolat\u00e1ra is nagy hangs\u00falyt fektet.<\/p>\n<p>-Nagyon intenz\u00edvek a kapcsolataink bel\u00fcgyminiszt\u00e9riumi \u00e9s honv\u00e9delmi szinten, hiszen a hat\u00e1rokat meg kell v\u00e9deni, teh\u00e1t a hat\u00e1rv\u00e9delem kapcs\u00e1n a k\u00e9t bel\u00fcgyminiszt\u00e9rium szoros kapcsolatban \u00e1ll. A m\u00e1sodik kapcsol\u00f3d\u00e1si pont, hogy Bulg\u00e1ria nagyon intenz\u00edven t\u00e1mogatja a V4-es orsz\u00e1gokat \u00e9s t\u00e9mak\u00f6rt. Ez szorosan kapcsol\u00f3dik a soros eln\u00f6ks\u00e9gi tiszt bet\u00f6lt\u00e9s\u00e9hez.&#8221;- Ulyana Bogdanska bolg\u00e1r nagyk\u00f6vet.<\/p>\n<p>A nagyk\u00f6vet Bulg\u00e1ria programj\u00e1t m\u00e9g csak a Budapest egyetemein mutatta be. Szolnokra a rendhagy\u00f3 program a polg\u00e1rmesteri hivatal, a Europe Direct, illetve a Eur\u00f3pa Partner F\u00f3rum szervez\u00e9s\u00e9ben \u00e9rkezett.<br \/>\n<br \/>\n<div style=\"width: 640px;\" class=\"wp-video\"><!--[if lt IE 9]><script>document.createElement('video');<\/script><![endif]-->\n<video class=\"wp-video-shortcode\" id=\"video-8716-1\" width=\"640\" height=\"360\" preload=\"metadata\" controls=\"controls\"><source type=\"video\/mp4\" src=\"\/spots\/hir\/hir_180411_01.mp4?_=1\" \/><a href=\"\/spots\/hir\/hir_180411_01.mp4\">\/spots\/hir\/hir_180411_01.mp4<\/a><\/video><\/div><\/p>\n","protected":false},"excerpt":{"rendered":"<p>Bulg\u00e1ria nevezetess\u00e9geit, kult\u00far\u00e1j\u00e1t, illetve gasztron\u00f3mi\u00e1j\u00e1t f\u00e9nyk\u00e9pek, a f\u00e9l\u00e9vig tart\u00f3 uni\u00f3s soros eln\u00f6ks\u00e9gi tiszts\u00e9g programj\u00e1t viszont az orsz\u00e1g nagyk\u00f6vete mutatta be a Verseghy Ferenc K\u00f6nyvt\u00e1rban. Az el\u0151ad\u00e1sra k\u00f6z\u00e9piskol\u00e1sok is k\u00edv\u00e1ncsiak voltak. A 9. oszt\u00e1lyos di\u00e1kok az Eur\u00f3pai Uni\u00f3 megalakul\u00e1s\u00e1r\u00f3l \u00e9s tag\u00e1llamair\u00f3l m\u00e1r tanultak, azonban az uni\u00f3s tan\u00e1cs eln\u00f6ks\u00e9g\u00e9nek feladatk\u00f6reit eddig nem ismert\u00e9k. -R\u00e9szt vett\u00fcnk a Magyar [&hellip;]<\/p>\n","protected":false},"author":2,"featured_media":0,"comment_status":"closed","ping_status":"closed","sticky":false,"template":"","format":"standard","meta":[],"categories":[9],"tags":[],"_links":{"self":[{"href":"http:\/\/archiv.szolnoktv.hu\/index.php?rest_route=\/wp\/v2\/posts\/8716"}],"collection":[{"href":"http:\/\/archiv.szolnoktv.hu\/index.php?rest_route=\/wp\/v2\/posts"}],"about":[{"href":"http:\/\/archiv.szolnoktv.hu\/index.php?rest_route=\/wp\/v2\/types\/post"}],"author":[{"embeddable":true,"href":"http:\/\/archiv.szolnoktv.hu\/index.php?rest_route=\/wp\/v2\/users\/2"}],"replies":[{"embeddable":true,"href":"http:\/\/archiv.szolnoktv.hu\/index.php?rest_route=%2Fwp%2Fv2%2Fcomments&post=8716"}],"version-history":[{"count":1,"href":"http:\/\/archiv.szolnoktv.hu\/index.php?rest_route=\/wp\/v2\/posts\/8716\/revisions"}],"predecessor-version":[{"id":8717,"href":"http:\/\/archiv.szolnoktv.hu\/index.php?rest_route=\/wp\/v2\/posts\/8716\/revisions\/8717"}],"wp:attachment":[{"href":"http:\/\/archiv.szolnoktv.hu\/index.php?rest_route=%2Fwp%2Fv2%2Fmedia&parent=8716"}],"wp:term":[{"taxonomy":"category","embeddable":true,"href":"http:\/\/archiv.szolnoktv.hu\/index.php?rest_route=%2Fwp%2Fv2%2Fcategories&post=8716"},{"taxonomy":"post_tag","embeddable":true,"href":"http:\/\/archiv.szolnoktv.hu\/index.php?rest_route=%2Fwp%2Fv2%2Ftags&post=8716"}],"curies":[{"name":"wp","href":"https:\/\/api.w.org\/{rel}","templated":true}]}}