{"id":8715,"date":"2018-04-11T15:01:37","date_gmt":"2018-04-11T15:01:37","guid":{"rendered":"http:\/\/archiv.szolnoktv.hu\/?p=8715"},"modified":"2021-08-13T20:12:52","modified_gmt":"2021-08-13T20:12:52","slug":"teli-fagykar-miatt-aprilis-15-ig-igenyelhetnek-tamogatast-a-gazdak","status":"publish","type":"post","link":"http:\/\/archiv.szolnoktv.hu\/?p=8715","title":{"rendered":"T\u00e9li fagyk\u00e1r miatt \u00e1prilis 15-ig ig\u00e9nyelhetnek t\u00e1mogat\u00e1st a gazd\u00e1k"},"content":{"rendered":"<div class='booster-block booster-read-block'><\/div><p>M\u00e1r csak n\u00e9gy napjuk van beadni a k\u00e1renyh\u00edt\u00e9si ig\u00e9ny\u00fcket azoknak a gazd\u00e1knak, akiknek a n\u00f6v\u00e9nyei az idei t\u00e9len fagyk\u00e1rt szenvedtek. A t\u00e9li fagyk\u00e1r a m\u00e9ly nyugalomban l\u00e9v\u0151 n\u00f6v\u00e9nyek, a t\u00f6bbi k\u00f6z\u00f6tt a sz\u00e1nt\u00f3f\u00f6ldi gabonan\u00f6v\u00e9nyek, a gy\u00fcm\u00f6lcsf\u00e1k, a bogy\u00f3s n\u00f6v\u00e9nyek \u00e9s a sz\u0151l\u0151 k\u00e1rosod\u00e1s\u00e1t jelenti a megszokottn\u00e1l hidegebb id\u0151j\u00e1r\u00e1s eset\u00e9n. <\/p>\n<p>-A bejelent\u00e9st kiz\u00e1r\u00f3lag elektronikus \u00faton tehetik meg az \u00e1llamkincst\u00e1r honlapj\u00e1n van erre egy fel\u00fclet, a k\u00e1rbejelent\u0151 fel\u00fclet, ahol \u00e9rtelemszer\u0171en kit\u00f6ltve a bejelent\u0151lapot megtehetik a k\u00e1rbejelent\u00e9st az \u00e9rintettek.&#8221;  &#8211; mondta Holl\u00f3 L\u00e1szl\u00f3 agr\u00e1r\u00fcgyi f\u0151oszt\u00e1lyvezet\u0151<\/p>\n<p>A bejelent\u00e9st k\u00f6vet\u0151en a megyei korm\u00e1nyhivatal munkat\u00e1rsai a helysz\u00ednen ellen\u0151rzik \u00e9s vizsg\u00e1lj\u00e1k meg a termel\u0151 vesztes\u00e9g\u00e9nek nagys\u00e1g\u00e1t. A felm\u00e9r\u00e9s sor\u00e1n a szakemberek igyekeznek megbecs\u00fclni a k\u00e1r m\u00e9rt\u00e9k\u00e9t. <\/p>\n<p>Holl\u00f3 L\u00e1szl\u00f3 al\u00e1h\u00fazta &#8211; -A term\u00e9shozam 30 sz\u00e1zal\u00e9k\u00e1t, vagy a v\u00e1rhat\u00f3 term\u00e9shozam 30 sz\u00e1zal\u00e9kot meg kell, hogy haladja, azonban ez a bejelent\u00e9s, illetve ez a helysz\u00edni szemle m\u00e9g a k\u00e1r\u00f6sszegre, vagy hogy k\u00e1renyh\u00edt\u00e9s egy\u00e1ltal\u00e1n j\u00e1r-e a gazd\u00e1nak, ez m\u00e9g itt most nem d\u0151l el.&#8221; <\/p>\n<p>A k\u00e1renyh\u00edt\u00e9s \u00f6sszeg\u00e9t a mostanit\u00f3l f\u00fcggetlen, \u0151szi elj\u00e1r\u00e1sban hat\u00e1rozz\u00e1k majd meg. Az eddigi adatok azt mutatj\u00e1k, hogy JNSZ megy\u00e9ben az idei t\u00e9len nem t\u00f6rt\u00e9nt fagyk\u00e1r, vagy pedig a hivatal ir\u00e1ny\u00e1ba eddig azt nem jelezt\u00e9k a termel\u0151k. <\/p>\n<div style=\"width: 640px;\" class=\"wp-video\"><!--[if lt IE 9]><script>document.createElement('video');<\/script><![endif]-->\n<video class=\"wp-video-shortcode\" id=\"video-8715-1\" width=\"640\" height=\"360\" preload=\"metadata\" controls=\"controls\"><source type=\"video\/mp4\" src=\"\/spots\/hir\/hir_180411_03.mp4?_=1\" \/><a href=\"\/spots\/hir\/hir_180411_03.mp4\">\/spots\/hir\/hir_180411_03.mp4<\/a><\/video><\/div>\n","protected":false},"excerpt":{"rendered":"<p>M\u00e1r csak n\u00e9gy napjuk van beadni a k\u00e1renyh\u00edt\u00e9si ig\u00e9ny\u00fcket azoknak a gazd\u00e1knak, akiknek a n\u00f6v\u00e9nyei az idei t\u00e9len fagyk\u00e1rt szenvedtek. A t\u00e9li fagyk\u00e1r a m\u00e9ly nyugalomban l\u00e9v\u0151 n\u00f6v\u00e9nyek, a t\u00f6bbi k\u00f6z\u00f6tt a sz\u00e1nt\u00f3f\u00f6ldi gabonan\u00f6v\u00e9nyek, a gy\u00fcm\u00f6lcsf\u00e1k, a bogy\u00f3s n\u00f6v\u00e9nyek \u00e9s a sz\u0151l\u0151 k\u00e1rosod\u00e1s\u00e1t jelenti a megszokottn\u00e1l hidegebb id\u0151j\u00e1r\u00e1s eset\u00e9n. -A bejelent\u00e9st kiz\u00e1r\u00f3lag elektronikus \u00faton tehetik [&hellip;]<\/p>\n","protected":false},"author":2,"featured_media":0,"comment_status":"closed","ping_status":"closed","sticky":false,"template":"","format":"standard","meta":[],"categories":[9],"tags":[],"_links":{"self":[{"href":"http:\/\/archiv.szolnoktv.hu\/index.php?rest_route=\/wp\/v2\/posts\/8715"}],"collection":[{"href":"http:\/\/archiv.szolnoktv.hu\/index.php?rest_route=\/wp\/v2\/posts"}],"about":[{"href":"http:\/\/archiv.szolnoktv.hu\/index.php?rest_route=\/wp\/v2\/types\/post"}],"author":[{"embeddable":true,"href":"http:\/\/archiv.szolnoktv.hu\/index.php?rest_route=\/wp\/v2\/users\/2"}],"replies":[{"embeddable":true,"href":"http:\/\/archiv.szolnoktv.hu\/index.php?rest_route=%2Fwp%2Fv2%2Fcomments&post=8715"}],"version-history":[{"count":1,"href":"http:\/\/archiv.szolnoktv.hu\/index.php?rest_route=\/wp\/v2\/posts\/8715\/revisions"}],"predecessor-version":[{"id":8718,"href":"http:\/\/archiv.szolnoktv.hu\/index.php?rest_route=\/wp\/v2\/posts\/8715\/revisions\/8718"}],"wp:attachment":[{"href":"http:\/\/archiv.szolnoktv.hu\/index.php?rest_route=%2Fwp%2Fv2%2Fmedia&parent=8715"}],"wp:term":[{"taxonomy":"category","embeddable":true,"href":"http:\/\/archiv.szolnoktv.hu\/index.php?rest_route=%2Fwp%2Fv2%2Fcategories&post=8715"},{"taxonomy":"post_tag","embeddable":true,"href":"http:\/\/archiv.szolnoktv.hu\/index.php?rest_route=%2Fwp%2Fv2%2Ftags&post=8715"}],"curies":[{"name":"wp","href":"https:\/\/api.w.org\/{rel}","templated":true}]}}