{"id":8714,"date":"2018-04-10T17:24:41","date_gmt":"2018-04-10T17:24:41","guid":{"rendered":"http:\/\/archiv.szolnoktv.hu\/?p=8714"},"modified":"2021-08-13T20:12:52","modified_gmt":"2021-08-13T20:12:52","slug":"uj-elnok-vezeti-a-magyar-repulok-bajtarsi-egyesuletet","status":"publish","type":"post","link":"http:\/\/archiv.szolnoktv.hu\/?p=8714","title":{"rendered":"\u00daj eln\u00f6k vezeti a Magyar Rep\u00fcl\u0151k Bajt\u00e1rsi Egyes\u00fcletet"},"content":{"rendered":"<div class='booster-block booster-read-block'><\/div><p>2017 v\u00e1ltoz\u00e1st hozott az egyes\u00fclet \u00e9let\u00e9ben. A szervezet \u00e9l\u00e9re \u00faj eln\u00f6k\u00f6t v\u00e1lasztottak Guly\u00e1s Istv\u00e1n szem\u00e9ly\u00e9ben, akinek els\u0151dleges feladata az egyes\u00fclet \u00e1llom\u00e1ny\u00e1nak b\u0151v\u00edt\u00e9se, fiatal\u00edt\u00e1sa volt. Az ut\u00f3bbit akt\u00edv katon\u00e1k bevon\u00e1s\u00e1val \u00e9rt\u00e9k el.<\/p>\n<p>-Most jelen pillanatban 83 f\u0151 az akt\u00edv tagunk sz\u00e1ma, szavazati joggal rendelkezik. Ez a tavalyi \u00e9vben 62 f\u0151 volt, teh\u00e1t durv\u00e1n 30 sz\u00e1zal\u00e9kos emelked\u00e9st siker\u00fclt el\u00e9rn\u00fcnk. Jelen pillanatban 57 \u00e9v az \u00e1tlag \u00e9letkorunk.&#8221; &#8211; mondta Guly\u00e1s Istv\u00e1n a Magyar Rep\u00fcl\u0151k Bajt\u00e1rsi Egyes\u00fclet\u00e9nek eln\u00f6ke.<\/p>\n<p>Az egyes\u00fcleti tagok t\u00f6bbs\u00e9g\u00e9ben nyug\u00e1llom\u00e1ny\u00fa katonatisztek, akik \u00edgy vagy \u00fagy, de k\u00f6t\u0151dnek a rep\u00fcl\u00e9shez. A megn\u00f6vekedett tagl\u00e9tsz\u00e1m \u00e9s feladatok miatt a gy\u0171l\u00e9sen \u00faj tiszts\u00e9gvisel\u0151ket v\u00e1lasztottak. <\/p>\n<p>-Igaz\u00e1b\u00f3l ez egy t\u00e1rsadalmi szervezet, teh\u00e1t nem vesz\u00fcnk fel p\u00e9nzt, mindenkinek megvan a maga munk\u00e1ja a civil \u00e9letben. \u00c9s igaz\u00e1b\u00f3l nem tudom egymagam ell\u00e1tni ezt a feladatot vagy ketten, ez\u00e9rt k\u00fcl\u00f6nb\u00f6z\u0151 titulusokat adtunk az aleln\u00f6k\u00f6knek, teh\u00e1t: van, akinek a k\u00f6z\u00f6ss\u00e9g\u00e9p\u00edt\u00e9s a feladata, van aki a t\u00e1rsadalmi kapcsolatok\u00e9rt felel, van, aki a rendezv\u00e9nyszervez\u00e9s\u00e9rt felel \u00e9s \u00e9n meg \u00f6ssze pr\u00f3b\u00e1lom fogni ezt az eg\u00e9szet.&#8221; &#8211; tette hozz\u00e1 Guly\u00e1s Istv\u00e1n.<\/p>\n<p>A 2018-as \u00e9vben tov\u00e1bbra is szeretn\u00e9k a tagok sz\u00e1m\u00e1t b\u0151v\u00edteni, az \u00e1tlag\u00e9letkort cs\u00f6kkenteni, valamint az akt\u00edv \u00e9s nem akt\u00edv katonatiszteket egys\u00e9ges k\u00f6z\u00f6ss\u00e9gk\u00e9nt \u00f6sszefogni a rep\u00fcl\u00e9s szeretet\u00e9nek jegy\u00e9ben.<br \/>\n<br \/>\n<div style=\"width: 640px;\" class=\"wp-video\"><!--[if lt IE 9]><script>document.createElement('video');<\/script><![endif]-->\n<video class=\"wp-video-shortcode\" id=\"video-8714-1\" width=\"640\" height=\"360\" preload=\"metadata\" controls=\"controls\"><source type=\"video\/mp4\" src=\"\/spots\/hir\/hir_180410_01.mp4?_=1\" \/><a href=\"\/spots\/hir\/hir_180410_01.mp4\">\/spots\/hir\/hir_180410_01.mp4<\/a><\/video><\/div><\/p>\n","protected":false},"excerpt":{"rendered":"<p>2017 v\u00e1ltoz\u00e1st hozott az egyes\u00fclet \u00e9let\u00e9ben. A szervezet \u00e9l\u00e9re \u00faj eln\u00f6k\u00f6t v\u00e1lasztottak Guly\u00e1s Istv\u00e1n szem\u00e9ly\u00e9ben, akinek els\u0151dleges feladata az egyes\u00fclet \u00e1llom\u00e1ny\u00e1nak b\u0151v\u00edt\u00e9se, fiatal\u00edt\u00e1sa volt. Az ut\u00f3bbit akt\u00edv katon\u00e1k bevon\u00e1s\u00e1val \u00e9rt\u00e9k el. -Most jelen pillanatban 83 f\u0151 az akt\u00edv tagunk sz\u00e1ma, szavazati joggal rendelkezik. Ez a tavalyi \u00e9vben 62 f\u0151 volt, teh\u00e1t durv\u00e1n 30 sz\u00e1zal\u00e9kos emelked\u00e9st [&hellip;]<\/p>\n","protected":false},"author":2,"featured_media":0,"comment_status":"closed","ping_status":"closed","sticky":false,"template":"","format":"standard","meta":[],"categories":[9],"tags":[],"_links":{"self":[{"href":"http:\/\/archiv.szolnoktv.hu\/index.php?rest_route=\/wp\/v2\/posts\/8714"}],"collection":[{"href":"http:\/\/archiv.szolnoktv.hu\/index.php?rest_route=\/wp\/v2\/posts"}],"about":[{"href":"http:\/\/archiv.szolnoktv.hu\/index.php?rest_route=\/wp\/v2\/types\/post"}],"author":[{"embeddable":true,"href":"http:\/\/archiv.szolnoktv.hu\/index.php?rest_route=\/wp\/v2\/users\/2"}],"replies":[{"embeddable":true,"href":"http:\/\/archiv.szolnoktv.hu\/index.php?rest_route=%2Fwp%2Fv2%2Fcomments&post=8714"}],"version-history":[{"count":1,"href":"http:\/\/archiv.szolnoktv.hu\/index.php?rest_route=\/wp\/v2\/posts\/8714\/revisions"}],"predecessor-version":[{"id":8719,"href":"http:\/\/archiv.szolnoktv.hu\/index.php?rest_route=\/wp\/v2\/posts\/8714\/revisions\/8719"}],"wp:attachment":[{"href":"http:\/\/archiv.szolnoktv.hu\/index.php?rest_route=%2Fwp%2Fv2%2Fmedia&parent=8714"}],"wp:term":[{"taxonomy":"category","embeddable":true,"href":"http:\/\/archiv.szolnoktv.hu\/index.php?rest_route=%2Fwp%2Fv2%2Fcategories&post=8714"},{"taxonomy":"post_tag","embeddable":true,"href":"http:\/\/archiv.szolnoktv.hu\/index.php?rest_route=%2Fwp%2Fv2%2Ftags&post=8714"}],"curies":[{"name":"wp","href":"https:\/\/api.w.org\/{rel}","templated":true}]}}