{"id":8713,"date":"2018-04-10T17:13:29","date_gmt":"2018-04-10T17:13:29","guid":{"rendered":"http:\/\/archiv.szolnoktv.hu\/?p=8713"},"modified":"2021-08-13T20:12:52","modified_gmt":"2021-08-13T20:12:52","slug":"majus-8-ig-kell-leszedni-a-valasztasi-plakatokat","status":"publish","type":"post","link":"http:\/\/archiv.szolnoktv.hu\/?p=8713","title":{"rendered":"M\u00e1jus 8-ig kell leszedni a v\u00e1laszt\u00e1si plak\u00e1tokat"},"content":{"rendered":"<div class='booster-block booster-read-block'><\/div><p>B\u00e1r vas\u00e1rnap \u00e9jszaka befejez\u0151dtek az orsz\u00e1ggy\u0171l\u00e9si v\u00e1laszt\u00e1sok, a kamp\u00e1ny nyomai m\u00e9g mindig l\u00e1tszanak. A t\u00f6bbi k\u00f6z\u00f6tt a villanyoszlopokat, falakat m\u00e9g mindig a jel\u00f6l\u0151szervezeteket \u00e9s a jel\u00f6lteket hirdet\u0151 t\u00f6bb ezer plak\u00e1t bor\u00edtja.<\/p>\n<p>Dr. R\u00e1cz Andrea, aljegyz\u0151 \u00fagy fogalmazott &#8211; -A v\u00e1laszt\u00e1si plak\u00e1tokat \u00fagy kellett kihelyezni a jel\u00f6lteknek, jel\u00f6l\u0151 szervezeteknek, hogy azokat k\u00e1rokoz\u00e1s n\u00e9lk\u00fcl el lehessen t\u00e1vol\u00edtani. Az elt\u00e1vol\u00edt\u00e1sra a jogszab\u00e1ly pontos hat\u00e1rid\u0151t ad, a V\u00e1laszt\u00e1si T\u00f6rv\u00e9ny \u00e9rtelm\u00e9ben a v\u00e1laszt\u00e1st k\u00f6vet\u0151 30 napon bel\u00fcl kell ezeket a plak\u00e1tokat elt\u00e1vol\u00edtani, ebben az esetben ez a hat\u00e1rid\u0151 2018. m\u00e1jus 8-a, 16:00 \u00f3ra.&#8221;<\/p>\n<p>A t\u00f6rv\u00e9ny \u00e9rtelm\u00e9ben a t\u00f6bb ezer plak\u00e1tot azoknak kell leszednie, akik azokat kitett\u00e9k, vagy azoknak, akiknek az \u00e9rdek\u00e9ben kihelyezt\u00e9k. <\/p>\n<p>-Abban az esetben, hogyha 30 napon bel\u00fcl nem t\u00e1vol\u00edtj\u00e1k el a v\u00e1laszt\u00e1si plak\u00e1tokat, akkor az \u00f6nkorm\u00e1nyzatnak kell gondoskodni a plak\u00e1tok elt\u00e1vol\u00edt\u00e1s\u00e1r\u00f3l \u00e9s ebben az esetben majd az elt\u00e1vol\u00edt\u00e1s k\u00f6lts\u00e9g\u00e9t kell majd r\u00e1terhelni arra, akinek az \u00e9rdek\u00e9ben az adott plak\u00e1tot kihelyezt\u00e9k.&#8221;  &#8211; mondta R\u00e1cz Andrea <\/p>\n<p>B\u00edrs\u00e1g kiszab\u00e1sra az \u00f6nkorm\u00e1nyzatnak nincs lehet\u0151s\u00e9ge, viszont a plak\u00e1tok elt\u00e1vol\u00edt\u00e1s\u00e1nak k\u00f6lts\u00e9g\u00e9t megfizettetheti a jel\u00f6lttel vagy a jel\u00f6l\u0151 szervezettel, illetve azokkal, akik a plak\u00e1tot kitett\u00e9k. <\/p>\n<div style=\"width: 640px;\" class=\"wp-video\"><!--[if lt IE 9]><script>document.createElement('video');<\/script><![endif]-->\n<video class=\"wp-video-shortcode\" id=\"video-8713-1\" width=\"640\" height=\"360\" preload=\"metadata\" controls=\"controls\"><source type=\"video\/mp4\" src=\"\/spots\/hir\/hir_180410_06.mp4?_=1\" \/><a href=\"\/spots\/hir\/hir_180410_06.mp4\">\/spots\/hir\/hir_180410_06.mp4<\/a><\/video><\/div>\n","protected":false},"excerpt":{"rendered":"<p>B\u00e1r vas\u00e1rnap \u00e9jszaka befejez\u0151dtek az orsz\u00e1ggy\u0171l\u00e9si v\u00e1laszt\u00e1sok, a kamp\u00e1ny nyomai m\u00e9g mindig l\u00e1tszanak. A t\u00f6bbi k\u00f6z\u00f6tt a villanyoszlopokat, falakat m\u00e9g mindig a jel\u00f6l\u0151szervezeteket \u00e9s a jel\u00f6lteket hirdet\u0151 t\u00f6bb ezer plak\u00e1t bor\u00edtja. Dr. R\u00e1cz Andrea, aljegyz\u0151 \u00fagy fogalmazott &#8211; -A v\u00e1laszt\u00e1si plak\u00e1tokat \u00fagy kellett kihelyezni a jel\u00f6lteknek, jel\u00f6l\u0151 szervezeteknek, hogy azokat k\u00e1rokoz\u00e1s n\u00e9lk\u00fcl el lehessen t\u00e1vol\u00edtani. [&hellip;]<\/p>\n","protected":false},"author":2,"featured_media":0,"comment_status":"closed","ping_status":"closed","sticky":false,"template":"","format":"standard","meta":[],"categories":[9],"tags":[],"_links":{"self":[{"href":"http:\/\/archiv.szolnoktv.hu\/index.php?rest_route=\/wp\/v2\/posts\/8713"}],"collection":[{"href":"http:\/\/archiv.szolnoktv.hu\/index.php?rest_route=\/wp\/v2\/posts"}],"about":[{"href":"http:\/\/archiv.szolnoktv.hu\/index.php?rest_route=\/wp\/v2\/types\/post"}],"author":[{"embeddable":true,"href":"http:\/\/archiv.szolnoktv.hu\/index.php?rest_route=\/wp\/v2\/users\/2"}],"replies":[{"embeddable":true,"href":"http:\/\/archiv.szolnoktv.hu\/index.php?rest_route=%2Fwp%2Fv2%2Fcomments&post=8713"}],"version-history":[{"count":1,"href":"http:\/\/archiv.szolnoktv.hu\/index.php?rest_route=\/wp\/v2\/posts\/8713\/revisions"}],"predecessor-version":[{"id":8720,"href":"http:\/\/archiv.szolnoktv.hu\/index.php?rest_route=\/wp\/v2\/posts\/8713\/revisions\/8720"}],"wp:attachment":[{"href":"http:\/\/archiv.szolnoktv.hu\/index.php?rest_route=%2Fwp%2Fv2%2Fmedia&parent=8713"}],"wp:term":[{"taxonomy":"category","embeddable":true,"href":"http:\/\/archiv.szolnoktv.hu\/index.php?rest_route=%2Fwp%2Fv2%2Fcategories&post=8713"},{"taxonomy":"post_tag","embeddable":true,"href":"http:\/\/archiv.szolnoktv.hu\/index.php?rest_route=%2Fwp%2Fv2%2Ftags&post=8713"}],"curies":[{"name":"wp","href":"https:\/\/api.w.org\/{rel}","templated":true}]}}