{"id":8708,"date":"2018-04-10T15:03:21","date_gmt":"2018-04-10T15:03:21","guid":{"rendered":"http:\/\/archiv.szolnoktv.hu\/?p=8708"},"modified":"2021-08-13T20:12:53","modified_gmt":"2021-08-13T20:12:53","slug":"aktivan-a-tudasert","status":"publish","type":"post","link":"http:\/\/archiv.szolnoktv.hu\/?p=8708","title":{"rendered":"-Akt\u00edvan a tud\u00e1s\u00e9rt&#8221;"},"content":{"rendered":"<div class='booster-block booster-read-block'><\/div><p>A Szoci\u00e1lis \u00e9s Gyermekv\u00e9delmi F\u0151igazgat\u00f3s\u00e1g kiemelt programja az Eur\u00f3pai Uni\u00f3 Szoci\u00e1lis Alapja- \u00e9s a magyar k\u00f6lts\u00e9gvet\u00e9s t\u00e1rsfinansz\u00edroz\u00e1s\u00e1ban megval\u00f3sul\u00f3 &#8220;Akt\u00edvan a tud\u00e1s\u00e9rt&#8221; projekt. A program c\u00e9lja azon r\u00e9tegek el\u00e9r\u00e9se, k\u00e9pz\u00e9se, melyek megfelel\u0151 iskol\u00e1zotts\u00e1g hi\u00e1ny\u00e1ban nem csup\u00e1n \u00e1ll\u00e1shoz nem jutnak, de az \u0151ket megillet\u0151 \u00e1llami szolg\u00e1ltat\u00e1sokat sem tudj\u00e1k ig\u00e9nybe venni, hangs\u00falyozta a projekt szakmai vezet\u0151je Tary Ferenc.<\/p>\n<p>&#8220;A munk\u00e1ltat\u00f3k egy r\u00e9sze olyan alapvet\u0151 kompetenci\u00e1kat v\u00e1r el a feln\u0151ttekt\u0151l mint a sz\u00f6veg\u00e9rt\u00e9s, az egyszer\u0171 alapvet\u0151 nyelvi kommunik\u00e1ci\u00f3- \u00edr\u00e1s, olvas\u00e1s, sz\u00e1mol\u00e1s k\u00e9szs\u00e9get \u00e9s bizony valljuk meg, hogy az alacsony iskolai v\u00e9gzetts\u00e9ggel rendelkez\u0151, vagy iskolai v\u00e9gzetts\u00e9ggel nem rendelkez\u0151k sz\u00e1m\u00e1ra ezek az alapvet\u0151 kompetenci\u00e1k bizony visszafejl\u0151dnek az \u00e9vek sor\u00e1n \u00e9s \u00fajra meg kell tanulniuk tanulni, \u00fajra fel kell eleven\u00edteni ezeket az alapvet\u0151 ismereteket.&#8221;<\/p>\n<p>25 ezer embert vontak\/ vonnak be a programba, melynek els\u0151 szakasza m\u00e1rcius 31-\u00e9n z\u00e1rult. Csak JNSZ Megy\u00e9b\u0151l 600 f\u0151 kapta meg az es\u00e9lyt a felz\u00e1rk\u00f3z\u00e1sra. <\/p>\n<p> &#8220;A p\u00e1ly\u00e1zati felh\u00edv\u00e1sban szerepl\u0151 indik\u00e1torok 22.500 \u00e1ll\u00e1skeres\u0151 projektbe von\u00e1s\u00e1t, 2.500inakt\u00edv projektbe von\u00e1s\u00e1t \u00e9s 5.000 f\u0151 k\u00e9pz\u00e9s\u00e9t-, sikeres k\u00e9pz\u00e9s\u00e9t \u00edrja el\u0151 indik\u00e1tork\u00e9nt. Enn\u00e9l mi sokkal nagyobb sz\u00e1mokat fogunk teljes\u00edteni.&#8221;<\/p>\n<p>A bevontak k\u00f6re a 18- \u00e9s 55 \u00e9v k\u00f6z\u00f6tti koroszt\u00e1lyra korl\u00e1toz\u00f3dik. A ki\u00edr\u00f3 a hi\u00e1nyszakm\u00e1kra f\u00f3kusz\u00e1lva seg\u00edt\u0151ket k\u00e9pez  p\u00e9ld\u00e1ul szoci\u00e1lis gondoz\u00f3k mell\u00e9. De idegennyelvi modulokat is be\u00e9p\u00edtettek. Az orsz\u00e1gos programba bevont szem\u00e9lyek h\u00e1romnegyede cig\u00e1ny sz\u00e1rmaz\u00e1s\u00fa, a projektre \u00f6sszesen 6.3 milli\u00e1rd forint \u00e1ll rendelkez\u00e9sre. Hangzott el a d\u00e9lel\u0151tti t\u00e1j\u00e9koztat\u00f3n.<br \/>\n<br \/>\n<div style=\"width: 640px;\" class=\"wp-video\"><!--[if lt IE 9]><script>document.createElement('video');<\/script><![endif]-->\n<video class=\"wp-video-shortcode\" id=\"video-8708-1\" width=\"640\" height=\"360\" preload=\"metadata\" controls=\"controls\"><source type=\"video\/mp4\" src=\"\/spots\/hir\/hir_180410_02.mp4?_=1\" \/><a href=\"\/spots\/hir\/hir_180410_02.mp4\">\/spots\/hir\/hir_180410_02.mp4<\/a><\/video><\/div><\/p>\n","protected":false},"excerpt":{"rendered":"<p>A Szoci\u00e1lis \u00e9s Gyermekv\u00e9delmi F\u0151igazgat\u00f3s\u00e1g kiemelt programja az Eur\u00f3pai Uni\u00f3 Szoci\u00e1lis Alapja- \u00e9s a magyar k\u00f6lts\u00e9gvet\u00e9s t\u00e1rsfinansz\u00edroz\u00e1s\u00e1ban megval\u00f3sul\u00f3 &#8220;Akt\u00edvan a tud\u00e1s\u00e9rt&#8221; projekt. A program c\u00e9lja azon r\u00e9tegek el\u00e9r\u00e9se, k\u00e9pz\u00e9se, melyek megfelel\u0151 iskol\u00e1zotts\u00e1g hi\u00e1ny\u00e1ban nem csup\u00e1n \u00e1ll\u00e1shoz nem jutnak, de az \u0151ket megillet\u0151 \u00e1llami szolg\u00e1ltat\u00e1sokat sem tudj\u00e1k ig\u00e9nybe venni, hangs\u00falyozta a projekt szakmai vezet\u0151je Tary Ferenc. [&hellip;]<\/p>\n","protected":false},"author":2,"featured_media":0,"comment_status":"closed","ping_status":"closed","sticky":false,"template":"","format":"standard","meta":[],"categories":[9],"tags":[],"_links":{"self":[{"href":"http:\/\/archiv.szolnoktv.hu\/index.php?rest_route=\/wp\/v2\/posts\/8708"}],"collection":[{"href":"http:\/\/archiv.szolnoktv.hu\/index.php?rest_route=\/wp\/v2\/posts"}],"about":[{"href":"http:\/\/archiv.szolnoktv.hu\/index.php?rest_route=\/wp\/v2\/types\/post"}],"author":[{"embeddable":true,"href":"http:\/\/archiv.szolnoktv.hu\/index.php?rest_route=\/wp\/v2\/users\/2"}],"replies":[{"embeddable":true,"href":"http:\/\/archiv.szolnoktv.hu\/index.php?rest_route=%2Fwp%2Fv2%2Fcomments&post=8708"}],"version-history":[{"count":1,"href":"http:\/\/archiv.szolnoktv.hu\/index.php?rest_route=\/wp\/v2\/posts\/8708\/revisions"}],"predecessor-version":[{"id":8725,"href":"http:\/\/archiv.szolnoktv.hu\/index.php?rest_route=\/wp\/v2\/posts\/8708\/revisions\/8725"}],"wp:attachment":[{"href":"http:\/\/archiv.szolnoktv.hu\/index.php?rest_route=%2Fwp%2Fv2%2Fmedia&parent=8708"}],"wp:term":[{"taxonomy":"category","embeddable":true,"href":"http:\/\/archiv.szolnoktv.hu\/index.php?rest_route=%2Fwp%2Fv2%2Fcategories&post=8708"},{"taxonomy":"post_tag","embeddable":true,"href":"http:\/\/archiv.szolnoktv.hu\/index.php?rest_route=%2Fwp%2Fv2%2Ftags&post=8708"}],"curies":[{"name":"wp","href":"https:\/\/api.w.org\/{rel}","templated":true}]}}