{"id":8707,"date":"2018-04-09T17:30:19","date_gmt":"2018-04-09T17:30:19","guid":{"rendered":"http:\/\/archiv.szolnoktv.hu\/?p=8707"},"modified":"2021-08-13T20:12:53","modified_gmt":"2021-08-13T20:12:53","slug":"igy-latjak-a-valasztas-eredmenyet-a-partok","status":"publish","type":"post","link":"http:\/\/archiv.szolnoktv.hu\/?p=8707","title":{"rendered":"\u00cdgy l\u00e1tj\u00e1k a v\u00e1laszt\u00e1s eredm\u00e9ny\u00e9t a p\u00e1rtok"},"content":{"rendered":"<div class='booster-block booster-read-block'><\/div><p>Az \u00e1prilis nyolcadikai v\u00e1laszt\u00e1son a v\u00e1laszt\u00f3polg\u00e1rok 68,13%-a j\u00e1rult az urn\u00e1khoz. A Fidesz-Kdnp a szavazatok t\u00f6bb mint 49 sz\u00e1zal\u00e9k\u00e1t kapta. Szalay Ferenc a p\u00e1rt v\u00e1rosi valamint megyei eln\u00f6ke szerint k\u00f6sz\u00f6netet kell mondani  a v\u00e1laszt\u00f3polg\u00e1roknak, akik vil\u00e1goss\u00e1 tett\u00e9k: nekik Magyarorsz\u00e1g az els\u0151. <\/p>\n<p>-Ekkora felhatalmaz\u00e1st a korm\u00e1ny ritk\u00e1n szokott kapni. K\u00e9tharmad m\u00e1r volt, de hetven sz\u00e1zal\u00e9kos r\u00e9szv\u00e9tel nem nagyon. Szolnokr\u00f3l is hasonl\u00f3k\u00e9pen gondolom, a szolnoki emberek dics\u00e9retet k\u00f6sz\u00f6netet \u00e9rdemelnek. Az pedig hogy mi is felhatalmaz\u00e1st kaptunk, hogy k\u00e9pvisel\u0151t juttassunk a parlamentbe, nagyon komoly dolog. R\u00e1ad\u00e1sul K\u00e1llai M\u00e1ria 5000-el t\u00f6bb szavazatot gy\u0171jt\u00f6tt mint Bene Ildik\u00f3 asszony, teh\u00e1t jelent\u0151sen javultunk. &#8211; -mondta Szalay Ferenc. <\/p>\n<p>Az \u00e9rt\u00e9kel\u00e9st onnan kell megk\u00f6zel\u00edteni, hogy honnan hova jutottunk  &#8211;   fogalmazott Dr. Szotyori-L\u00e1z\u00e1r Zolt\u00e1n, a Jobbik v\u00e1rosi aleln\u00f6ke. <\/p>\n<p>-Ha azt  n\u00e9zz\u00fck, hogy a Jobbik kit\u0171z\u00f6tt c\u00e9lja az volt, hogy a v\u00e1laszt\u00e1sokat ak\u00e1r egyed\u00fcl is megnyerj\u00fck, akkor ezt kudarc, hiszen a v\u00e1laszt\u00e1sokat a Fidesz nyerte, nagy t\u00f6bbs\u00e9ggel, a v\u00e1laszt\u00e1st elvesz\u00edtett\u00fck. Ha viszont azt n\u00e9zz\u00fck, hogy a Jobbiknak n\u00e9gy \u00e9vvel ezel\u0151tt kevesebb parlamenti k\u00e9pvisel\u0151je volt \u00e9s mi rendelkez\u00fcnk a legnagyobb ellenz\u00e9ki frakci\u00f3val a parlamentben, akkor ezt valamif\u00e9le vigaszk\u00e9nt is tudjuk \u00e9rt\u00e9kelni. &#8211; -mondta Dr. Szotyori-L\u00e1z\u00e1r Zolt\u00e1n. <\/p>\n<p> A MSZP v\u00e1rosi eln\u00f6ke szerint az elm\u00falt 4 \u00e9vben a korm\u00e1nyzat bekebelezte a m\u00e9di\u00e1t, a t\u00fals\u00faly pedig alkalmas volt arra, hogy megt\u00e9vessze a v\u00e1laszt\u00f3kat.<\/p>\n<p>-L\u00e1that\u00f3, hogy a van egy olyan beidegz\u0151d\u00e9s, hogy valakit\u0151l mindig f\u00e9lni kell \u00e9s ezt a korm\u00e1nyzati propaganda r\u00e1nk er\u0151szakolja, hogy azt kell mondani, hogy valaki \u00e9ppen ellenz\u00e9k. Ha nem Br\u00fcsszel akkor Soros \u00e9s a ker\u00edt\u00e9sbont\u00f3k lehetnek az ellenz\u00e9k, akik mindenk\u00e9ppen ellens\u00e9geink lehetnek. Ebb\u0151l a szitu\u00e1ci\u00f3b\u00f3l j\u00f6hetett ki az, hogy a v\u00e1rtn\u00e1l er\u0151sebb lett a Fidesz szerepl\u00e9se, nagyj\u00e1b\u00f3l ezt m\u00e9rt\u00e9k sajnos a k\u00f6zv\u00e9lem\u00e9nykutat\u00f3k, hogy 50-50 sz\u00e1zal\u00e9k lesz a Fideszre \u00e9s az ellenz\u00e9kre leadott szavazat, ez nagyj\u00e1b\u00f3l be is j\u00f6tt.&#8221; &#8211; fogalmazott Rad\u00f3cz Zolt\u00e1n. <\/p>\n<p>Az Orsz\u00e1ggy\u0171l\u00e9s v\u00e1rhat\u00f3an \u00e1prilis v\u00e9g\u00e9n \u00fclhet \u00f6ssze leghamarabb. A Fidesz 133, a Jobbik 26, az MSZP-P\u00e1rbesz\u00e9d 20, a DK 9, az LMP pedig 8, a Magyarorsz\u00e1gi N\u00e9metek Orsz\u00e1gos \u00d6nkorm\u00e1nyzata 1, a F\u00fcggetlen valamint az Egy\u00fctt is 1 k\u00e9pvisel\u0151t k\u00fcldhet a parlamentbe.<br \/>\n<br \/>\n<div style=\"width: 640px;\" class=\"wp-video\"><!--[if lt IE 9]><script>document.createElement('video');<\/script><![endif]-->\n<video class=\"wp-video-shortcode\" id=\"video-8707-1\" width=\"640\" height=\"360\" preload=\"metadata\" controls=\"controls\"><source type=\"video\/mp4\" src=\"\/spots\/hir\/hir_180409_05.mp4?_=1\" \/><a href=\"\/spots\/hir\/hir_180409_05.mp4\">\/spots\/hir\/hir_180409_05.mp4<\/a><\/video><\/div><\/p>\n","protected":false},"excerpt":{"rendered":"<p>Az \u00e1prilis nyolcadikai v\u00e1laszt\u00e1son a v\u00e1laszt\u00f3polg\u00e1rok 68,13%-a j\u00e1rult az urn\u00e1khoz. A Fidesz-Kdnp a szavazatok t\u00f6bb mint 49 sz\u00e1zal\u00e9k\u00e1t kapta. Szalay Ferenc a p\u00e1rt v\u00e1rosi valamint megyei eln\u00f6ke szerint k\u00f6sz\u00f6netet kell mondani a v\u00e1laszt\u00f3polg\u00e1roknak, akik vil\u00e1goss\u00e1 tett\u00e9k: nekik Magyarorsz\u00e1g az els\u0151. -Ekkora felhatalmaz\u00e1st a korm\u00e1ny ritk\u00e1n szokott kapni. K\u00e9tharmad m\u00e1r volt, de hetven sz\u00e1zal\u00e9kos r\u00e9szv\u00e9tel nem [&hellip;]<\/p>\n","protected":false},"author":2,"featured_media":0,"comment_status":"closed","ping_status":"closed","sticky":false,"template":"","format":"standard","meta":[],"categories":[9],"tags":[],"_links":{"self":[{"href":"http:\/\/archiv.szolnoktv.hu\/index.php?rest_route=\/wp\/v2\/posts\/8707"}],"collection":[{"href":"http:\/\/archiv.szolnoktv.hu\/index.php?rest_route=\/wp\/v2\/posts"}],"about":[{"href":"http:\/\/archiv.szolnoktv.hu\/index.php?rest_route=\/wp\/v2\/types\/post"}],"author":[{"embeddable":true,"href":"http:\/\/archiv.szolnoktv.hu\/index.php?rest_route=\/wp\/v2\/users\/2"}],"replies":[{"embeddable":true,"href":"http:\/\/archiv.szolnoktv.hu\/index.php?rest_route=%2Fwp%2Fv2%2Fcomments&post=8707"}],"version-history":[{"count":1,"href":"http:\/\/archiv.szolnoktv.hu\/index.php?rest_route=\/wp\/v2\/posts\/8707\/revisions"}],"predecessor-version":[{"id":8726,"href":"http:\/\/archiv.szolnoktv.hu\/index.php?rest_route=\/wp\/v2\/posts\/8707\/revisions\/8726"}],"wp:attachment":[{"href":"http:\/\/archiv.szolnoktv.hu\/index.php?rest_route=%2Fwp%2Fv2%2Fmedia&parent=8707"}],"wp:term":[{"taxonomy":"category","embeddable":true,"href":"http:\/\/archiv.szolnoktv.hu\/index.php?rest_route=%2Fwp%2Fv2%2Fcategories&post=8707"},{"taxonomy":"post_tag","embeddable":true,"href":"http:\/\/archiv.szolnoktv.hu\/index.php?rest_route=%2Fwp%2Fv2%2Ftags&post=8707"}],"curies":[{"name":"wp","href":"https:\/\/api.w.org\/{rel}","templated":true}]}}