{"id":8706,"date":"2018-04-09T14:41:45","date_gmt":"2018-04-09T14:41:45","guid":{"rendered":"http:\/\/archiv.szolnoktv.hu\/?p=8706"},"modified":"2021-08-13T20:12:53","modified_gmt":"2021-08-13T20:12:53","slug":"a-megye-4-valasztokeruleteben-is-a-fidesz-kdnp-gyozott","status":"publish","type":"post","link":"http:\/\/archiv.szolnoktv.hu\/?p=8706","title":{"rendered":"A megye 4 v\u00e1laszt\u00f3ker\u00fclet\u00e9ben is a Fidesz-KDNP gy\u0151z\u00f6tt"},"content":{"rendered":"<div class='booster-block booster-read-block'><\/div><p>J\u00e1sz-Nagykun-Szolnok Megye mind a n\u00e9gy orsz\u00e1gos egy\u00e9ni v\u00e1laszt\u00f3ker\u00fclet\u00e9ben a Fidesz-KDNP jel\u00f6ltje gy\u0151z\u00f6tt. Az 1-es sz\u00e1m\u00faban Dr. K\u00e1llai M\u00e1ria a szavazatok 42,62 sz\u00e1zal\u00e9k\u00e1t kapta, m\u00f6g\u00f6tte z\u00e1rt 34,5 sz\u00e1zal\u00e9kkal a Jobbik jel\u00f6ltje Dr. Csik\u00f3s Attila, a k\u00e9pzeletbeli dobog\u00f3 harmadik foka pedig az MSZP-P\u00e1rbesz\u00e9d politikus\u00e1\u00e9 Gy\u00f6rfi Mih\u00e1ly\u00e9 lett, aki a voksok 15,49 sz\u00e1zal\u00e9k\u00e1t gy\u0171jt\u00f6tte. A feldolgozotts\u00e1g 99,01 sz\u00e1zal\u00e9k.<\/p>\n<p>A 2-es sz\u00e1m\u00fa orsz\u00e1gos egy\u00e9ni v\u00e1laszt\u00f3ker\u00fcletben P\u00f3cs J\u00e1nos 52,09 sz\u00e1zal\u00e9k\u00e1t kapta a szavazatoknak, m\u00e1sodik helyen a voksok 32,8 sz\u00e1zal\u00e9k\u00e1val a Jobbikos Budai L\u00f3r\u00e1nt \u00e1ll, m\u00edg a harmadikon 8,11 sz\u00e1zal\u00e9kkal a Demokratikus Koal\u00edci\u00f3 jel\u00f6ltje Dr. Gedei J\u00f3zsef. A feldolgozotts\u00e1g 98,8 sz\u00e1zal\u00e9kos.<\/p>\n<p>A legnagyobb k\u00fcl\u00f6nbs\u00e9g a h\u00e1rmas sz\u00e1m\u00fa v\u00e1laszt\u00f3ker\u00fcletben alakult ki, ahol Kov\u00e1cs S\u00e1ndor a szavazatok 56,55 sz\u00e1zal\u00e9k\u00e1t kapta, Dr. Luk\u00e1cs L\u00e1szl\u00f3 Gy\u00f6rgy a Jobbik jel\u00f6ltje a voksok 31,95 sz\u00e1zal\u00e9k\u00e1t, m\u00edg a DK politikusa Bod\u00f3 J\u00e1nosn\u00e9 5,53 sz\u00e1zal\u00e9kon \u00e1ll. Itt a feldolgozotts\u00e1g 98,9 sz\u00e1zal\u00e9kos.<\/p>\n<p>A n\u00e9gyes v\u00e1laszt\u00f3ker\u00fclet hozta a legki\u00e9lezettebb k\u00fczdelmet, Boldog Istv\u00e1n a szavazatok 45,22 sz\u00e1zal\u00e9k\u00e1t kapta, a m\u00f6g\u00f6tte v\u00e9gz\u0151 Jobbikos Cs\u00e1nyi Tam\u00e1s neve mellett pedig 40,29 sz\u00e1zal\u00e9k \u00e1ll. Ebben a v\u00e1laszt\u00f3ker\u00fcletben a harmadik az MSZP-PM jel\u00f6ltje R\u00f3zsa Endre lett, aki a voksok 9,77 sz\u00e1zal\u00e9k\u00e1t gy\u0171jt\u00f6tte.<\/p>\n<p>J\u00e1sz-Nagykun-Szolnok Megye 1-es sz\u00e1m\u00fa orsz\u00e1gos egy\u00e9ni v\u00e1laszt\u00f3ker\u00fclet\u00e9ben 99,01 sz\u00e1zal\u00e9kos feldolgozotts\u00e1gn\u00e1l a 76.714 szavaz\u00e1sra jogosult v\u00e1laszt\u00f3polg\u00e1rb\u00f3l 53.325-en adt\u00e1k le szavazatukat, melyekb\u0151l 52.922 volt \u00e9rv\u00e9nyes. A legt\u00f6bben a Fidesz-KDNP jel\u00f6ltje Dr. K\u00e1llai M\u00e1ria kapta, akire 22.555 \u00e9rv\u00e9nyes szavazat \u00e9rkezett. A politikus tegnap este \u00e9l\u0151 m\u0171sorunkban \u00e9rt\u00e9kelte az eredm\u00e9nyt.<\/p>\n<p>-Ebben a megy\u00e9ben is, mint, ahogyan az orsz\u00e1gban hatalmas f\u00f6l\u00e9nyt \u00e9rt el a Fidesz-KDNP. Az emberek j\u00f3l v\u00e1lasztott\u00e1k azt az \u00fczenetet, amelyet mi fogalmaztunk meg , hogy ebben az orsz\u00e1gban nagyon fontos \u00e9rt\u00e9k a biztons\u00e1g. Gyermekeink, unok\u00e1ink csal\u00e1djaink biztons\u00e1ga. Rendk\u00edv\u00fcl fontos maga az, hogy az elm\u00falt 8 \u00e9vben el\u00e9rt korm\u00e1nyzati eredm\u00e9nyek megteremtett\u00e9k annak az alapj\u00e1t, hogy ez a korm\u00e1ny vihesse tov\u00e1bb a munk\u00e1t. \u00c9n \u00fagy gondolom, hogy meg kell k\u00f6sz\u00f6nn\u00f6m annak a sok-sok embernek, akik r\u00e1m szavaztak \u00e9s annak a sok-sok embernek, akik a Fidesz-KDNP list\u00e1j\u00e1ra.&#8221; &#8211; mondta Dr. K\u00e1llai M\u00e1ria a Fidesz-KDNP orsz\u00e1ggy\u0171l\u00e9si k\u00e9pvisel\u0151jel\u00f6ltje.<\/p>\n<p>Dr. K\u00e1llai M\u00e1ria m\u00f6g\u00f6tt a Jobbik jel\u00f6ltje Dr. Csik\u00f3s Attila v\u00e9gzett. \u00d5 a voksok 34,5 sz\u00e1zal\u00e9k\u00e1t kapta, 18.257-en szavaztak r\u00e1. <\/p>\n<p>-Nagyon szoros verseny volt , ebben igazunk volt, hogy a Fideszes \u00e9s a Jobbikos jel\u00f6lt k\u00f6z\u00f6tt fog eld\u0151lni ez a csat\u00e1roz\u00e1s ezt mi \u00e9rezt\u00fck a m\u00e9r\u00e9sekb\u0151l is. Szoros volt igen, a Jobbik jav\u00edtott nagyon sokat a n\u00e9gy \u00e9vvel ezel\u0151tti eredm\u00e9nyeken. Most t\u00f6bb mint 18 ezer szavazatunk lett. &#8221; &#8211; tette hozz\u00e1 Dr. Csik\u00f3s Attila a Jobbik orsz\u00e1ggy\u0171l\u00e9si k\u00e9pvisel\u0151jel\u00f6ltje.<\/p>\n<p>A k\u00e9pzeletbeli dobog\u00f3 harmadik fok\u00e1ra az MSZP-P\u00e1rbesz\u00e9d jel\u00f6ltje Gy\u00f6rfi Mih\u00e1ly \u00e1llhat fel, aki 8.195 szavazatot gy\u0171jt\u00f6tt, ami 15,49 sz\u00e1zal\u00e9kos ar\u00e1ny.<\/p>\n<p>-Ahogy szoktam mondani v\u00e1laszt\u00e1son nem osztanak sem ez\u00fcst, sem bronz\u00e9rmet. Sz\u00e1munkra ez fontos \u00e9s d\u00f6nt\u0151, hogy a baloldali v\u00e1laszt\u00f3knak megmaradt egy alternat\u00edva viszont rendk\u00edv\u00fcl sajn\u00e1lom azt, hogy Vona G\u00e1bor a mi \u00e1ltalunk felaj\u00e1nlott lehet\u0151s\u00e9get, hogy ak\u00e1r T\u00f6r\u00f6kszentmikl\u00f3son Jobbikos jel\u00f6lt indulhatott volna egy az egyben, Szolnokon pedig cser\u00e9ben term\u00e9szetesen baloldali jel\u00f6lt h\u00edvhatta volna ki Orb\u00e1n Viktor helytart\u00f3j\u00e1t, egy\u00faton gratul\u00e1lok Dr. K\u00e1llai M\u00e1ria gy\u0151zelm\u00e9hez, hiszen a gy\u0151zelme vitathatatlan, annyit viszont szeretn\u00e9k megjegyezni, hogy a v\u00e1rosban az emberek hitetlenkedve fogadj\u00e1k ezt az eredm\u00e9nyt.&#8221; &#8211; mondta Gy\u00f6rfi Mih\u00e1ly az MSZP-PM orsz\u00e1ggy\u0171l\u00e9si k\u00e9pvisel\u0151jel\u00f6ltje.<\/p>\n<p>J\u00e1sz-Nagykun Szolnok Megy\u00e9ben a szavazatok 49,35 sz\u00e1zal\u00e9k\u00e1t a Fidesz-KDNP kapta, a m\u00e1sodik legt\u00f6bbet 26,19 sz\u00e1zal\u00e9kot a Jobbik, \u0151ket k\u00f6veti az MSZP-PM 10,69 sz\u00e1zal\u00e9kkal, az LMP 4,68 sz\u00e1zal\u00e9kkal \u00e9s a Demokratikus Koal\u00edci\u00f3 4,3 sz\u00e1zal\u00e9kkal. A megy\u00e9ben 190.615 \u00e9rv\u00e9nyes szavazatot sz\u00e1ml\u00e1ltak.<br \/>\n<br \/>\n<div style=\"width: 640px;\" class=\"wp-video\"><!--[if lt IE 9]><script>document.createElement('video');<\/script><![endif]-->\n<video class=\"wp-video-shortcode\" id=\"video-8706-1\" width=\"640\" height=\"360\" preload=\"metadata\" controls=\"controls\"><source type=\"video\/mp4\" src=\"\/spots\/hir\/hir_180409_04.mp4?_=1\" \/><a href=\"\/spots\/hir\/hir_180409_04.mp4\">\/spots\/hir\/hir_180409_04.mp4<\/a><\/video><\/div><\/p>\n","protected":false},"excerpt":{"rendered":"<p>J\u00e1sz-Nagykun-Szolnok Megye mind a n\u00e9gy orsz\u00e1gos egy\u00e9ni v\u00e1laszt\u00f3ker\u00fclet\u00e9ben a Fidesz-KDNP jel\u00f6ltje gy\u0151z\u00f6tt. Az 1-es sz\u00e1m\u00faban Dr. K\u00e1llai M\u00e1ria a szavazatok 42,62 sz\u00e1zal\u00e9k\u00e1t kapta, m\u00f6g\u00f6tte z\u00e1rt 34,5 sz\u00e1zal\u00e9kkal a Jobbik jel\u00f6ltje Dr. Csik\u00f3s Attila, a k\u00e9pzeletbeli dobog\u00f3 harmadik foka pedig az MSZP-P\u00e1rbesz\u00e9d politikus\u00e1\u00e9 Gy\u00f6rfi Mih\u00e1ly\u00e9 lett, aki a voksok 15,49 sz\u00e1zal\u00e9k\u00e1t gy\u0171jt\u00f6tte. A feldolgozotts\u00e1g 99,01 sz\u00e1zal\u00e9k. [&hellip;]<\/p>\n","protected":false},"author":2,"featured_media":0,"comment_status":"closed","ping_status":"closed","sticky":false,"template":"","format":"standard","meta":[],"categories":[9],"tags":[],"_links":{"self":[{"href":"http:\/\/archiv.szolnoktv.hu\/index.php?rest_route=\/wp\/v2\/posts\/8706"}],"collection":[{"href":"http:\/\/archiv.szolnoktv.hu\/index.php?rest_route=\/wp\/v2\/posts"}],"about":[{"href":"http:\/\/archiv.szolnoktv.hu\/index.php?rest_route=\/wp\/v2\/types\/post"}],"author":[{"embeddable":true,"href":"http:\/\/archiv.szolnoktv.hu\/index.php?rest_route=\/wp\/v2\/users\/2"}],"replies":[{"embeddable":true,"href":"http:\/\/archiv.szolnoktv.hu\/index.php?rest_route=%2Fwp%2Fv2%2Fcomments&post=8706"}],"version-history":[{"count":1,"href":"http:\/\/archiv.szolnoktv.hu\/index.php?rest_route=\/wp\/v2\/posts\/8706\/revisions"}],"predecessor-version":[{"id":8727,"href":"http:\/\/archiv.szolnoktv.hu\/index.php?rest_route=\/wp\/v2\/posts\/8706\/revisions\/8727"}],"wp:attachment":[{"href":"http:\/\/archiv.szolnoktv.hu\/index.php?rest_route=%2Fwp%2Fv2%2Fmedia&parent=8706"}],"wp:term":[{"taxonomy":"category","embeddable":true,"href":"http:\/\/archiv.szolnoktv.hu\/index.php?rest_route=%2Fwp%2Fv2%2Fcategories&post=8706"},{"taxonomy":"post_tag","embeddable":true,"href":"http:\/\/archiv.szolnoktv.hu\/index.php?rest_route=%2Fwp%2Fv2%2Ftags&post=8706"}],"curies":[{"name":"wp","href":"https:\/\/api.w.org\/{rel}","templated":true}]}}