{"id":8705,"date":"2018-04-09T14:39:44","date_gmt":"2018-04-09T14:39:44","guid":{"rendered":"http:\/\/archiv.szolnoktv.hu\/?p=8705"},"modified":"2021-08-13T20:12:53","modified_gmt":"2021-08-13T20:12:53","slug":"matematikabol-versenyeztek","status":"publish","type":"post","link":"http:\/\/archiv.szolnoktv.hu\/?p=8705","title":{"rendered":"Matematik\u00e1b\u00f3l versenyeztek"},"content":{"rendered":"<div class='booster-block booster-read-block'><\/div><p>A k\u00e9mia \u00e9s a k\u00f6rnyezetv\u00e9delem ut\u00e1n 13 \u00e9ve kezdett matematika versenyeket szervezni a Curie Alap\u00edtv\u00e1ny.  Orsz\u00e1gos szinten 600-an vettek r\u00e9szt a fordul\u00f3kon. A d\u00f6nt\u0151be 130-an jutottak be a  harmadikos kisiskol\u00e1st\u00f3l tizedikes gimnazist\u00e1ig.<\/p>\n<p> M\u00e9rer Don\u00e1t, Hatvan:<\/p>\n<p>-&#8220;Nekem a tan\u00e1rom sz\u00f3lt, hogy van ez a lehet\u0151s\u00e9g \u00e9s tetszett, hogy arra \u00e9p\u00edt, amit igaz\u00e1b\u00f3l tanulunk az iskol\u00e1ban. &#8211;<\/p>\n<p>Matiszlovics M\u00e1rk,  Hatvan:<\/p>\n<p>&#8211;Szeretn\u00e9m magam megm\u00e9rettetni. \u00c9n sportolok, de szeretem a matematik\u00e1t is. &#8211;<\/p>\n<p>Nem meglep\u0151, hogy a fi\u00fak m\u00e1r most a m\u00e9rn\u00f6ki p\u00e1lya fel\u00e9 kacsingatnak. B\u00e1r id\u00e9n is t\u00f6bb fi\u00fa indult mint l\u00e1ny, a h\u00f6lgyek is k\u00e9pviselt\u00e9k magukat a megm\u00e9rettet\u00e9sen.  Volt aki azt is megfogalmazta mi\u00e9rt szereti a matematik\u00e1t. <\/p>\n<p>L\u0151rincz Zselyke, Dabas :<\/p>\n<p>-&#8220;Mert logikus \u00e9s mert nekem j\u00f3l megy , eg\u00e9szen j\u00f3l megy \u00e9s evidens volt,hogy szeretem a matekot. Ez \u00e1ltal\u00e1ban egy mumus tant\u00e1rgy mi\u00e9rt szereted? Mert mindennek van oka, teh\u00e1t valami\u00e9rt az az. &#8211;<\/p>\n<p>A Curie versenyek szervez\u0151je  elmondta, b\u00e1r k\u00e9mia \u00e9s k\u00f6rnyezetv\u00e9delem  fordul\u00f3kat r\u00e9gebb \u00f3ta tartj\u00e1k, \u00edgy ott nagy a l\u00e9tsz\u00e1m,  ma m\u00e1r a matematika versenyre  is egyre t\u00f6bben jelentkeznek. <\/p>\n<p>Dr. T\u00f6r\u00f6k Istv\u00e1nn\u00e9 kurat\u00f3riumi eln\u00f6k Curie Alap\u00edtv\u00e1ny: <\/p>\n<p>-&#8220;Az id\u00e9n 130.an jutottak be a d\u00f6nt\u0151be, hat\u00e1rainkon t\u00falr\u00f3l, Magyarorsz\u00e1g k\u00fcl\u00f6nb\u00f6z\u0151 telep\u00fcl\u00e9seir\u0151l, kis falub\u00f3l nagy v\u00e1rosb\u00f3l mindenhonnan vannak itt gyerekek \u00e9s tan\u00e1raik, k\u00eds\u00e9r\u0151k feln\u0151ttek. &#8220;<\/p>\n<p>Minden \u00e9vfolyamon hasonl\u00f3 t\u00edpus\u00fa feladatokat kaptak a di\u00e1kok, koroszt\u00e1ly szerinti nehez\u00edt\u00e9ssel. A versenyen v\u00e9g\u00e9n \u00e9vfolyamonk\u00e9nt hirdettek gy\u0151ztest, de senki sem t\u00e9rt haza aj\u00e1nd\u00e9k n\u00e9lk\u00fcl. <\/p>\n<div style=\"width: 640px;\" class=\"wp-video\"><!--[if lt IE 9]><script>document.createElement('video');<\/script><![endif]-->\n<video class=\"wp-video-shortcode\" id=\"video-8705-1\" width=\"640\" height=\"360\" preload=\"metadata\" controls=\"controls\"><source type=\"video\/mp4\" src=\"\/spots\/hir\/hir_180409_02.mp4?_=1\" \/><a href=\"\/spots\/hir\/hir_180409_02.mp4\">\/spots\/hir\/hir_180409_02.mp4<\/a><\/video><\/div>\n","protected":false},"excerpt":{"rendered":"<p>A k\u00e9mia \u00e9s a k\u00f6rnyezetv\u00e9delem ut\u00e1n 13 \u00e9ve kezdett matematika versenyeket szervezni a Curie Alap\u00edtv\u00e1ny. Orsz\u00e1gos szinten 600-an vettek r\u00e9szt a fordul\u00f3kon. A d\u00f6nt\u0151be 130-an jutottak be a harmadikos kisiskol\u00e1st\u00f3l tizedikes gimnazist\u00e1ig. M\u00e9rer Don\u00e1t, Hatvan: -&#8220;Nekem a tan\u00e1rom sz\u00f3lt, hogy van ez a lehet\u0151s\u00e9g \u00e9s tetszett, hogy arra \u00e9p\u00edt, amit igaz\u00e1b\u00f3l tanulunk az iskol\u00e1ban. &#8211; [&hellip;]<\/p>\n","protected":false},"author":2,"featured_media":0,"comment_status":"closed","ping_status":"closed","sticky":false,"template":"","format":"standard","meta":[],"categories":[9],"tags":[],"_links":{"self":[{"href":"http:\/\/archiv.szolnoktv.hu\/index.php?rest_route=\/wp\/v2\/posts\/8705"}],"collection":[{"href":"http:\/\/archiv.szolnoktv.hu\/index.php?rest_route=\/wp\/v2\/posts"}],"about":[{"href":"http:\/\/archiv.szolnoktv.hu\/index.php?rest_route=\/wp\/v2\/types\/post"}],"author":[{"embeddable":true,"href":"http:\/\/archiv.szolnoktv.hu\/index.php?rest_route=\/wp\/v2\/users\/2"}],"replies":[{"embeddable":true,"href":"http:\/\/archiv.szolnoktv.hu\/index.php?rest_route=%2Fwp%2Fv2%2Fcomments&post=8705"}],"version-history":[{"count":1,"href":"http:\/\/archiv.szolnoktv.hu\/index.php?rest_route=\/wp\/v2\/posts\/8705\/revisions"}],"predecessor-version":[{"id":8728,"href":"http:\/\/archiv.szolnoktv.hu\/index.php?rest_route=\/wp\/v2\/posts\/8705\/revisions\/8728"}],"wp:attachment":[{"href":"http:\/\/archiv.szolnoktv.hu\/index.php?rest_route=%2Fwp%2Fv2%2Fmedia&parent=8705"}],"wp:term":[{"taxonomy":"category","embeddable":true,"href":"http:\/\/archiv.szolnoktv.hu\/index.php?rest_route=%2Fwp%2Fv2%2Fcategories&post=8705"},{"taxonomy":"post_tag","embeddable":true,"href":"http:\/\/archiv.szolnoktv.hu\/index.php?rest_route=%2Fwp%2Fv2%2Ftags&post=8705"}],"curies":[{"name":"wp","href":"https:\/\/api.w.org\/{rel}","templated":true}]}}