{"id":8703,"date":"2018-04-09T14:30:14","date_gmt":"2018-04-09T14:30:14","guid":{"rendered":"http:\/\/archiv.szolnoktv.hu\/?p=8703"},"modified":"2021-08-13T20:12:54","modified_gmt":"2021-08-13T20:12:54","slug":"elgondolkodtat-a-selfie-kiallitas","status":"publish","type":"post","link":"http:\/\/archiv.szolnoktv.hu\/?p=8703","title":{"rendered":"Elgondolkodtat a Selfie ki\u00e1ll\u00edt\u00e1s"},"content":{"rendered":"<div class='booster-block booster-read-block'><\/div><p>Kem\u00e9ny Zs\u00f3fi slam poetry el\u0151ad\u00e1sa adta meg a hangulatot a t\u00e1rsadalomkritikai gondolatokat is \u00e9breszt\u0151 Selfie ki\u00e1ll\u00edt\u00e1snak szombaton d\u00e9lut\u00e1n a megyei k\u00f6nyvt\u00e1r Verseghy term\u00e9ben.<br \/>A falakon l\u00e1that\u00f3 k\u00e9pek, a k\u00fcl\u00f6nleges selfiek, az  instagram vil\u00e1ga ez\u00fattal metaforak\u00e9nt szolg\u00e1l. A selfie mindig sz\u00e9p \u00e9s vid\u00e1m, \u00e1m ez\u00fattal l\u00e1that\u00f3 a mosolyg\u00f3 arcok m\u00f6g\u00f6tti vil\u00e1g. <\/p>\n<p>T\u00f3th Tam\u00e1s S\u00e1ndor alkot\u00f3:<\/p>\n<p> -Vannak minket k\u00f6r\u00fclvev\u0151 t\u00e1rsadalmi probl\u00e9m\u00e1k , amiket hogyha \u00e9szre vessz\u00fck akkor a kulcs sok esetben a mi kez\u00fcnkben van, hogy ezeket megv\u00e1ltoztassuk. Hogy jobb\u00e1 tehess\u00fck a h\u00e9tk\u00f6znapi \u00e9let\u00fcnket \u00e9s m\u00e1sokon is tudjunk seg\u00edteni. &#8211;<\/p>\n<p>A k\u00e9pekben sok utal\u00e1s van.  A k\u00e9pek annyi dislike-t tartalmaznak ah\u00e1ny embert \u00e9rint Magyarorsz\u00e1gon az adott  probl\u00e9ma. A qr k\u00f3d pedig annak a szervezetnek a weboldal\u00e1ra vezet, mely az adott t\u00e1rsadalmi probl\u00e9m\u00e1val foglalkozik. Megjelenik a k\u00e9peken a kisgyermek elleni szexu\u00e1lis er\u0151szak, a banki hitel miatti kilakoltat\u00e1s, az \u00e9hez\u00e9s, vagy a n\u0151k elleni er\u0151szak. <\/p>\n<p>-&#8220;Egy besz\u00e9dt\u00e9m\u00e1t szerettem volna elind\u00edtani mint pl a fogyat\u00e9koss\u00e1g, a tanul\u00e1si alul motiv\u00e1lts\u00e1g vagy a gy\u00f3gyszerf\u00fcgg\u0151s\u00e9g, ami mind itt van a h\u00e9tk\u00f6znapjainkban, lehet szemezgetni j\u00f3csk\u00e1n&#8221;-tette hozz\u00e1 az alkot\u00f3.  <\/p>\n<p>Az interakt\u00edv gondolkod\u00e1sra sarkall\u00f3 t\u00e1rlatot Kautzky Armand  nyitotta meg. <\/p>\n<p>Kautzky Armand  sz\u00ednm\u0171v\u00e9sz : <\/p>\n<p>-&#8220;\u00c9n rajong\u00e1sig szeretem a m\u0171v\u00e9szetet \u00e9s azt innnent\u0151l id\u00e1ig mindenf\u00e9le spektrumban. Val\u00f3ban ez egy sz\u00e9ls\u0151s\u00e9ges spektrumban tartozik a m\u0171v\u00e9szethez, de ez oda tartozik, mert \u00e1ltal\u00e1nos emberi probl\u00e9m\u00e1kat boncolgat \u00e9s az emberrel foglalkozik. \u00c9s minden ami az emberrel foglalkozik az engem \u00e9rdekel . \u00c9s ez egy olyan k\u00fcl\u00f6nleges l\u00e1t\u00e1sm\u00f3d, ami kell, hogy az \u00e9let\u00fcnk \u00e9s a kult\u00far\u00e1nk r\u00e9sze legyen. &#8211;<\/p>\n<p>A t\u00e1rlat c\u00e9lja, hogy a szeml\u00e9l\u0151 ne csak n\u00e9zze, hanem l\u00e1ssa \u00e9s \u00e9rtse  is a jelenl\u00e9v\u0151 probl\u00e9m\u00e1kat. A k\u00fcl\u00f6nleges v\u00e1ndorki\u00e1ll\u00edt\u00e1s \u00e1prilis v\u00e9g\u00e9ig tekinthet\u0151 meg. <\/p>\n<div style=\"width: 640px;\" class=\"wp-video\"><!--[if lt IE 9]><script>document.createElement('video');<\/script><![endif]-->\n<video class=\"wp-video-shortcode\" id=\"video-8703-1\" width=\"640\" height=\"360\" preload=\"metadata\" controls=\"controls\"><source type=\"video\/mp4\" src=\"\/spots\/hir\/hir_180409_01.mp4?_=1\" \/><a href=\"\/spots\/hir\/hir_180409_01.mp4\">\/spots\/hir\/hir_180409_01.mp4<\/a><\/video><\/div>\n","protected":false},"excerpt":{"rendered":"<p>Kem\u00e9ny Zs\u00f3fi slam poetry el\u0151ad\u00e1sa adta meg a hangulatot a t\u00e1rsadalomkritikai gondolatokat is \u00e9breszt\u0151 Selfie ki\u00e1ll\u00edt\u00e1snak szombaton d\u00e9lut\u00e1n a megyei k\u00f6nyvt\u00e1r Verseghy term\u00e9ben.A falakon l\u00e1that\u00f3 k\u00e9pek, a k\u00fcl\u00f6nleges selfiek, az instagram vil\u00e1ga ez\u00fattal metaforak\u00e9nt szolg\u00e1l. A selfie mindig sz\u00e9p \u00e9s vid\u00e1m, \u00e1m ez\u00fattal l\u00e1that\u00f3 a mosolyg\u00f3 arcok m\u00f6g\u00f6tti vil\u00e1g. T\u00f3th Tam\u00e1s S\u00e1ndor alkot\u00f3: -Vannak minket [&hellip;]<\/p>\n","protected":false},"author":2,"featured_media":0,"comment_status":"closed","ping_status":"closed","sticky":false,"template":"","format":"standard","meta":[],"categories":[9],"tags":[],"_links":{"self":[{"href":"http:\/\/archiv.szolnoktv.hu\/index.php?rest_route=\/wp\/v2\/posts\/8703"}],"collection":[{"href":"http:\/\/archiv.szolnoktv.hu\/index.php?rest_route=\/wp\/v2\/posts"}],"about":[{"href":"http:\/\/archiv.szolnoktv.hu\/index.php?rest_route=\/wp\/v2\/types\/post"}],"author":[{"embeddable":true,"href":"http:\/\/archiv.szolnoktv.hu\/index.php?rest_route=\/wp\/v2\/users\/2"}],"replies":[{"embeddable":true,"href":"http:\/\/archiv.szolnoktv.hu\/index.php?rest_route=%2Fwp%2Fv2%2Fcomments&post=8703"}],"version-history":[{"count":1,"href":"http:\/\/archiv.szolnoktv.hu\/index.php?rest_route=\/wp\/v2\/posts\/8703\/revisions"}],"predecessor-version":[{"id":8730,"href":"http:\/\/archiv.szolnoktv.hu\/index.php?rest_route=\/wp\/v2\/posts\/8703\/revisions\/8730"}],"wp:attachment":[{"href":"http:\/\/archiv.szolnoktv.hu\/index.php?rest_route=%2Fwp%2Fv2%2Fmedia&parent=8703"}],"wp:term":[{"taxonomy":"category","embeddable":true,"href":"http:\/\/archiv.szolnoktv.hu\/index.php?rest_route=%2Fwp%2Fv2%2Fcategories&post=8703"},{"taxonomy":"post_tag","embeddable":true,"href":"http:\/\/archiv.szolnoktv.hu\/index.php?rest_route=%2Fwp%2Fv2%2Ftags&post=8703"}],"curies":[{"name":"wp","href":"https:\/\/api.w.org\/{rel}","templated":true}]}}