{"id":8702,"date":"2018-04-06T17:41:42","date_gmt":"2018-04-06T17:41:42","guid":{"rendered":"http:\/\/archiv.szolnoktv.hu\/?p=8702"},"modified":"2021-08-13T20:12:54","modified_gmt":"2021-08-13T20:12:54","slug":"tovabb-fiatalodott-a-kmkk-zrt-jarmuparkja","status":"publish","type":"post","link":"http:\/\/archiv.szolnoktv.hu\/?p=8702","title":{"rendered":"Tov\u00e1bb fiatalodott a KMKK Zrt. j\u00e1rm\u0171parkja"},"content":{"rendered":"<div class='booster-block booster-read-block'><\/div><p>Ezekkel a Volvo t\u00edpus\u00fa aut\u00f3buszokkal kezd\u0151d\u00f6tt febru\u00e1rban a K\u00f6z\u00e9pkelet-magyarorsz\u00e1gi K\u00f6zleked\u00e9si K\u00f6zpont j\u00e1rm\u0171parkj\u00e1nak fiatal\u00edt\u00e1sa megy\u00e9nkben. Az akkor forgalomba helyezett j\u00e1rm\u0171vek 49 utas sz\u00e1ll\u00edt\u00e1s\u00e1ra alkalmasak. A korszer\u0171s\u00edt\u00e9si program m\u00e1rciusban folytat\u00f3dott. \u00cdgy n\u00e9z ki az az \u00faj busz, amib\u0151l 3 \u00e9rkezett a KMKK Zrt. szolnoki telephely\u00e9re. (8539)<\/p>\n<p>-Az a Cerdo-Kraftex-K\u00fchne Csoport \u00e1ltal gy\u00e1rtott aut\u00f3buszok \u00e9s k\u00e9t tengelyes norm\u00e1l padl\u00f3 magass\u00e1g\u00fa, k\u00e9t ajt\u00f3s, sz\u00f3l\u00f3 t\u00edpus\u00fa aut\u00f3buszok, amelyeket els\u0151 sorban az el\u0151v\u00e1rosi \u00e9s helyk\u00f6zi forgalomra optimaliz\u00e1ltak \u00e9s tervezetek. Az aut\u00f3buszok 3 megy\u00e9ben lesznek sz\u00e9tosztva, 10 darab \u00e9rkezett \u00f6sszesen.&#8221;-mondta P\u00e1sztor J\u00f3zsef a KMKK Zrt. koordin\u00e1ci\u00f3s \u00e9s JNSZ megyei ter\u00fcleti igazgat\u00f3ja.<\/p>\n<p>Narr\u00e1ci\u00f3: Egy aut\u00f3busz \u00f6sszesen 81 f\u0151 befogad\u00e1s\u00e1ra k\u00e9pes \u00e9s 51 utas sz\u00e1m\u00e1ra biztos\u00edt \u00fcl\u0151helyet. Az utast\u00e9r szell\u0151z\u00e9s\u00e9t, h\u0171t\u00e9s\u00e9t, illetve f\u0171t\u00e9s\u00e9t a busz tetej\u00e9re kihelyezett speci\u00e1lis kl\u00edma biztos\u00edtja. A minden ig\u00e9nyt kiel\u00e9g\u00edt\u0151, korszer\u0171 aut\u00f3buszokkal megy\u00e9nkben az utasok Kunszentm\u00e1rton-Szolnok, J\u00e1szals\u00f3szentgy\u00f6rgy-Szolnok, illetve J\u00e1szals\u00f3szentgy\u00f6rgy-J\u00e1szber\u00e9ny-Budapest vonalon utazhatnak.<\/p>\n<p>-Megvizsg\u00e1ltuk az aktu\u00e1lis j\u00e1rm\u0171parkunkat \u00e9s ahol a fut\u00e1s teljes\u00edtm\u00e9ny indokolta azokat a j\u00e1rm\u0171veket fogjuk lecser\u00e9lni. Olyan \u00f6reg t\u00edpus\u00fa j\u00e1rm\u0171vekr\u0151l van sz\u00f3, amelyek t\u00f6bb mint 1 milli\u00f3 km-t futottak \u00e9s ezeket fogj\u00e1k a mostaniak kiv\u00e1ltani.&#8221;- tette hozz\u00e1 P\u00e1sztor J\u00f3zsef.<\/p>\n<p>Az aut\u00f3buszok magas k\u00f6rnyezetv\u00e9delmi besorol\u00e1s\u00faak, \u00fczemanyag felhaszn\u00e1l\u00e1suk pedig 20%-kal kedvez\u0151bb, mint a jelenlegi aut\u00f3park \u00e1tlag fogyaszt\u00e1sa. Az \u00faj aut\u00f3buszok v\u00e1rhat\u00f3an j\u00f6v\u0151h\u00e9ten ker\u00fclnek forgalomba. <\/p>\n<div style=\"width: 640px;\" class=\"wp-video\"><!--[if lt IE 9]><script>document.createElement('video');<\/script><![endif]-->\n<video class=\"wp-video-shortcode\" id=\"video-8702-1\" width=\"640\" height=\"360\" preload=\"metadata\" controls=\"controls\"><source type=\"video\/mp4\" src=\"\/spots\/hir\/hir_180406_07.mp4?_=1\" \/><a href=\"\/spots\/hir\/hir_180406_07.mp4\">\/spots\/hir\/hir_180406_07.mp4<\/a><\/video><\/div>\n","protected":false},"excerpt":{"rendered":"<p>Ezekkel a Volvo t\u00edpus\u00fa aut\u00f3buszokkal kezd\u0151d\u00f6tt febru\u00e1rban a K\u00f6z\u00e9pkelet-magyarorsz\u00e1gi K\u00f6zleked\u00e9si K\u00f6zpont j\u00e1rm\u0171parkj\u00e1nak fiatal\u00edt\u00e1sa megy\u00e9nkben. Az akkor forgalomba helyezett j\u00e1rm\u0171vek 49 utas sz\u00e1ll\u00edt\u00e1s\u00e1ra alkalmasak. A korszer\u0171s\u00edt\u00e9si program m\u00e1rciusban folytat\u00f3dott. \u00cdgy n\u00e9z ki az az \u00faj busz, amib\u0151l 3 \u00e9rkezett a KMKK Zrt. szolnoki telephely\u00e9re. (8539) -Az a Cerdo-Kraftex-K\u00fchne Csoport \u00e1ltal gy\u00e1rtott aut\u00f3buszok \u00e9s k\u00e9t tengelyes norm\u00e1l [&hellip;]<\/p>\n","protected":false},"author":2,"featured_media":0,"comment_status":"closed","ping_status":"closed","sticky":false,"template":"","format":"standard","meta":[],"categories":[9],"tags":[],"_links":{"self":[{"href":"http:\/\/archiv.szolnoktv.hu\/index.php?rest_route=\/wp\/v2\/posts\/8702"}],"collection":[{"href":"http:\/\/archiv.szolnoktv.hu\/index.php?rest_route=\/wp\/v2\/posts"}],"about":[{"href":"http:\/\/archiv.szolnoktv.hu\/index.php?rest_route=\/wp\/v2\/types\/post"}],"author":[{"embeddable":true,"href":"http:\/\/archiv.szolnoktv.hu\/index.php?rest_route=\/wp\/v2\/users\/2"}],"replies":[{"embeddable":true,"href":"http:\/\/archiv.szolnoktv.hu\/index.php?rest_route=%2Fwp%2Fv2%2Fcomments&post=8702"}],"version-history":[{"count":1,"href":"http:\/\/archiv.szolnoktv.hu\/index.php?rest_route=\/wp\/v2\/posts\/8702\/revisions"}],"predecessor-version":[{"id":8731,"href":"http:\/\/archiv.szolnoktv.hu\/index.php?rest_route=\/wp\/v2\/posts\/8702\/revisions\/8731"}],"wp:attachment":[{"href":"http:\/\/archiv.szolnoktv.hu\/index.php?rest_route=%2Fwp%2Fv2%2Fmedia&parent=8702"}],"wp:term":[{"taxonomy":"category","embeddable":true,"href":"http:\/\/archiv.szolnoktv.hu\/index.php?rest_route=%2Fwp%2Fv2%2Fcategories&post=8702"},{"taxonomy":"post_tag","embeddable":true,"href":"http:\/\/archiv.szolnoktv.hu\/index.php?rest_route=%2Fwp%2Fv2%2Ftags&post=8702"}],"curies":[{"name":"wp","href":"https:\/\/api.w.org\/{rel}","templated":true}]}}