{"id":8701,"date":"2018-04-06T16:37:14","date_gmt":"2018-04-06T16:37:14","guid":{"rendered":"http:\/\/archiv.szolnoktv.hu\/?p=8701"},"modified":"2021-08-13T20:12:54","modified_gmt":"2021-08-13T20:12:54","slug":"az-orszaggyulesi-valasztas-ideje-alatt-nyitva-lesznek-a-kormanyablakok","status":"publish","type":"post","link":"http:\/\/archiv.szolnoktv.hu\/?p=8701","title":{"rendered":"Az orsz\u00e1ggy\u0171l\u00e9si v\u00e1laszt\u00e1s ideje alatt nyitva lesznek a korm\u00e1nyablakok"},"content":{"rendered":"<div class='booster-block booster-read-block'><\/div><p>M\u00falt h\u00e9t kedd \u00f3ta 70 nyitott urn\u00e1t \u0151riznek a v\u00e1rosh\u00e1za D\u00edszterm\u00e9ben. Ezek az urn\u00e1k lesznek azok, amelyekbe a 70 szolnoki szavaz\u00f3k\u00f6rben voksol\u00f3 polg\u00e1rok leadhatj\u00e1k a szavazataikat. Az urn\u00e1k mellett ugyancsak a D\u00edszteremben van az a mintegy 60.000 szavaz\u00f3lap is, amelyeken az egy\u00e9ni jel\u00f6ltekre, valamint a p\u00e1rtokra adhatj\u00e1k le voksaikat a szavaz\u00f3k. Az urn\u00e1kat \u00e9s a v\u00e1laszt\u00e1s t\u00f6rv\u00e9nyess\u00e9g\u00e9hez sz\u00fcks\u00e9ges dokumentumokat a szavazatsz\u00e1ml\u00e1l\u00f3 bizotts\u00e1gok eln\u00f6kei, illetve jegyz\u0151k\u00f6nyvvezet\u0151i holnap veszik \u00e1t, majd vas\u00e1rnap kora hajnalban sz\u00e1ll\u00edtj\u00e1k azokat a  szavaz\u00f3k\u00f6r\u00f6kbe. <\/p>\n<p>A szavazatok lead\u00e1sa el\u0151tt a v\u00e1laszt\u00f3polg\u00e1roknak igazolniuk kell magukat. Ezt megtehetik a t\u00f6bbi k\u00f6z\u00f6tt \u00e9rv\u00e9nyes szem\u00e9lyi igazolv\u00e1nnyal, \u00fatlev\u00e9llel \u00e9s jogos\u00edtv\u00e1nnyal is. Abban az esetben, ha a szem\u00e9lyazonoss\u00e1got igazol\u00f3 dokumentum nem tartalmazza a lakc\u00edmet, akkor a lakc\u00edmk\u00e1rty\u00e1ra is sz\u00fcks\u00e9g lesz ahhoz, hogy valaki szavazhasson. Csak \u00fagy lehet szavazni, ha ezek a dokumentumok \u00e9rv\u00e9nyesek, ez\u00e9rt a JNSZ megyei korm\u00e1nyablakok \u00e9s okm\u00e1nyirod\u00e1k szombaton \u00e9s vas\u00e1rnap is nyitva tartanak annak \u00e9rdek\u00e9ben, hogy a lej\u00e1rt iratokat ak\u00e1r \u00e1prilis 8-\u00e1n is ki\u00e1ll\u00edthass\u00e1k ezzel biztos\u00edtva a v\u00e1laszt\u00e1son val\u00f3 r\u00e9szv\u00e9tel lehet\u0151s\u00e9g\u00e9t. <\/p>\n<p>Dr. Berk\u00f3 Attila a JNSZ Megyei Korm\u00e1nyhivatal f\u0151igazgat\u00f3ja \u00fagy fogalmazott: -A szem\u00e9lyigazolv\u00e1nyok vonatkoz\u00e1s\u00e1ban azonnal kiad\u00e1sra ker\u00fcl egy ideiglenes szem\u00e9lyigazolv\u00e1ny, teh\u00e1t gyakorlatilag egy pap\u00edr-alap\u00fa form\u00e1tum, amivel a szavaz\u00e1son \u00e9lhet a v\u00e1laszt\u00f3jog\u00e1val. M\u00e1s dokumentumok vonatkoz\u00e1s\u00e1ban is, teh\u00e1t a lakc\u00edmet, illetve a szem\u00e9lyazonoss\u00e1got igazol\u00f3 un. lakc\u00edmk\u00e1rtya kiad\u00e1s\u00e1ra is azt kell, hogy mondjam, hogy perceken bel\u00fcl, maximum egy \u00f3r\u00e1n bel\u00fcl kiad\u00e1sra ker\u00fclnek, \u00fagyhogy m\u00e9g azon a napon ezzel lehet szavazni.  <\/p>\n<p>A hossz\u00edtott nyitvatart\u00e1s m\u00e1r ma elkezd\u0151d\u00f6tt, a megszokott 8 \u00f3ra helyett m\u00e1r reggel 7-kor kinyitottak az okm\u00e1nyirod\u00e1k \u00e9s korm\u00e1nyablakok \u00e9s eg\u00e9szen 19:00 \u00f3r\u00e1ig fogadt\u00e1k az \u00fcgyfeleket. Szombaton \u00e9s vas\u00e1rnap sem lesz ez m\u00e1sk\u00e9nt, mindk\u00e9t nap reggel 7-t\u0151l este 7-ig int\u00e9zik az \u00fcgyeket. A rendk\u00edv\u00fcli nyitvatart\u00e1s idej\u00e9n csak ideiglenes szem\u00e9lyi igazolv\u00e1nyt \u00e9s lakc\u00edmk\u00e1rty\u00e1t \u00e1ll\u00edtanak ki, valamint a m\u00e1r elk\u00e9sz\u00fclt dokumentumok \u00e1tv\u00e9tel\u00e9re lesz lehet\u0151s\u00e9g. <\/p>\n<p>-Csak \u00e9s kiz\u00e1r\u00f3lag a v\u00e1laszt\u00e1sokhoz sz\u00fcks\u00e9ges dokumentumok \u00e1tv\u00e9tel\u00e9re, illetve ideiglenes szem\u00e9lyigazolv\u00e1ny ig\u00e9nyl\u00e9s\u00e9nek a kiad\u00e1s\u00e1ra van lehet\u0151s\u00e9g. Nagyon k\u00e9rek mindenkit arra, hogy m\u00e9g a mai napon ellen\u0151rizze ezen dokumentumok \u00e9rv\u00e9nyess\u00e9g\u00e9t, hiszen, ha b\u00e1rmely dokumentum lej\u00e1rt idej\u0171, ezt m\u00e9g a mai napon tudj\u00e1k kezdem\u00e9nyezni a megye mind a 14 korm\u00e1nyablak\u00e1ban, illetve mind a 4 okm\u00e1nyirod\u00e1ban.&#8221;  &#8211;   emelte ki Dr. Berk\u00f3 Attila<\/p>\n<p>Az orsz\u00e1ggy\u0171l\u00e9si v\u00e1laszt\u00e1sokat \u00e1prilis 8-\u00e1n, vas\u00e1rnap, reggel 6:00 \u00e9s d\u00e9lut\u00e1n 19:00 \u00f3ra k\u00f6z\u00f6tt rendezik. <\/p>\n<div style=\"width: 640px;\" class=\"wp-video\"><!--[if lt IE 9]><script>document.createElement('video');<\/script><![endif]-->\n<video class=\"wp-video-shortcode\" id=\"video-8701-1\" width=\"640\" height=\"360\" preload=\"metadata\" controls=\"controls\"><source type=\"video\/mp4\" src=\"\/spots\/hir\/hir_180406_02.mp4?_=1\" \/><a href=\"\/spots\/hir\/hir_180406_02.mp4\">\/spots\/hir\/hir_180406_02.mp4<\/a><\/video><\/div>\n","protected":false},"excerpt":{"rendered":"<p>M\u00falt h\u00e9t kedd \u00f3ta 70 nyitott urn\u00e1t \u0151riznek a v\u00e1rosh\u00e1za D\u00edszterm\u00e9ben. Ezek az urn\u00e1k lesznek azok, amelyekbe a 70 szolnoki szavaz\u00f3k\u00f6rben voksol\u00f3 polg\u00e1rok leadhatj\u00e1k a szavazataikat. Az urn\u00e1k mellett ugyancsak a D\u00edszteremben van az a mintegy 60.000 szavaz\u00f3lap is, amelyeken az egy\u00e9ni jel\u00f6ltekre, valamint a p\u00e1rtokra adhatj\u00e1k le voksaikat a szavaz\u00f3k. Az urn\u00e1kat \u00e9s a [&hellip;]<\/p>\n","protected":false},"author":2,"featured_media":0,"comment_status":"closed","ping_status":"closed","sticky":false,"template":"","format":"standard","meta":[],"categories":[9],"tags":[],"_links":{"self":[{"href":"http:\/\/archiv.szolnoktv.hu\/index.php?rest_route=\/wp\/v2\/posts\/8701"}],"collection":[{"href":"http:\/\/archiv.szolnoktv.hu\/index.php?rest_route=\/wp\/v2\/posts"}],"about":[{"href":"http:\/\/archiv.szolnoktv.hu\/index.php?rest_route=\/wp\/v2\/types\/post"}],"author":[{"embeddable":true,"href":"http:\/\/archiv.szolnoktv.hu\/index.php?rest_route=\/wp\/v2\/users\/2"}],"replies":[{"embeddable":true,"href":"http:\/\/archiv.szolnoktv.hu\/index.php?rest_route=%2Fwp%2Fv2%2Fcomments&post=8701"}],"version-history":[{"count":1,"href":"http:\/\/archiv.szolnoktv.hu\/index.php?rest_route=\/wp\/v2\/posts\/8701\/revisions"}],"predecessor-version":[{"id":8732,"href":"http:\/\/archiv.szolnoktv.hu\/index.php?rest_route=\/wp\/v2\/posts\/8701\/revisions\/8732"}],"wp:attachment":[{"href":"http:\/\/archiv.szolnoktv.hu\/index.php?rest_route=%2Fwp%2Fv2%2Fmedia&parent=8701"}],"wp:term":[{"taxonomy":"category","embeddable":true,"href":"http:\/\/archiv.szolnoktv.hu\/index.php?rest_route=%2Fwp%2Fv2%2Fcategories&post=8701"},{"taxonomy":"post_tag","embeddable":true,"href":"http:\/\/archiv.szolnoktv.hu\/index.php?rest_route=%2Fwp%2Fv2%2Ftags&post=8701"}],"curies":[{"name":"wp","href":"https:\/\/api.w.org\/{rel}","templated":true}]}}