{"id":8700,"date":"2018-04-06T16:23:50","date_gmt":"2018-04-06T16:23:50","guid":{"rendered":"http:\/\/archiv.szolnoktv.hu\/?p=8700"},"modified":"2021-08-13T20:12:54","modified_gmt":"2021-08-13T20:12:54","slug":"verseny-a-tehetseggondozas-jegyeben","status":"publish","type":"post","link":"http:\/\/archiv.szolnoktv.hu\/?p=8700","title":{"rendered":"Verseny a tehets\u00e9ggondoz\u00e1s jegy\u00e9ben"},"content":{"rendered":"<div class='booster-block booster-read-block'><\/div><p>A jubileumi rendezv\u00e9nysorozat z\u00e1r\u00f3 napj\u00e1n \u00e9nekeltek &#8211; t\u00f6bbek k\u00f6z\u00f6tt &#8211; a Zeng\u0151 Ovi csemet\u00e9i. A V\u00e1rosi \u00d3vod\u00e1k mind a 19 int\u00e9zm\u00e9ny\u00e9b\u0151l \u00e9rkeztek gyermekek, hogy megm\u00e9rettess\u00e9k magukat. <\/p>\n<p>-Abba seg\u00edtettek, mondjuk, hogy megmondt\u00e1k, hogy mit csin\u00e1ljunk, meg odafigyeltek, hogy mit csin\u00e1ltunk. Hogy, ha elrontottuk, akkor seg\u00edtettek nek\u00fcnk \u00e9s \u00edgy k\u00e9sz\u00fclt\u00fcnk fel.&#8221; -mondta Pint\u00e9r \u00c1gnes, aki a Zeng\u0151 Ovi nagycsoportj\u00e1ba j\u00e1r.<\/p>\n<p>Viszonylag kev\u00e9s az a gyerek, akinek tehets\u00e9ge kor\u00e1n megnyilatkozik  &#8211;   mondj\u00e1k a szakemberek, de a tehets\u00e9gek felfedez\u00e9se \u00e9s fejleszt\u00e9se igazi kih\u00edv\u00e1s az \u00f3vodapedag\u00f3gusok sz\u00e1m\u00e1ra. <\/p>\n<p>-Az \u00f3vod\u00e1nkban \u00e9s mind a 19 tagint\u00e9zm\u00e9nyben van egy azonos\u00edt\u00e1si felm\u00e9r\u00e9s \u00e9s abb\u00f3l v\u00e1logatjuk ki a zenem\u0171helybe azokat a gyerekeket, akik ezen a ter\u00fcleten, a zene ter\u00fclet\u00e9n tehets\u00e9ges jellemvon\u00e1sokat mutatnak.&#8221; -mondta Kisp\u00e1ln\u00e9 Vattai Anik\u00f3, a Zeng\u0151 \u00d3voda nagycsoportosainak \u00f3v\u00f3n\u0151je.<\/p>\n<p>Az \u00f3vod\u00e1kban a tehets\u00e9g fejleszt\u00e9se saj\u00e1tos: a fejleszt\u0151 elemeket be\u00e9p\u00edtik a mindennapokba \u00e9s a gyerekek szabadon d\u00f6nthetnek, r\u00e9szt k\u00edv\u00e1nnak-e venni benne.<\/p>\n<p>-A gyerekek el\u0151sz\u00f6r is hangszeren tanulnak: a metalofon az \u0151 hangszer\u00fck. Hosszas gondolkoz\u00e1s ut\u00e1n r\u00e1j\u00f6ttem, hogy ez az a hangszer, amin az \u00f3vod\u00e1sok is nagyon k\u00f6nnyen, nagyon gyorsan megtanulnak dallamokat j\u00e1tszani. \u00c9s egy\u00e9nileg, kettes\u00e9vel, h\u00e1rmas\u00e1val vannak nekik zene\u00f3r\u00e1juk tulajdonk\u00e9ppen alv\u00e1sid\u0151ben, ami nagyon tetszik nekik, hogy kicsit kij\u00f6hetnek a nagycsoportosok m\u00e1r.&#8221; -mondta M\u00f3r\u00e1n\u00e9 Seres Katalin, a Zeng\u0151 Ovi egyik pedag\u00f3giai asszisztense, aki a Sodr\u00e1s N\u00e9pzenei Kisegy\u00fcttes tagja.<\/p>\n<p>A Szolnok V\u00e1rosi \u00d3vod\u00e1k kiv\u00e1l\u00f3an akkredit\u00e1lt tehets\u00e9g pontnak sz\u00e1m\u00edt. Ennek megfelel\u0151en kiemelten kezelik a tehets\u00e9ggondoz\u00e1st. Az int\u00e9zm\u00e9ny tehets\u00e9ggondoz\u00f3 programj\u00e1nak c\u00e9lja a gyermekek er\u0151s oldal\u00e1nak fejleszt\u00e9se, t\u00e1mogat\u00e1sa.<\/p>\n<p>-Amikor az \u00e9letkorban ennyire el\u00f6l vagyunk m\u00e9g, akkor azt nagyon nagyon neh\u00e9z megfogni, hogy ez egy biztons\u00e1gos tehets\u00e9g \u00edg\u00e9rete a gyermek szem\u00e9lyis\u00e9g\u00e9ben az a t\u00f6bblet adotts\u00e1g. De \u00e9n azt gondolom, hogy az \u00f3vod\u00e1nak, mint els\u0151 k\u00f6telez\u0151 int\u00e9zm\u00e9nynek , oktat\u00e1si int\u00e9zm\u00e9nynek, ez a dolga, hogy felfedezze ezt, hogy meger\u0151s\u00edtse, hogy a sz\u00fcl\u0151 sz\u00e1m\u00e1ra is felmutassa, azt, hogy az \u0151 gyermek\u00e9ben az \u00e1tlagosn\u00e1l t\u00f6bb van.&#8221; -nyilatkozta Ferenczn\u00e9 Teleky \u00c9va, a Szolnok V\u00e1rosi \u00d3vod\u00e1k igazgat\u00f3ja.<\/p>\n<p>A j\u00e1t\u00e9kos szakk\u00f6r\u00f6k hozz\u00e1j\u00e1rulnak az \u00f3vod\u00e1s gyermekek szem\u00e9lyis\u00e9g\u00e9nek eg\u00e9szs\u00e9ges alakul\u00e1s\u00e1hoz. Ezt az \u00e9rzelmi biztons\u00e1got ny\u00fajt\u00f3, t\u00e1mogat\u00f3 pedag\u00f3gus k\u00f6rnyezet is seg\u00edti: p\u00e9ld\u00e1ul egy ilyen Ovi-dobog\u00f3val.<\/p>\n<div style=\"width: 640px;\" class=\"wp-video\"><!--[if lt IE 9]><script>document.createElement('video');<\/script><![endif]-->\n<video class=\"wp-video-shortcode\" id=\"video-8700-1\" width=\"640\" height=\"360\" preload=\"metadata\" controls=\"controls\"><source type=\"video\/mp4\" src=\"\/spots\/hir\/hir_180406_04.mp4?_=1\" \/><a href=\"\/spots\/hir\/hir_180406_04.mp4\">\/spots\/hir\/hir_180406_04.mp4<\/a><\/video><\/div>\n","protected":false},"excerpt":{"rendered":"<p>A jubileumi rendezv\u00e9nysorozat z\u00e1r\u00f3 napj\u00e1n \u00e9nekeltek &#8211; t\u00f6bbek k\u00f6z\u00f6tt &#8211; a Zeng\u0151 Ovi csemet\u00e9i. A V\u00e1rosi \u00d3vod\u00e1k mind a 19 int\u00e9zm\u00e9ny\u00e9b\u0151l \u00e9rkeztek gyermekek, hogy megm\u00e9rettess\u00e9k magukat. -Abba seg\u00edtettek, mondjuk, hogy megmondt\u00e1k, hogy mit csin\u00e1ljunk, meg odafigyeltek, hogy mit csin\u00e1ltunk. Hogy, ha elrontottuk, akkor seg\u00edtettek nek\u00fcnk \u00e9s \u00edgy k\u00e9sz\u00fclt\u00fcnk fel.&#8221; -mondta Pint\u00e9r \u00c1gnes, aki a Zeng\u0151 [&hellip;]<\/p>\n","protected":false},"author":2,"featured_media":0,"comment_status":"closed","ping_status":"closed","sticky":false,"template":"","format":"standard","meta":[],"categories":[9],"tags":[],"_links":{"self":[{"href":"http:\/\/archiv.szolnoktv.hu\/index.php?rest_route=\/wp\/v2\/posts\/8700"}],"collection":[{"href":"http:\/\/archiv.szolnoktv.hu\/index.php?rest_route=\/wp\/v2\/posts"}],"about":[{"href":"http:\/\/archiv.szolnoktv.hu\/index.php?rest_route=\/wp\/v2\/types\/post"}],"author":[{"embeddable":true,"href":"http:\/\/archiv.szolnoktv.hu\/index.php?rest_route=\/wp\/v2\/users\/2"}],"replies":[{"embeddable":true,"href":"http:\/\/archiv.szolnoktv.hu\/index.php?rest_route=%2Fwp%2Fv2%2Fcomments&post=8700"}],"version-history":[{"count":1,"href":"http:\/\/archiv.szolnoktv.hu\/index.php?rest_route=\/wp\/v2\/posts\/8700\/revisions"}],"predecessor-version":[{"id":8733,"href":"http:\/\/archiv.szolnoktv.hu\/index.php?rest_route=\/wp\/v2\/posts\/8700\/revisions\/8733"}],"wp:attachment":[{"href":"http:\/\/archiv.szolnoktv.hu\/index.php?rest_route=%2Fwp%2Fv2%2Fmedia&parent=8700"}],"wp:term":[{"taxonomy":"category","embeddable":true,"href":"http:\/\/archiv.szolnoktv.hu\/index.php?rest_route=%2Fwp%2Fv2%2Fcategories&post=8700"},{"taxonomy":"post_tag","embeddable":true,"href":"http:\/\/archiv.szolnoktv.hu\/index.php?rest_route=%2Fwp%2Fv2%2Ftags&post=8700"}],"curies":[{"name":"wp","href":"https:\/\/api.w.org\/{rel}","templated":true}]}}