{"id":8699,"date":"2018-04-06T16:11:51","date_gmt":"2018-04-06T16:11:51","guid":{"rendered":"http:\/\/archiv.szolnoktv.hu\/?p=8699"},"modified":"2021-08-13T20:12:54","modified_gmt":"2021-08-13T20:12:54","slug":"jobbik-sajtotajekoztato-8","status":"publish","type":"post","link":"http:\/\/archiv.szolnoktv.hu\/?p=8699","title":{"rendered":"Jobbik sajt\u00f3t\u00e1j\u00e9koztat\u00f3"},"content":{"rendered":"<div class='booster-block booster-read-block'><\/div><p> A Jobbik v\u00e1laszt\u00e1s el\u0151tti utols\u00f3 sajtt\u00e1j\u00e9koztat\u00f3j\u00e1n ez\u00fattal nem a k\u00e9pvisel\u0151jel\u00f6lt, hanem a p\u00e1rt  szolnoki alel\u00f6nke besz\u00e9lt. Dr. Csik\u00f3s Attila ugyanis \u00e9ppen terepen volt, a v\u00e1laszt\u00f3kkal tal\u00e1lkozott , hogy min\u00e9l t\u00f6bb emberhez eljuttassa a Jobbik programj\u00e1t-kezdte sajt\u00f3t\u00e1j\u00e9koztat\u00f3j\u00e1t Dr. Szotyori -L\u00e1z\u00e1r Zolt\u00e1n. <\/p>\n<p>&#8211;K\u00f6ztudott, hogy az ellenz\u00e9ki v\u00e1laszt\u00f3k mintegy k\u00e9t harmada korm\u00e1nyv\u00e1lt\u00e1st szeretne, azonban egy a korm\u00e1nyv\u00e1lt\u00f3 hangulat csak \u00fagy tud \u00e9rv\u00e9nyre jutni, hogyha az egy\u00e9ni k\u00f6rzetekben  a FIDESZ jel\u00f6ltj\u00e9vel szemben az ellenz\u00e9ki szavaz\u00f3k a leger\u0151sebb ellenz\u00e9ki jel\u00f6ltet t\u00e1mogatj\u00e1k. &#8211;<\/p>\n<p>Szolnokon pedig Dr. Csik\u00f3s Attila a leger\u0151sebb ellenz\u00e9ki jel\u00f6lt-emelte ki az aleln\u00f6k. Hivatkoz\u00e1sul  utalt a kutat\u00e1sokra, aj\u00e1nl\u00e1sokra,  a k\u00f6z\u00f6sorsz\u00e1gmozgalomra, a rendszerv\u00e1ltoz\u00e1s 2018ra, vagy a V18 csoportra, taktikaiszavaz\u00e1s.hu oldalakra.<\/p>\n<p>-&#8220;List\u00e1n hallgassanak a sz\u00edv\u00fckre \u00e9s szavazzanak arra a jel\u00f6lre aki hozz\u00e1juk a legk\u00f6zelebb \u00e1ll, azonban egy\u00e9niben mindenk\u00e9ppen a leger\u0151sebb, leges\u00e9lyesebb ellenz\u00e9ki jel\u00f6ltre , Szolnokon Dr. Csik\u00f3s Attil\u00e1ra szavazzanak. Ezzel az \u00e1tszavaz\u00e1ssal van arra re\u00e1lis lehet\u0151s\u00e9g, hogy Szolnokon ellenz\u00e9ki gy\u0151zelem sz\u00fcletik. &#8211;<\/p>\n<p>Fontos a r\u00e9szv\u00e9teli ar\u00e1ny is tette hozz\u00e1. A kutat\u00e1sok szerint ha siker\u00fcl el\u00e9rni a 65-70%-ot mindenk\u00e9ppen korm\u00e1nyv\u00e1lt\u00e1s lesz  &#8211;   mondta a politikus. Ehhez azonban \u00e9lni kell a v\u00e1laszt\u00f3joggal  &#8211;   z\u00e1rta gondolatait Dr. Szotyori -L\u00e1z\u00e1r Zolt\u00e1n.<\/p>\n<div style=\"width: 640px;\" class=\"wp-video\"><!--[if lt IE 9]><script>document.createElement('video');<\/script><![endif]-->\n<video class=\"wp-video-shortcode\" id=\"video-8699-1\" width=\"640\" height=\"360\" preload=\"metadata\" controls=\"controls\"><source type=\"video\/mp4\" src=\"\/spots\/hir\/hir_180406_05.mp4?_=1\" \/><a href=\"\/spots\/hir\/hir_180406_05.mp4\">\/spots\/hir\/hir_180406_05.mp4<\/a><\/video><\/div>\n","protected":false},"excerpt":{"rendered":"<p>A Jobbik v\u00e1laszt\u00e1s el\u0151tti utols\u00f3 sajtt\u00e1j\u00e9koztat\u00f3j\u00e1n ez\u00fattal nem a k\u00e9pvisel\u0151jel\u00f6lt, hanem a p\u00e1rt szolnoki alel\u00f6nke besz\u00e9lt. Dr. Csik\u00f3s Attila ugyanis \u00e9ppen terepen volt, a v\u00e1laszt\u00f3kkal tal\u00e1lkozott , hogy min\u00e9l t\u00f6bb emberhez eljuttassa a Jobbik programj\u00e1t-kezdte sajt\u00f3t\u00e1j\u00e9koztat\u00f3j\u00e1t Dr. Szotyori -L\u00e1z\u00e1r Zolt\u00e1n. &#8211;K\u00f6ztudott, hogy az ellenz\u00e9ki v\u00e1laszt\u00f3k mintegy k\u00e9t harmada korm\u00e1nyv\u00e1lt\u00e1st szeretne, azonban egy a korm\u00e1nyv\u00e1lt\u00f3 hangulat [&hellip;]<\/p>\n","protected":false},"author":2,"featured_media":0,"comment_status":"closed","ping_status":"closed","sticky":false,"template":"","format":"standard","meta":[],"categories":[9],"tags":[],"_links":{"self":[{"href":"http:\/\/archiv.szolnoktv.hu\/index.php?rest_route=\/wp\/v2\/posts\/8699"}],"collection":[{"href":"http:\/\/archiv.szolnoktv.hu\/index.php?rest_route=\/wp\/v2\/posts"}],"about":[{"href":"http:\/\/archiv.szolnoktv.hu\/index.php?rest_route=\/wp\/v2\/types\/post"}],"author":[{"embeddable":true,"href":"http:\/\/archiv.szolnoktv.hu\/index.php?rest_route=\/wp\/v2\/users\/2"}],"replies":[{"embeddable":true,"href":"http:\/\/archiv.szolnoktv.hu\/index.php?rest_route=%2Fwp%2Fv2%2Fcomments&post=8699"}],"version-history":[{"count":1,"href":"http:\/\/archiv.szolnoktv.hu\/index.php?rest_route=\/wp\/v2\/posts\/8699\/revisions"}],"predecessor-version":[{"id":8734,"href":"http:\/\/archiv.szolnoktv.hu\/index.php?rest_route=\/wp\/v2\/posts\/8699\/revisions\/8734"}],"wp:attachment":[{"href":"http:\/\/archiv.szolnoktv.hu\/index.php?rest_route=%2Fwp%2Fv2%2Fmedia&parent=8699"}],"wp:term":[{"taxonomy":"category","embeddable":true,"href":"http:\/\/archiv.szolnoktv.hu\/index.php?rest_route=%2Fwp%2Fv2%2Fcategories&post=8699"},{"taxonomy":"post_tag","embeddable":true,"href":"http:\/\/archiv.szolnoktv.hu\/index.php?rest_route=%2Fwp%2Fv2%2Ftags&post=8699"}],"curies":[{"name":"wp","href":"https:\/\/api.w.org\/{rel}","templated":true}]}}