{"id":8698,"date":"2018-04-06T16:01:22","date_gmt":"2018-04-06T16:01:22","guid":{"rendered":"http:\/\/archiv.szolnoktv.hu\/?p=8698"},"modified":"2021-08-13T20:12:54","modified_gmt":"2021-08-13T20:12:54","slug":"megnyilt-a-20-szolnoki-utazas-kiallitas","status":"publish","type":"post","link":"http:\/\/archiv.szolnoktv.hu\/?p=8698","title":{"rendered":"Megny\u00edlt a 20. Szolnoki Utaz\u00e1s Ki\u00e1ll\u00edt\u00e1s"},"content":{"rendered":"<div class='booster-block booster-read-block'><\/div><p>1998-ban Turisztikai Konferenci\u00e1val \u00e9s n\u00e9h\u00e1ny ki\u00e1ll\u00edt\u00f3val indult \u00fatj\u00e1ra a m\u00e1ra orsz\u00e1gos h\u00edr\u0171v\u00e9 v\u00e1lt Szolnoki Utaz\u00e1si Ki\u00e1ll\u00edt\u00e1s.  Az esem\u00e9nynek kezdetekt\u0151l, \u00edgy id\u00e9n is az Aba-Nov\u00e1k Ag\u00f3ra Kultur\u00e1lis K\u00f6zpont adott otthont. A jubileumi ki\u00e1ll\u00edt\u00e1s \u00fcnnep\u00e9lyes megnyit\u00f3j\u00e1n Szalay Ferenc k\u00f6sz\u00f6nt\u00f6tte az \u00e9rdekl\u0151d\u0151ket.  A folyamatos fejleszt\u00e9snek k\u00f6sz\u00f6nhet\u0151en Szolnokon is megugrott a vend\u00e9g\u00e9jszak\u00e1\u00e9k sz\u00e1ma  &#8211;   fogalmazott a polg\u00e1rmester, hozz\u00e1t\u00e9ve, m\u00e9g t\u00f6bb turisztikai l\u00e1tnival\u00f3t terveznek a k\u00f6zelj\u00f6v\u0151ben. <\/p>\n<p>&#8211; A j\u00f6v\u0151 is err\u0151l sz\u00f3l, ha minden igaz 2019-re, 20-ra egy gy\u00f6ny\u00f6r\u0171 term\u00e1lf\u00fcrd\u0151 \u00e9p\u00fcl a Tiszaligetben, ami szint\u00e9n a vonzer\u0151t kell hogy n\u00f6velje. Ami Szolnokon \u00e9rdekes, az a sportturizmus, a v\u00edzilabda \u00e9s a kos\u00e1rlabda a nemzetk\u00f6zi szerepl\u00e9s\u00e9vel nagyon komoly szerepl\u00e9seket hoz a v\u00e1rosba. &#8211; &#8211; mondta Szalay Ferenc. <\/p>\n<p>Narr\u00e1ci\u00f3: A ki\u00e1ll\u00edt\u00e1s idei d\u00edszvend\u00e9ge Balatonf\u00fcred. A telep\u00fcl\u00e9s 2013 \u00f3ta Szolnok testv\u00e9rv\u00e1rosa. A f\u00fcredi deleg\u00e1ci\u00f3 a h\u00edres Romantikus Reformkori Fesztiv\u00e1l hangulat\u00e1val \u00e9s Balaton-felvid\u00e9ki borokkal \u00e9rkezett a szolnoki ki\u00e1ll\u00edt\u00e1sra. <\/p>\n<p>-Mi erre a kapcsolatra nagyon b\u00fcszk\u00e9k vagyunk, hiszen olyan \u00e9rt\u00e9kek vannak Szolnokon \u00e9s a t\u00e9rs\u00e9g\u00e9ben \u00e9s a Balatonon is, amit fontos megmutatni. Mi hisz\u00fcnk a belf\u00f6ldi turizmus erej\u00e9ben. Mi nem konkurensek, hanem egy\u00fcttm\u0171k\u00f6d\u0151 partnerek vagyunk. &#8211; &#8211; mondta Dr. B\u00f3ka Istv\u00e1n. <\/p>\n<p>Moln\u00e1r Lajos Mil\u00e1n a kultur\u00e1lis k\u00f6zpont igazgat\u00f3ja a megnyit\u00f3n jelentette be, a Tourinform Irod\u00e1ban m\u00e1t\u00f3l ker\u00e9kp\u00e1rokat is k\u00f6lcs\u00f6n\u00f6zhetnek azok, akik szeretn\u00e9nek v\u00e9gigtekerni Szolnok 50 kilom\u00e9teres bicikli\u00fath\u00e1l\u00f3zat\u00e1n. Id\u00e9n t\u00f6bb mint 50 ki\u00e1ll\u00edt\u00f3 mutatja be turisztikai k\u00edn\u00e1lat\u00e1t, hagyom\u00e1nyait, l\u00e1tnival\u00f3it. Belf\u00f6ldi hegyvid\u00e9ki aj\u00e1nlatok, balatoni \u00e9s Tisza-tavi programok, gy\u00f3gy\u00fcd\u00fcl\u0151 helyek k\u00edn\u00e1lat\u00e1b\u00f3l, valamint k\u00fclf\u00f6ldi \u00fcd\u00fcl\u00e9si aj\u00e1nlatok k\u00f6z\u00fcl v\u00e1logathatnak az \u00e9rdekl\u0151d\u0151k. A ritkas\u00e1gnak sz\u00e1m\u00edt\u00f3 F\u00fcz\u00e9ri v\u00e1rba is foglalhattak h\u00e9tv\u00e9g\u00e9t az \u00e9rdekl\u0151d\u0151k. <\/p>\n<p>Aki nem akar messzire utazni, t\u00e9rs\u00e9g\u00fcnkben is tal\u00e1l kikapcsol\u00f3d\u00e1si lehet\u0151s\u00e9get. <br \/> A ki\u00e1ll\u00edt\u00e1s egy\u00fattal helyi term\u00e9kek v\u00e1s\u00e1ra is. <br \/>Szombaton eg\u00e9sz nap 6 m\u00e9ter magas Darts Futballal v\u00e1rj\u00e1k a futball rajong\u00f3kat. A Hild t\u00e9ren sz\u00ednpadi produkci\u00f3k, \u00e9l\u0151 mobil telefonos j\u00e1t\u00e9k, t\u00e1j\u00e9koz\u00f3d\u00e1si verseny, s\u00e1rk\u00e1nyhaj\u00f3 bemutat\u00f3, \u0151stermel\u0151i \u00e9s k\u00e9zm\u0171ves v\u00e1s\u00e1r v\u00e1rja az \u00e9rdekl\u0151d\u0151ket. <\/p>\n<div style=\"width: 640px;\" class=\"wp-video\"><!--[if lt IE 9]><script>document.createElement('video');<\/script><![endif]-->\n<video class=\"wp-video-shortcode\" id=\"video-8698-1\" width=\"640\" height=\"360\" preload=\"metadata\" controls=\"controls\"><source type=\"video\/mp4\" src=\"\/spots\/hir\/hir_180406_03.mp4?_=1\" \/><a href=\"\/spots\/hir\/hir_180406_03.mp4\">\/spots\/hir\/hir_180406_03.mp4<\/a><\/video><\/div>\n","protected":false},"excerpt":{"rendered":"<p>1998-ban Turisztikai Konferenci\u00e1val \u00e9s n\u00e9h\u00e1ny ki\u00e1ll\u00edt\u00f3val indult \u00fatj\u00e1ra a m\u00e1ra orsz\u00e1gos h\u00edr\u0171v\u00e9 v\u00e1lt Szolnoki Utaz\u00e1si Ki\u00e1ll\u00edt\u00e1s. Az esem\u00e9nynek kezdetekt\u0151l, \u00edgy id\u00e9n is az Aba-Nov\u00e1k Ag\u00f3ra Kultur\u00e1lis K\u00f6zpont adott otthont. A jubileumi ki\u00e1ll\u00edt\u00e1s \u00fcnnep\u00e9lyes megnyit\u00f3j\u00e1n Szalay Ferenc k\u00f6sz\u00f6nt\u00f6tte az \u00e9rdekl\u0151d\u0151ket. A folyamatos fejleszt\u00e9snek k\u00f6sz\u00f6nhet\u0151en Szolnokon is megugrott a vend\u00e9g\u00e9jszak\u00e1\u00e9k sz\u00e1ma &#8211; fogalmazott a polg\u00e1rmester, hozz\u00e1t\u00e9ve, m\u00e9g [&hellip;]<\/p>\n","protected":false},"author":2,"featured_media":0,"comment_status":"closed","ping_status":"closed","sticky":false,"template":"","format":"standard","meta":[],"categories":[9],"tags":[],"_links":{"self":[{"href":"http:\/\/archiv.szolnoktv.hu\/index.php?rest_route=\/wp\/v2\/posts\/8698"}],"collection":[{"href":"http:\/\/archiv.szolnoktv.hu\/index.php?rest_route=\/wp\/v2\/posts"}],"about":[{"href":"http:\/\/archiv.szolnoktv.hu\/index.php?rest_route=\/wp\/v2\/types\/post"}],"author":[{"embeddable":true,"href":"http:\/\/archiv.szolnoktv.hu\/index.php?rest_route=\/wp\/v2\/users\/2"}],"replies":[{"embeddable":true,"href":"http:\/\/archiv.szolnoktv.hu\/index.php?rest_route=%2Fwp%2Fv2%2Fcomments&post=8698"}],"version-history":[{"count":1,"href":"http:\/\/archiv.szolnoktv.hu\/index.php?rest_route=\/wp\/v2\/posts\/8698\/revisions"}],"predecessor-version":[{"id":8735,"href":"http:\/\/archiv.szolnoktv.hu\/index.php?rest_route=\/wp\/v2\/posts\/8698\/revisions\/8735"}],"wp:attachment":[{"href":"http:\/\/archiv.szolnoktv.hu\/index.php?rest_route=%2Fwp%2Fv2%2Fmedia&parent=8698"}],"wp:term":[{"taxonomy":"category","embeddable":true,"href":"http:\/\/archiv.szolnoktv.hu\/index.php?rest_route=%2Fwp%2Fv2%2Fcategories&post=8698"},{"taxonomy":"post_tag","embeddable":true,"href":"http:\/\/archiv.szolnoktv.hu\/index.php?rest_route=%2Fwp%2Fv2%2Ftags&post=8698"}],"curies":[{"name":"wp","href":"https:\/\/api.w.org\/{rel}","templated":true}]}}