{"id":8697,"date":"2018-04-06T15:52:19","date_gmt":"2018-04-06T15:52:19","guid":{"rendered":"http:\/\/archiv.szolnoktv.hu\/?p=8697"},"modified":"2021-08-13T20:12:54","modified_gmt":"2021-08-13T20:12:54","slug":"kreativitas-a-muzeumpedagogiaban","status":"publish","type":"post","link":"http:\/\/archiv.szolnoktv.hu\/?p=8697","title":{"rendered":"Kreativit\u00e1s a m\u00fazeumpedag\u00f3gi\u00e1ban"},"content":{"rendered":"<div class='booster-block booster-read-block'><\/div><p>K\u00fcl\u00f6nleges j\u00e1t\u00e9kot j\u00e1tszanak a di\u00e1kok a Damjanich J\u00e1nos M\u00fazeum k\u00e9pt\u00e1r\u00e1ban. A &#8211; Hol hagytad a kreativit\u00e1sod&#8221; c\u00edm\u0171 m\u00fazeumpedag\u00f3giai, m\u00f3dszertani tal\u00e1lkoz\u00f3ra a di\u00e1kokon k\u00edv\u00fcl tan\u00e1rokat \u00e9s m\u00fazeumpedag\u00f3gusokat is h\u00edvtak. <br \/>A kreativit\u00e1s ugyanis mindenhez hozz\u00e1ad, seg\u00edti a pedag\u00f3gusokat \u00e9s a di\u00e1kokat is. A  Furagura nev\u0171 j\u00e1t\u00e9kfejleszt\u00e9s is ezt szolg\u00e1lja. A csoportos, rajzos t\u00e1rsasj\u00e1t\u00e9k nemcsak a m\u00fazeumpedag\u00f3gi\u00e1ba, hanem az iskolai , pszichol\u00f3giai munk\u00e1ba is beilleszthet\u0151, s\u0151t munkahelyi csapat\u00e9p\u0151 tr\u00e9ningeken is kiv\u00e1l\u00f3an alkalmazhat\u00f3. <\/p>\n<p>Kormos Merc\u00e9desz k\u00e9pz\u0151m\u0171v\u00e9sz, rajz-vizu\u00e1lis kommunik\u00e1ci\u00f3 tan\u00e1r: <\/p>\n<p>-&#8220;Van egy rajzos pap\u00edrszalag, amin nonfigurat\u00edv form\u00e1kat kell k\u00f6rbe rajzolni. Ezeket gur\u00e1knak h\u00edvj\u00e1k a j\u00e1t\u00e9kban. \u00c9s ezeket k\u00f6rberajzolva-t\u00f6bben \u00fclhet\u00fcnk le- egy rajzos t\u00f6rt\u00e9netet fognak l\u00e9trehozni. K\u00f6zben tanulunk egym\u00e1st\u00f3l , a form\u00e1k is adnak egy lehet\u0151s\u00e9get. K\u00fcl\u00f6nb\u00f6z\u0151 oldalr\u00f3l ford\u00edtva, k\u00fcl\u00f6nb\u00f6z\u0151 form\u00e1kat kapunk. Ez m\u00e1r maga a kreativit\u00e1s.&#8221;<\/p>\n<p>A k\u00f6z\u00f6s alkot\u00e1s kapcsolatot teremt a j\u00e1t\u00e9kosok k\u00f6z\u00f6tt, seg\u00edt megismerni a m\u00e1sik elk\u00e9pzel\u00e9seit, hozz\u00e1tesz az eredeti \u00f6tletekhez. A k\u00f6z\u00f6s gondolkod\u00e1s \u00e9s az egy\u00fctt alkot\u00e1s pedig jobb eredm\u00e9nyt, \u00f6sszekov\u00e1csoltabb csapatot sz\u00fcl. <\/p>\n<div style=\"width: 640px;\" class=\"wp-video\"><!--[if lt IE 9]><script>document.createElement('video');<\/script><![endif]-->\n<video class=\"wp-video-shortcode\" id=\"video-8697-1\" width=\"640\" height=\"360\" preload=\"metadata\" controls=\"controls\"><source type=\"video\/mp4\" src=\"\/spots\/hir\/hir_180406_01.mp4?_=1\" \/><a href=\"\/spots\/hir\/hir_180406_01.mp4\">\/spots\/hir\/hir_180406_01.mp4<\/a><\/video><\/div>\n","protected":false},"excerpt":{"rendered":"<p>K\u00fcl\u00f6nleges j\u00e1t\u00e9kot j\u00e1tszanak a di\u00e1kok a Damjanich J\u00e1nos M\u00fazeum k\u00e9pt\u00e1r\u00e1ban. A &#8211; Hol hagytad a kreativit\u00e1sod&#8221; c\u00edm\u0171 m\u00fazeumpedag\u00f3giai, m\u00f3dszertani tal\u00e1lkoz\u00f3ra a di\u00e1kokon k\u00edv\u00fcl tan\u00e1rokat \u00e9s m\u00fazeumpedag\u00f3gusokat is h\u00edvtak. A kreativit\u00e1s ugyanis mindenhez hozz\u00e1ad, seg\u00edti a pedag\u00f3gusokat \u00e9s a di\u00e1kokat is. A Furagura nev\u0171 j\u00e1t\u00e9kfejleszt\u00e9s is ezt szolg\u00e1lja. A csoportos, rajzos t\u00e1rsasj\u00e1t\u00e9k nemcsak a m\u00fazeumpedag\u00f3gi\u00e1ba, hanem [&hellip;]<\/p>\n","protected":false},"author":2,"featured_media":0,"comment_status":"closed","ping_status":"closed","sticky":false,"template":"","format":"standard","meta":[],"categories":[9],"tags":[],"_links":{"self":[{"href":"http:\/\/archiv.szolnoktv.hu\/index.php?rest_route=\/wp\/v2\/posts\/8697"}],"collection":[{"href":"http:\/\/archiv.szolnoktv.hu\/index.php?rest_route=\/wp\/v2\/posts"}],"about":[{"href":"http:\/\/archiv.szolnoktv.hu\/index.php?rest_route=\/wp\/v2\/types\/post"}],"author":[{"embeddable":true,"href":"http:\/\/archiv.szolnoktv.hu\/index.php?rest_route=\/wp\/v2\/users\/2"}],"replies":[{"embeddable":true,"href":"http:\/\/archiv.szolnoktv.hu\/index.php?rest_route=%2Fwp%2Fv2%2Fcomments&post=8697"}],"version-history":[{"count":1,"href":"http:\/\/archiv.szolnoktv.hu\/index.php?rest_route=\/wp\/v2\/posts\/8697\/revisions"}],"predecessor-version":[{"id":8736,"href":"http:\/\/archiv.szolnoktv.hu\/index.php?rest_route=\/wp\/v2\/posts\/8697\/revisions\/8736"}],"wp:attachment":[{"href":"http:\/\/archiv.szolnoktv.hu\/index.php?rest_route=%2Fwp%2Fv2%2Fmedia&parent=8697"}],"wp:term":[{"taxonomy":"category","embeddable":true,"href":"http:\/\/archiv.szolnoktv.hu\/index.php?rest_route=%2Fwp%2Fv2%2Fcategories&post=8697"},{"taxonomy":"post_tag","embeddable":true,"href":"http:\/\/archiv.szolnoktv.hu\/index.php?rest_route=%2Fwp%2Fv2%2Ftags&post=8697"}],"curies":[{"name":"wp","href":"https:\/\/api.w.org\/{rel}","templated":true}]}}