{"id":8696,"date":"2018-04-05T17:39:02","date_gmt":"2018-04-05T17:39:02","guid":{"rendered":"http:\/\/archiv.szolnoktv.hu\/?p=8696"},"modified":"2021-08-13T20:12:55","modified_gmt":"2021-08-13T20:12:55","slug":"fidesz-kdnp-magyarorszag-jovoje-a-tet","status":"publish","type":"post","link":"http:\/\/archiv.szolnoktv.hu\/?p=8696","title":{"rendered":"Fidesz-KDNP: -Magyarorsz\u00e1g j\u00f6v\u0151je a t\u00e9t&#8221;"},"content":{"rendered":"<div class='booster-block booster-read-block'><\/div><p>Dr. K\u00e1llai M\u00e1ria sajt\u00f3t\u00e1j\u00e9koztat\u00f3j\u00e1n arra ir\u00e1ny\u00edtotta r\u00e1 a figyelmet, hogy komoly \u00e9s sorsd\u00f6nt\u0151 v\u00e1laszt\u00e1s el\u0151tt \u00e1ll Magyarorsz\u00e1g. <\/p>\n<p>Dr. K\u00e1llai M\u00e1ria a Fidesz-KDNP orsz\u00e1ggy\u0171l\u00e9si k\u00e9pvisel\u0151jel\u00f6ltje elmondta:<\/p>\n<p>&#8211;Vas\u00e1rnap haz\u00e1nk \u00e9vtizedekre sz\u00f3l\u00f3an d\u00f6nt.  Nem 4 \u00e9vre, hanem gener\u00e1ci\u00f3kra sz\u00f3l\u00f3 d\u00f6nt\u00e9st fog hozni. Az \u00e1prilis 8-i v\u00e1laszt\u00e1son Soros Gy\u00f6rgy jel\u00f6ltjei \u00e1llnak szemben  Orb\u00e1n Viktor jel\u00f6ltjeivel. Soros jel\u00f6ltjei arra k\u00e9sz\u00fclnek, hogy lebonts\u00e1k a ker\u00edt\u00e9st, v\u00e9grehajts\u00e1k a betelep\u00edt\u00e9st \u00e9s bev\u00e1ndorl\u00f3 orsz\u00e1gg\u00e1 tegy\u00e9k Magyarorsz\u00e1got. &#8211;<\/p>\n<p> A Fidesz-KDNP jel\u00f6ltjei ezzel szemben megv\u00e9dik az orsz\u00e1got, megtartj\u00e1k a ker\u00edt\u00e9st \u00e9s k\u00fczdenek a betelep\u00edt\u00e9s ellen. Ez a v\u00e1laszt\u00e1s igazi t\u00e9tje-emelte ki a politikus. Ez Magyarorsz\u00e1g j\u00f6v\u0151je. <br \/>\u00c1prilis 8-\u00e1n megakad\u00e1lyozhatjuk, hogy bev\u00e1ndorl\u00f3 orsz\u00e1g legyen haz\u00e1nk, \u00e9s m\u00e1sok hat\u00e1rozz\u00e1k meg, hogy kivel \u00e9lj\u00fcnk egy\u00fctt-mondta Dr. K\u00e1llai M\u00e1ria. <\/p>\n<p>-&#8220;Szeretn\u00e9 ez\u00e9rt k\u00e9rni mindenkit tisztelettel, hogy szavazat\u00e1val, jelenl\u00e9t\u00e9vel mindenk\u00e9ppen er\u0151s\u00edtse, t\u00e1mogassa a Fidesz-KDNP-t abban, hogy azok az \u00e9rt\u00e9kek, amelyeket megteremtett\u00fcnk megmaradhassanak, az orsz\u00e1g Magyarorsz\u00e1g maradhasson , az orsz\u00e1g f\u00fcggetlen legyen. Erre k\u00e9rem a v\u00e1laszt\u00f3kat-&#8221; tette hozz\u00e1 a politikus.<\/p>\n<p>Az eddig el\u00e9rt eredm\u00e9nyek csak egy olyan orsz\u00e1gban tarthat\u00f3k fenn, amelyben a magyar emberek hozz\u00e1k meg a d\u00f6nt\u00e9seket, amely biztons\u00e1gban \u00e9l. Amely nem engedi be az illeg\u00e1lis bev\u00e1ndorl\u00f3kat \u00e9s nem hagyja, hogy Magyarorsz\u00e1g egy f\u00fcgg\u0151, bev\u00e1ndorl\u00f3  orsz\u00e1g legyen- hangs\u00falyozta sajt\u00f3t\u00e1j\u00e9koztat\u00f3j\u00e1n Dr. K\u00e1llai M\u00e1ria orsz\u00e1ggy\u0171l\u00e9si k\u00e9pvisel\u0151jel\u00f6lt.  <\/p>\n<div style=\"width: 640px;\" class=\"wp-video\"><!--[if lt IE 9]><script>document.createElement('video');<\/script><![endif]-->\n<video class=\"wp-video-shortcode\" id=\"video-8696-1\" width=\"640\" height=\"360\" preload=\"metadata\" controls=\"controls\"><source type=\"video\/mp4\" src=\"\/spots\/hir\/hir_180405_06.mp4?_=1\" \/><a href=\"\/spots\/hir\/hir_180405_06.mp4\">\/spots\/hir\/hir_180405_06.mp4<\/a><\/video><\/div>\n","protected":false},"excerpt":{"rendered":"<p>Dr. K\u00e1llai M\u00e1ria sajt\u00f3t\u00e1j\u00e9koztat\u00f3j\u00e1n arra ir\u00e1ny\u00edtotta r\u00e1 a figyelmet, hogy komoly \u00e9s sorsd\u00f6nt\u0151 v\u00e1laszt\u00e1s el\u0151tt \u00e1ll Magyarorsz\u00e1g. Dr. K\u00e1llai M\u00e1ria a Fidesz-KDNP orsz\u00e1ggy\u0171l\u00e9si k\u00e9pvisel\u0151jel\u00f6ltje elmondta: &#8211;Vas\u00e1rnap haz\u00e1nk \u00e9vtizedekre sz\u00f3l\u00f3an d\u00f6nt. Nem 4 \u00e9vre, hanem gener\u00e1ci\u00f3kra sz\u00f3l\u00f3 d\u00f6nt\u00e9st fog hozni. Az \u00e1prilis 8-i v\u00e1laszt\u00e1son Soros Gy\u00f6rgy jel\u00f6ltjei \u00e1llnak szemben Orb\u00e1n Viktor jel\u00f6ltjeivel. Soros jel\u00f6ltjei arra k\u00e9sz\u00fclnek, [&hellip;]<\/p>\n","protected":false},"author":2,"featured_media":0,"comment_status":"closed","ping_status":"closed","sticky":false,"template":"","format":"standard","meta":[],"categories":[9],"tags":[],"_links":{"self":[{"href":"http:\/\/archiv.szolnoktv.hu\/index.php?rest_route=\/wp\/v2\/posts\/8696"}],"collection":[{"href":"http:\/\/archiv.szolnoktv.hu\/index.php?rest_route=\/wp\/v2\/posts"}],"about":[{"href":"http:\/\/archiv.szolnoktv.hu\/index.php?rest_route=\/wp\/v2\/types\/post"}],"author":[{"embeddable":true,"href":"http:\/\/archiv.szolnoktv.hu\/index.php?rest_route=\/wp\/v2\/users\/2"}],"replies":[{"embeddable":true,"href":"http:\/\/archiv.szolnoktv.hu\/index.php?rest_route=%2Fwp%2Fv2%2Fcomments&post=8696"}],"version-history":[{"count":1,"href":"http:\/\/archiv.szolnoktv.hu\/index.php?rest_route=\/wp\/v2\/posts\/8696\/revisions"}],"predecessor-version":[{"id":8737,"href":"http:\/\/archiv.szolnoktv.hu\/index.php?rest_route=\/wp\/v2\/posts\/8696\/revisions\/8737"}],"wp:attachment":[{"href":"http:\/\/archiv.szolnoktv.hu\/index.php?rest_route=%2Fwp%2Fv2%2Fmedia&parent=8696"}],"wp:term":[{"taxonomy":"category","embeddable":true,"href":"http:\/\/archiv.szolnoktv.hu\/index.php?rest_route=%2Fwp%2Fv2%2Fcategories&post=8696"},{"taxonomy":"post_tag","embeddable":true,"href":"http:\/\/archiv.szolnoktv.hu\/index.php?rest_route=%2Fwp%2Fv2%2Ftags&post=8696"}],"curies":[{"name":"wp","href":"https:\/\/api.w.org\/{rel}","templated":true}]}}