{"id":8695,"date":"2018-04-05T17:14:32","date_gmt":"2018-04-05T17:14:32","guid":{"rendered":"http:\/\/archiv.szolnoktv.hu\/?p=8695"},"modified":"2021-08-13T20:12:55","modified_gmt":"2021-08-13T20:12:55","slug":"vege-a-katyukerulgetesnek","status":"publish","type":"post","link":"http:\/\/archiv.szolnoktv.hu\/?p=8695","title":{"rendered":"V\u00e9ge a k\u00e1ty\u00faker\u00fclget\u00e9snek"},"content":{"rendered":"<div class='booster-block booster-read-block'><\/div><p>V\u00edzzel telt k\u00e1ty\u00fak, szinte j\u00e1rhatatlan \u00fattest \u00e9s f\u00f6ld\u00fat. Ma m\u00e9g \u00edgy n\u00e9z ki a B\u00faza \u00e9s az \u00c1rpa \u00fat Szolnokon. A jelenlegi \u00e1llapot azonban hamarosan megv\u00e1ltozik, ugyanis m\u00e1rcius 21-e \u00f3ta dolgoznak a szakemberek az utak fel\u00faj\u00edt\u00e1s\u00e1n. A mostani fejleszt\u00e9ssel egy stabil, z\u00fazott k\u0151vel bor\u00edtott \u00fatalapot alak\u00edtanak ki, amelyre k\u00e9s\u0151bb ak\u00e1r aszfaltr\u00e9teg is ker\u00fclhet, illetve a v\u00edzelvezet\u0151 \u00e1rkot is \u00e9p\u00edtenek.   <\/p>\n<p>-A kivitelez\u0151 kiszed egy un. t\u00fckr\u00f6t \u00e9s azt t\u00f6m\u00f6r\u00edtett kavics\u00e1ggyal t\u00f6lti fel. Hogy mikor ker\u00fcl erre aszfaltr\u00e9teg? Abban a pillanatban, hogy ennek a forr\u00e1sait el\u0151 tudjuk teremteni szeretn\u00e9nk lefedni, ugyanis ezzel hossz\u00fat\u00e1von az \u00fat tart\u00f3ss\u00e1g\u00e1t tudjuk biztos\u00edtani.&#8221;  &#8211;   mondta Fej\u00e9r Andor alpolg\u00e1rmester<\/p>\n<p>A beruh\u00e1z\u00e1s els\u0151 \u00fctem\u00e9hez sz\u00fcks\u00e9ges forr\u00e1sokat  &#8211;  mintegy 9 milli\u00f3 forintot- az \u00f6nkorm\u00e1nyzat \u00f6ner\u0151b\u0151l, a kor\u00e1bbi m\u0171k\u00f6d\u00e9si megtakar\u00edt\u00e1sokb\u00f3l biztos\u00edtja. Az aszfaltburkolat a k\u00e9t utca eset\u00e9ben tov\u00e1bbi mintegy 9 milli\u00f3 forintb\u00f3l \u00e9p\u00fclhetne meg, de az ehhez sz\u00fcks\u00e9ges forr\u00e1sok jelenleg m\u00e9g nincsenek meg. <\/p>\n<p>Az alpolg\u00e1rmester kijelentette: -K\u00e9szen \u00e1llunk arra, hogy elkezdj\u00fck a fel\u00fajt\u00e1sokat, a k\u00f6vetkez\u0151 ilyen \u00fatszakasz a Pusk\u00e1s Tivadar lesz, \u00e9s elkezdt\u00fck az el\u0151k\u00e9sz\u00edt\u00e9s\u00e9t a Szab\u00f3 L\u0151rinc \u00fatnak.&#8221; <\/p>\n<p>A tervek szerint a B\u00faza \u00e9s az \u00c1rpa utc\u00e1kon v\u00e1rhat\u00f3an \u00e1prilis 22-re fejez\u0151dik be a beruh\u00e1z\u00e1s els\u0151 \u00fcteme.<\/p>\n<div style=\"width: 640px;\" class=\"wp-video\"><!--[if lt IE 9]><script>document.createElement('video');<\/script><![endif]-->\n<video class=\"wp-video-shortcode\" id=\"video-8695-1\" width=\"640\" height=\"360\" preload=\"metadata\" controls=\"controls\"><source type=\"video\/mp4\" src=\"\/spots\/hir\/hir_180405_05.mp4?_=1\" \/><a href=\"\/spots\/hir\/hir_180405_05.mp4\">\/spots\/hir\/hir_180405_05.mp4<\/a><\/video><\/div>\n","protected":false},"excerpt":{"rendered":"<p>V\u00edzzel telt k\u00e1ty\u00fak, szinte j\u00e1rhatatlan \u00fattest \u00e9s f\u00f6ld\u00fat. Ma m\u00e9g \u00edgy n\u00e9z ki a B\u00faza \u00e9s az \u00c1rpa \u00fat Szolnokon. A jelenlegi \u00e1llapot azonban hamarosan megv\u00e1ltozik, ugyanis m\u00e1rcius 21-e \u00f3ta dolgoznak a szakemberek az utak fel\u00faj\u00edt\u00e1s\u00e1n. A mostani fejleszt\u00e9ssel egy stabil, z\u00fazott k\u0151vel bor\u00edtott \u00fatalapot alak\u00edtanak ki, amelyre k\u00e9s\u0151bb ak\u00e1r aszfaltr\u00e9teg is ker\u00fclhet, illetve a [&hellip;]<\/p>\n","protected":false},"author":2,"featured_media":0,"comment_status":"closed","ping_status":"closed","sticky":false,"template":"","format":"standard","meta":[],"categories":[9],"tags":[],"_links":{"self":[{"href":"http:\/\/archiv.szolnoktv.hu\/index.php?rest_route=\/wp\/v2\/posts\/8695"}],"collection":[{"href":"http:\/\/archiv.szolnoktv.hu\/index.php?rest_route=\/wp\/v2\/posts"}],"about":[{"href":"http:\/\/archiv.szolnoktv.hu\/index.php?rest_route=\/wp\/v2\/types\/post"}],"author":[{"embeddable":true,"href":"http:\/\/archiv.szolnoktv.hu\/index.php?rest_route=\/wp\/v2\/users\/2"}],"replies":[{"embeddable":true,"href":"http:\/\/archiv.szolnoktv.hu\/index.php?rest_route=%2Fwp%2Fv2%2Fcomments&post=8695"}],"version-history":[{"count":1,"href":"http:\/\/archiv.szolnoktv.hu\/index.php?rest_route=\/wp\/v2\/posts\/8695\/revisions"}],"predecessor-version":[{"id":8738,"href":"http:\/\/archiv.szolnoktv.hu\/index.php?rest_route=\/wp\/v2\/posts\/8695\/revisions\/8738"}],"wp:attachment":[{"href":"http:\/\/archiv.szolnoktv.hu\/index.php?rest_route=%2Fwp%2Fv2%2Fmedia&parent=8695"}],"wp:term":[{"taxonomy":"category","embeddable":true,"href":"http:\/\/archiv.szolnoktv.hu\/index.php?rest_route=%2Fwp%2Fv2%2Fcategories&post=8695"},{"taxonomy":"post_tag","embeddable":true,"href":"http:\/\/archiv.szolnoktv.hu\/index.php?rest_route=%2Fwp%2Fv2%2Ftags&post=8695"}],"curies":[{"name":"wp","href":"https:\/\/api.w.org\/{rel}","templated":true}]}}