{"id":8694,"date":"2018-04-05T16:38:23","date_gmt":"2018-04-05T16:38:23","guid":{"rendered":"http:\/\/archiv.szolnoktv.hu\/?p=8694"},"modified":"2021-08-13T20:12:55","modified_gmt":"2021-08-13T20:12:55","slug":"megkezdodott-a-viragositas-szolnokon","status":"publish","type":"post","link":"http:\/\/archiv.szolnoktv.hu\/?p=8694","title":{"rendered":"Megkezd\u0151d\u00f6tt a vir\u00e1gos\u00edt\u00e1s Szolnokon"},"content":{"rendered":"<div class='booster-block booster-read-block'><\/div><p>Lila, s\u00e1rga \u00e9s bord\u00f3 \u00e1rv\u00e1csk\u00e1kkal teltek meg a Szenth\u00e1roms\u00e1g t\u00e9r vir\u00e1g\u00e1gy\u00e1sai. A tavaszt jelz\u0151 n\u00f6v\u00e9nyek m\u00e1r a Kossut t\u00e9ren is l\u00e1thatok, azonban itt- illetve a v\u00e1ros m\u00e1s r\u00e9szein m\u00e9g vannak olyan \u00e1gy\u00e1sok, amik vir\u00e1gos\u00edt\u00e1sra v\u00e1rnak. <\/p>\n<p>-Az \u00e1rv\u00e1csk\u00e1knak most m\u00e1r a v\u00e9ge fel\u00e9 j\u00e1runk, teh\u00e1t nagyj\u00e1b\u00f3l 3 h\u00e9t m\u00falva az \u00e1rv\u00e1csk\u00e1k kezdenek nem ilyen sz\u00e9pen mutatni. M\u00e1jusban nagyon sok -f\u00e9le n\u00f6v\u00e9nyt \u00fcltet\u00fcnk ki. Minden konkr\u00e9t helysz\u00ednre a V\u00e1ros\u00fczemeltet\u00e9si Oszt\u00e1lyt\u00f3l mi \u00fcltet\u00e9si tervet kapunk. Nyilv\u00e1n ezeket a terveket m\u00e1r kor\u00e1bban megkaptuk, hiszen a n\u00f6v\u00e9nyek el\u0151\u00e1ll\u00edt\u00e1sakor is figyelembe vessz\u00fck, hogy hov\u00e1 mit kell \u00fcltetni.&#8221;- mondta Fodor Gy\u00f6rgy a Munkalehet\u0151s\u00e9g a J\u00f6v\u0151\u00e9rt Nonprofit Kft. \u00fcgyvezet\u0151 igazgat\u00f3ja.<\/p>\n<p>Ez m\u00e1r a Munkalehet\u0151s\u00e9g a J\u00f6v\u0151\u00e9rt Kft. n\u00f6v\u00e9nyh\u00e1za, ahol magr\u00f3l, illetve pal\u00e1nt\u00e1kr\u00f3l nevelik azokat a n\u00f6v\u00e9nyeket, amelyek \u0151szig sz\u00e9p\u00edtik a v\u00e1rost. A megszokott egyny\u00e1ri vir\u00e1gok \u00e9s f\u0171f\u00e9l\u00e9k mellett id\u00e9n \u00e9vel\u0151 n\u00f6v\u00e9nyek is ker\u00fclnek az \u00e1gy\u00e1sokba. A nevel\u00e9s\u00e9ben \u00e9s \u00fcltet\u00e9s\u00e9ben majdnem 30 ember vesz r\u00e9szt.<\/p>\n<p> -Mi v\u00e9gezz\u00fck a gyomtalan\u00edt\u00e1st, kap\u00e1l\u00e1st, \u00e1pol\u00e1st, \u00f6nt\u00f6z\u00e9st \u00e9s sz\u00fcks\u00e9g eset\u00e9n a n\u00f6v\u00e9ny\u00e1pol\u00e1st is.&#8221;- tette hozz\u00e1 Fodor Gy\u00f6rgy.<\/p>\n<p>Ahogy kor\u00e1bban \u00fagy id\u00e9n is t\u00f6bb mint 500 f\u00fcgg\u0151 \u00e1gy\u00e1sk\u00e9nt szolg\u00e1l\u00f3 kandel\u00e1ber ed\u00e9nyt is elhelyeznek, amelyekben az eddig j\u00f3l bev\u00e1lt fut\u00f3 musk\u00e1tlik lesznek l\u00e1that\u00f3k. \u00dajdons\u00e1gk\u00e9nt pedig a belv\u00e1ros t\u00f6bb pontj\u00e1t vas szerkezetes vir\u00e1goszlopok is sz\u00ednes\u00edtik majd. A vir\u00e1gos\u00edt\u00e1si program m\u00e1jus v\u00e9g\u00e9ig tart.<\/p>\n<div style=\"width: 640px;\" class=\"wp-video\"><!--[if lt IE 9]><script>document.createElement('video');<\/script><![endif]-->\n<video class=\"wp-video-shortcode\" id=\"video-8694-1\" width=\"640\" height=\"360\" preload=\"metadata\" controls=\"controls\"><source type=\"video\/mp4\" src=\"\/spots\/hir\/hir_180405_04.mp4?_=1\" \/><a href=\"\/spots\/hir\/hir_180405_04.mp4\">\/spots\/hir\/hir_180405_04.mp4<\/a><\/video><\/div>\n","protected":false},"excerpt":{"rendered":"<p>Lila, s\u00e1rga \u00e9s bord\u00f3 \u00e1rv\u00e1csk\u00e1kkal teltek meg a Szenth\u00e1roms\u00e1g t\u00e9r vir\u00e1g\u00e1gy\u00e1sai. A tavaszt jelz\u0151 n\u00f6v\u00e9nyek m\u00e1r a Kossut t\u00e9ren is l\u00e1thatok, azonban itt- illetve a v\u00e1ros m\u00e1s r\u00e9szein m\u00e9g vannak olyan \u00e1gy\u00e1sok, amik vir\u00e1gos\u00edt\u00e1sra v\u00e1rnak. -Az \u00e1rv\u00e1csk\u00e1knak most m\u00e1r a v\u00e9ge fel\u00e9 j\u00e1runk, teh\u00e1t nagyj\u00e1b\u00f3l 3 h\u00e9t m\u00falva az \u00e1rv\u00e1csk\u00e1k kezdenek nem ilyen sz\u00e9pen mutatni. [&hellip;]<\/p>\n","protected":false},"author":2,"featured_media":0,"comment_status":"closed","ping_status":"closed","sticky":false,"template":"","format":"standard","meta":[],"categories":[9],"tags":[],"_links":{"self":[{"href":"http:\/\/archiv.szolnoktv.hu\/index.php?rest_route=\/wp\/v2\/posts\/8694"}],"collection":[{"href":"http:\/\/archiv.szolnoktv.hu\/index.php?rest_route=\/wp\/v2\/posts"}],"about":[{"href":"http:\/\/archiv.szolnoktv.hu\/index.php?rest_route=\/wp\/v2\/types\/post"}],"author":[{"embeddable":true,"href":"http:\/\/archiv.szolnoktv.hu\/index.php?rest_route=\/wp\/v2\/users\/2"}],"replies":[{"embeddable":true,"href":"http:\/\/archiv.szolnoktv.hu\/index.php?rest_route=%2Fwp%2Fv2%2Fcomments&post=8694"}],"version-history":[{"count":1,"href":"http:\/\/archiv.szolnoktv.hu\/index.php?rest_route=\/wp\/v2\/posts\/8694\/revisions"}],"predecessor-version":[{"id":8739,"href":"http:\/\/archiv.szolnoktv.hu\/index.php?rest_route=\/wp\/v2\/posts\/8694\/revisions\/8739"}],"wp:attachment":[{"href":"http:\/\/archiv.szolnoktv.hu\/index.php?rest_route=%2Fwp%2Fv2%2Fmedia&parent=8694"}],"wp:term":[{"taxonomy":"category","embeddable":true,"href":"http:\/\/archiv.szolnoktv.hu\/index.php?rest_route=%2Fwp%2Fv2%2Fcategories&post=8694"},{"taxonomy":"post_tag","embeddable":true,"href":"http:\/\/archiv.szolnoktv.hu\/index.php?rest_route=%2Fwp%2Fv2%2Ftags&post=8694"}],"curies":[{"name":"wp","href":"https:\/\/api.w.org\/{rel}","templated":true}]}}