{"id":8693,"date":"2018-04-05T15:49:54","date_gmt":"2018-04-05T15:49:54","guid":{"rendered":"http:\/\/archiv.szolnoktv.hu\/?p=8693"},"modified":"2021-08-13T20:12:55","modified_gmt":"2021-08-13T20:12:55","slug":"civil-konferencia","status":"publish","type":"post","link":"http:\/\/archiv.szolnoktv.hu\/?p=8693","title":{"rendered":"Civil konferencia"},"content":{"rendered":"<div class='booster-block booster-read-block'><\/div><p>-A k\u00f6z\u00f6s b\u00f6lcsess\u00e9g nem h\u00e1tr\u00e1ny, hiszen a meleg vizet f\u00f6ltal\u00e1lni nem kell, azt m\u00e1r r\u00e9gen megtett\u00e9k. Ez\u00e9rt -mint ahogy a nyugd\u00edjas szervezetek is- j\u00f3, hogy ha tudjuk \u00e9s elmondj\u00e1k: igaz\u00e1b\u00f3l ennek a mai vil\u00e1gnak milyen olyan probl\u00e9m\u00e1i vannak, amelyeket illik k\u00f6z\u00f6sen kezelni.&#8221;<\/p>\n<p>Ezekkel a nyit\u00f3gondolatokkal k\u00f6sz\u00f6nt\u00f6tte a konferenci\u00e1n jelenl\u00e9v\u0151ket a v\u00e1ros els\u0151 embere: Szalay Ferenc. A polg\u00e1rmester hangs\u00falyozta, a fiatalokat \u00e9r\u0151 hat\u00e1sok kapcs\u00e1n a megold\u00e1s elod\u00e1zhatatlan. De a t\u00e1rsadalom m\u00e1s r\u00e9tegein is seg\u00edthet a civil szf\u00e9ra.<\/p>\n<p>-\u00c9n \u00fagy gondolom, a k\u00f6rnyezetv\u00e9delemt\u0151l a beteg szervezeteken kereszt\u00fcl a kultur\u00e1lis m\u0171v\u00e9szeti k\u00f6z\u00f6ss\u00e9geken a szoci\u00e1lis, a seg\u00edts\u00e9get ny\u00fajt\u00f3kon, t\u00e9nyleg nagyon sz\u00ednes a paletta. \u00c9s ez \u00edgy van j\u00f3l, hiszen mi emberek is nagyon sz\u00ednesek vagyunk.&#8221; -mondta Dr. K\u00e1llai M\u00e1ria korm\u00e1nymegb\u00edzott.<\/p>\n<p>A k\u00f6zszf\u00e9ra, a versenyszf\u00e9ra \u00e9s a civil k\u00f6z\u00f6ss\u00e9gek egym\u00e1st er\u0151s\u00edtik. Ez a h\u00e1rmas er\u0151 tud eredm\u00e9nyt produk\u00e1lni egy civil t\u00e1rsadalomba, hiszen egy j\u00f3l m\u0171k\u00f6d\u0151 kooperat\u00edv civil szf\u00e9ra minden esetben hozz\u00e1j\u00e1rul egy t\u00e9rs\u00e9g fenntarthat\u00f3 fejl\u0151d\u00e9s\u00e9hez.<\/p>\n<p>-Szolnok v\u00e1rosban egyed\u00fcl\u00e1ll\u00f3 az a t\u00e1mogatotts\u00e1g, amit a civilek kapnak polg\u00e1rmester \u00fart\u00f3l, illetve a korm\u00e1nyhivatalt\u00f3l is, tekintve a korm\u00e1nyhivatalnak is van olyan programja, ami nyit a civilek fel\u00e9.&#8221; -nyilatkozta Dr. Moln\u00e1r Be\u00e1ta, a JNSZ Megyei Civil Inform\u00e1ci\u00f3s K\u00f6zpont eln\u00f6ke.<\/p>\n<p>A civil szervezetek minden esetben egy adott c\u00e9lcsoport vagy t\u00e9rs\u00e9g k\u00f6r\u00fclm\u00e9nyeinek, lehet\u0151s\u00e9geinek javul\u00e1s\u00e1t k\u00edv\u00e1nj\u00e1k el\u00e9rni. A korm\u00e1ny nem a szervezetek mindennapjaiba sz\u00f3l bele, hanem 2 m\u00f3don befoly\u00e1solja m\u0171k\u00f6d\u00e9s\u00fcket. Jogszab\u00e1lyi k\u00f6rnyezetet \u00e9s p\u00e9nzbeli t\u00e1mogat\u00e1st biztos\u00edt sz\u00e1mukra.<\/p>\n<p>-2010 \u00f3ta jelent\u0151sen emelkedett az \u00e1llami t\u00e1mogat\u00e1s a civil szervezetek r\u00e9sz\u00e9re. Ez azt jelenti, hogy 2010-ben \u00f6sszesen 144 milli\u00e1rd forint volt, amit az \u00e1llam \u00f6nkorm\u00e1nyzatoknak, civil szervezeteknek juttattak, ez 2016-ra 240 milli\u00e1rdra n\u0151tt.&#8221; -nyilatkozta F\u00fcl\u00f6p Attila helyettes \u00e1llamtitk\u00e1r, EMMI.<\/p>\n<p>Ezzel p\u00e1rhuzamosan n\u0151tt a civil szervezetek egy\u00e9b gazd\u00e1lkod\u00e1sb\u00f3l, illetve a mag\u00e1nszf\u00e9r\u00e1b\u00f3l sz\u00e1rmaz\u00f3 bev\u00e9tele. A civil szervezetek sz\u00e1m\u00e1ra kiemelten fontos a speci\u00e1lis forr\u00e1sb\u00f3l sz\u00e1rmaz\u00f3 bev\u00e9tel: az ad\u00f3 egy sz\u00e1zal\u00e9ka. A helyettes \u00e1llamtitk\u00e1r mindenkit arra k\u00e9r, tegye meg ezt a felaj\u00e1nl\u00e1st. Az ad\u00f3hat\u00f3s\u00e1g elektronikusan elk\u00e9sz\u00edti az ad\u00f3bevall\u00e1st mindenki sz\u00e1m\u00e1ra, de ez nem tartalmazza az 1 sz\u00e1zal\u00e9kos felaj\u00e1nl\u00e1st. Aki szeretn\u00e9 a csaknem harmincezer civil szervezet valamelyik\u00e9t t\u00e1mogatni, m\u00e9g m\u00e1jus 22-\u00e9ig megteheti. <\/p>\n<div style=\"width: 640px;\" class=\"wp-video\"><!--[if lt IE 9]><script>document.createElement('video');<\/script><![endif]-->\n<video class=\"wp-video-shortcode\" id=\"video-8693-1\" width=\"640\" height=\"360\" preload=\"metadata\" controls=\"controls\"><source type=\"video\/mp4\" src=\"\/spots\/hir\/hir_180405_03.mp4?_=1\" \/><a href=\"\/spots\/hir\/hir_180405_03.mp4\">\/spots\/hir\/hir_180405_03.mp4<\/a><\/video><\/div>\n","protected":false},"excerpt":{"rendered":"<p>-A k\u00f6z\u00f6s b\u00f6lcsess\u00e9g nem h\u00e1tr\u00e1ny, hiszen a meleg vizet f\u00f6ltal\u00e1lni nem kell, azt m\u00e1r r\u00e9gen megtett\u00e9k. Ez\u00e9rt -mint ahogy a nyugd\u00edjas szervezetek is- j\u00f3, hogy ha tudjuk \u00e9s elmondj\u00e1k: igaz\u00e1b\u00f3l ennek a mai vil\u00e1gnak milyen olyan probl\u00e9m\u00e1i vannak, amelyeket illik k\u00f6z\u00f6sen kezelni.&#8221; Ezekkel a nyit\u00f3gondolatokkal k\u00f6sz\u00f6nt\u00f6tte a konferenci\u00e1n jelenl\u00e9v\u0151ket a v\u00e1ros els\u0151 embere: Szalay Ferenc. [&hellip;]<\/p>\n","protected":false},"author":2,"featured_media":0,"comment_status":"closed","ping_status":"closed","sticky":false,"template":"","format":"standard","meta":[],"categories":[9],"tags":[],"_links":{"self":[{"href":"http:\/\/archiv.szolnoktv.hu\/index.php?rest_route=\/wp\/v2\/posts\/8693"}],"collection":[{"href":"http:\/\/archiv.szolnoktv.hu\/index.php?rest_route=\/wp\/v2\/posts"}],"about":[{"href":"http:\/\/archiv.szolnoktv.hu\/index.php?rest_route=\/wp\/v2\/types\/post"}],"author":[{"embeddable":true,"href":"http:\/\/archiv.szolnoktv.hu\/index.php?rest_route=\/wp\/v2\/users\/2"}],"replies":[{"embeddable":true,"href":"http:\/\/archiv.szolnoktv.hu\/index.php?rest_route=%2Fwp%2Fv2%2Fcomments&post=8693"}],"version-history":[{"count":1,"href":"http:\/\/archiv.szolnoktv.hu\/index.php?rest_route=\/wp\/v2\/posts\/8693\/revisions"}],"predecessor-version":[{"id":8740,"href":"http:\/\/archiv.szolnoktv.hu\/index.php?rest_route=\/wp\/v2\/posts\/8693\/revisions\/8740"}],"wp:attachment":[{"href":"http:\/\/archiv.szolnoktv.hu\/index.php?rest_route=%2Fwp%2Fv2%2Fmedia&parent=8693"}],"wp:term":[{"taxonomy":"category","embeddable":true,"href":"http:\/\/archiv.szolnoktv.hu\/index.php?rest_route=%2Fwp%2Fv2%2Fcategories&post=8693"},{"taxonomy":"post_tag","embeddable":true,"href":"http:\/\/archiv.szolnoktv.hu\/index.php?rest_route=%2Fwp%2Fv2%2Ftags&post=8693"}],"curies":[{"name":"wp","href":"https:\/\/api.w.org\/{rel}","templated":true}]}}