{"id":8692,"date":"2018-04-05T15:34:18","date_gmt":"2018-04-05T15:34:18","guid":{"rendered":"http:\/\/archiv.szolnoktv.hu\/?p=8692"},"modified":"2021-08-13T20:12:55","modified_gmt":"2021-08-13T20:12:55","slug":"viz-vilagnapi-vetelkedo-a-nefag-nal","status":"publish","type":"post","link":"http:\/\/archiv.szolnoktv.hu\/?p=8692","title":{"rendered":"V\u00edz vil\u00e1gnapi vet\u00e9lked\u0151 a NEFAG-n\u00e1l"},"content":{"rendered":"<div class='booster-block booster-read-block'><\/div><p>G\u0151te \u00e9s b\u00e9ka a k\u00e9zben, v\u00edzi bolh\u00e1k a mikroszk\u00f3p alatt. \u00c1prilis 5-\u00e9n v\u00edz vil\u00e1gnapi vet\u00e9lked\u0151n vettek r\u00e9szt 7-dik \u00e9s 8-dik oszt\u00e1lyos di\u00e1kok. A Magyar Hidrol\u00f3giai T\u00e1rsas\u00e1g Szolnok Ter\u00fcleti Szervezete \u00e9s a NEFAG Zrt. t\u00f6bb mint 10 \u00e9ve szervezi meg ezt a rendezv\u00e9nyt, ami m\u00e1ra m\u00e1r megyei szintre n\u0151tte ki mag\u00e1t. <\/p>\n<p>-Ez egy akad\u00e1ly verseny t\u00edpus\u00fa vet\u00e9lked\u0151, ahol ismereteket ny\u00fajtunk a gyerekeknek a v\u00edz k\u00fcl\u00f6nb\u00f6z\u0151 form\u00e1ir\u00f3l, felhaszn\u00e1l\u00e1sair\u00f3l hi\u00e1nyair\u00f3l, t\u00f6bblet\u00e9r\u0151l. Ezekr\u0151l hallgatnak meg el\u0151ad\u00e1st, bemutat\u00e1st, mikroszk\u00f3pos vizsg\u00e1latokat kell tartaniuk, illetve van egy olyan \u00e1llamosunk, ahol egy kicsit fizikai tev\u00e9kenys\u00e9gben is r\u00e9szt kell venni\u00fck.&#8221; &#8211; mondta V\u00e1rion\u00e9 Sz\u0151ll\u00f6si Ir\u00e9n a Magyar Hidrol\u00f3giai T\u00e1rsas\u00e1g Szolnok Ter\u00fcleti Szervezet\u00e9nek titk\u00e1ra.<\/p>\n<p>A j\u00f3 id\u0151 most kedvezett a versenynek. A 10-szer h\u00e1rom f\u0151s csapatok hat \u00e1llom\u00e1son mentek v\u00e9gig, a legt\u00f6bb terepen zajlott. Az el\u0151ad\u00e1sok mellett a tanul\u00f3k mikroszk\u00f3p alatt vizsg\u00e1lhatt\u00e1k meg a v\u00edzi \u00e9l\u0151vil\u00e1g apr\u00f3 \u00e1llatait, k\u00e9t\u00e9lt\u0171ekkel ismerkedtek \u00e9s saj\u00e1t maguk tanulm\u00e1nyozt\u00e1k mi a k\u00fcl\u00f6nbs\u00e9g egy pocsolya \u00e9s egy t\u00f3 term\u00e9szete k\u00f6z\u00f6tt. Az \u00e1rv\u00edz elleni v\u00e9delemre j\u00e1t\u00e9kos feladat form\u00e1j\u00e1ban h\u00edvt\u00e1k fel a figyelmet. Id\u0151re kellett a homokzs\u00e1kokat biztosan egym\u00e1sra rakni. Emellett a v\u00edztiszt\u00edt\u00e1s ismerete is fontos szerepet kapott. Megtanult\u00e1k, hogy az olyan h\u00e9tk\u00f6znapi anyagokkal, mint a kavics \u00e9s a sz\u00e9n hogyan tudj\u00e1k tiszt\u00edtani a szennyezett vizet. <\/p>\n<p>-Szeretn\u00e9m, hogy min\u00e9l tiszt\u00e1bb v\u00edz legyen \u00e9s hogy ne ilyen rohamos mennyis\u00e9gben cs\u00f6kkenjen az \u00e9desv\u00edz mennyis\u00e9ge, mert az unok\u00e1ink \u00e9s a ut\u00f3dainknak m\u00e1r nem lesz ilyen sok v\u00edz vagy tiszta.&#8221; &#8211; mondta Szab\u00f3 T\u00edmea, az \u00f6rm\u00e9nyesi Szalay S\u00e1ndor \u00c1ltal\u00e1nos Iskola tanul\u00f3ja.<\/p>\n<p> A verseny c\u00e9lja, hogy kimozd\u00edtsa a gyerekeket a tanteremb\u0151l \u00e9s saj\u00e1t tapasztalataik \u00fatj\u00e1n tanuljanak k\u00f6rnyezet\u00fckr\u0151l, az \u00e9letben el\u0151fordul\u00f3 probl\u00e9m\u00e1kr\u00f3l, t\u00f6bbletekr\u0151l, hi\u00e1nyokr\u00f3l \u00e9s persze a v\u00edz fontoss\u00e1g\u00e1r\u00f3l.<br \/>\n<br \/>\n<div style=\"width: 640px;\" class=\"wp-video\"><!--[if lt IE 9]><script>document.createElement('video');<\/script><![endif]-->\n<video class=\"wp-video-shortcode\" id=\"video-8692-1\" width=\"640\" height=\"360\" preload=\"metadata\" controls=\"controls\"><source type=\"video\/mp4\" src=\"\/spots\/hir\/hir_180405_02.mp4?_=1\" \/><a href=\"\/spots\/hir\/hir_180405_02.mp4\">\/spots\/hir\/hir_180405_02.mp4<\/a><\/video><\/div><\/p>\n","protected":false},"excerpt":{"rendered":"<p>G\u0151te \u00e9s b\u00e9ka a k\u00e9zben, v\u00edzi bolh\u00e1k a mikroszk\u00f3p alatt. \u00c1prilis 5-\u00e9n v\u00edz vil\u00e1gnapi vet\u00e9lked\u0151n vettek r\u00e9szt 7-dik \u00e9s 8-dik oszt\u00e1lyos di\u00e1kok. A Magyar Hidrol\u00f3giai T\u00e1rsas\u00e1g Szolnok Ter\u00fcleti Szervezete \u00e9s a NEFAG Zrt. t\u00f6bb mint 10 \u00e9ve szervezi meg ezt a rendezv\u00e9nyt, ami m\u00e1ra m\u00e1r megyei szintre n\u0151tte ki mag\u00e1t. -Ez egy akad\u00e1ly verseny t\u00edpus\u00fa [&hellip;]<\/p>\n","protected":false},"author":2,"featured_media":0,"comment_status":"closed","ping_status":"closed","sticky":false,"template":"","format":"standard","meta":[],"categories":[9],"tags":[],"_links":{"self":[{"href":"http:\/\/archiv.szolnoktv.hu\/index.php?rest_route=\/wp\/v2\/posts\/8692"}],"collection":[{"href":"http:\/\/archiv.szolnoktv.hu\/index.php?rest_route=\/wp\/v2\/posts"}],"about":[{"href":"http:\/\/archiv.szolnoktv.hu\/index.php?rest_route=\/wp\/v2\/types\/post"}],"author":[{"embeddable":true,"href":"http:\/\/archiv.szolnoktv.hu\/index.php?rest_route=\/wp\/v2\/users\/2"}],"replies":[{"embeddable":true,"href":"http:\/\/archiv.szolnoktv.hu\/index.php?rest_route=%2Fwp%2Fv2%2Fcomments&post=8692"}],"version-history":[{"count":1,"href":"http:\/\/archiv.szolnoktv.hu\/index.php?rest_route=\/wp\/v2\/posts\/8692\/revisions"}],"predecessor-version":[{"id":8741,"href":"http:\/\/archiv.szolnoktv.hu\/index.php?rest_route=\/wp\/v2\/posts\/8692\/revisions\/8741"}],"wp:attachment":[{"href":"http:\/\/archiv.szolnoktv.hu\/index.php?rest_route=%2Fwp%2Fv2%2Fmedia&parent=8692"}],"wp:term":[{"taxonomy":"category","embeddable":true,"href":"http:\/\/archiv.szolnoktv.hu\/index.php?rest_route=%2Fwp%2Fv2%2Fcategories&post=8692"},{"taxonomy":"post_tag","embeddable":true,"href":"http:\/\/archiv.szolnoktv.hu\/index.php?rest_route=%2Fwp%2Fv2%2Ftags&post=8692"}],"curies":[{"name":"wp","href":"https:\/\/api.w.org\/{rel}","templated":true}]}}