{"id":8691,"date":"2018-04-05T15:30:23","date_gmt":"2018-04-05T15:30:23","guid":{"rendered":"http:\/\/archiv.szolnoktv.hu\/?p=8691"},"modified":"2021-08-13T20:12:55","modified_gmt":"2021-08-13T20:12:55","slug":"mszp-sajtotajekoztato-13","status":"publish","type":"post","link":"http:\/\/archiv.szolnoktv.hu\/?p=8691","title":{"rendered":"MSZP sajt\u00f3t\u00e1j\u00e9koztat\u00f3"},"content":{"rendered":"<div class='booster-block booster-read-block'><\/div><p>-Az\u00e9rt gy\u0171lt\u00fcnk itt \u00f6ssze, hogy lev\u00e1ltsuk a Fidesz korm\u00e1nyt, azt a korm\u00e1nyt, amely az elm\u00falt 8 \u00e9v alatt sz\u00e9tlopta az orsz\u00e1got&#8221;  &#8211;   kezdte  besz\u00e9d\u00e9t Gy\u00f6rfi Mih\u00e1ly, az MSZP- P\u00e1rbesz\u00e9d tegnap esti nagygy\u0171l\u00e9s\u00e9n. Az orsz\u00e1ggy\u0171l\u00e9si k\u00e9pvisel\u0151 kiemelte: egyetlen egy c\u00e9l van, \u00e1prilis 8-\u00e1n egy\u00fctt felszabad\u00edtani Magyarorsz\u00e1got. <\/p>\n<p>-Nemcsak meg kell magas\u00edtani, hanem a b\u00f6rt\u00f6n ker\u00edt\u00e9s\u00e9t is meg kell magas\u00edtani. \u00c1prilis 8 ut\u00e1n Polt P\u00e9terrel kezdve az \u00f6sszes rabl\u00f3vez\u00e9rt b\u00f6rt\u00f6nbe fogjuk csukni. \u00c1prilis 8-\u00e1n a n\u00e9p fog d\u00f6nteni.&#8221;  -mondta Gy\u00f6rfi Mih\u00e1ly.  <\/p>\n<p> A Kossuth t\u00e9ren \u00f6sszegy\u0171lt szimpatiz\u00e1nsok k\u00edv\u00e1ncsiak voltak arra, a sz\u00f6vets\u00e9g milyen \u00e1ll\u00e1spontot k\u00e9pvisel a migr\u00e1nsok betelep\u00edt\u00e9s\u00e9vel kapcsolatban. <\/p>\n<p>-Mi nem telep\u00edt\u00fcnk be se bev\u00e1ndorl\u00f3t, se migr\u00e1nst. Nagyon baloldali ember is agg\u00f3dik a biztons\u00e1g\u00e1\u00e9rt. Magyarorsz\u00e1g sajnos Orb\u00e1n Viktornak k\u00f6sz\u00f6nhet\u0151en olyan szeg\u00e9ny lett, hogy ide nem bev\u00e1ndorl\u00f3k j\u00f6nnek, hanem 600 ezer magyar, k\u00f6zt\u00fck 6000 szolnoki ment el k\u00fclf\u00f6ldre. \u00d5\u00e9rt\u00fck is el kell menjetek szavazni \u00e9s ami a legfontosabb, r\u00e1besz\u00e9lni a szomsz\u00e9daitokat. &#8211; &#8211; tette hozz\u00e1. <\/p>\n<p>Legyenek-e olyan iskol\u00e1k, ahol a gyerekeink megszerezhetik a boldogul\u00e1shoz sz\u00fcks\u00e9ges tud\u00e1st?Vagy \u00e9p\u00edts\u00e9k seg\u00e9dmunk\u00e1sk\u00e9nt az \u00fcresen kong\u00f3 stadionokat? Legyenek-e olyan k\u00f3rh\u00e1zak, ahol  meggy\u00f3gyulhatunk?Vagy maradjon a v\u00e9get nem \u00e9r\u0151 v\u00e1r\u00f3lista ? Kapjanak-e a gyerekeink emberhez m\u00e9lt\u00f3 fizet\u00e9st, vagy legyenek k\u00f6zmunk\u00e1sok? Legyen-e nyugalom, b\u00e9ke az orsz\u00e1gban, vagy maradjon a folyamatos f\u00e9lelem \u00e9s retteg\u00e9s  &#8211;   Gy\u00f6rfi Mih\u00e1ly szerint \u00e1prilis nyolcadik\u00e1n err\u0151l kell d\u00f6nteni\u00fck a v\u00e1laszt\u00f3polg\u00e1roknak. <\/p>\n<p>-Ugye \u00f6n\u00f6k sem akarnak egy olyan orsz\u00e1gban \u00e9lni, ahol \u00fajra nagy fekete aut\u00f3t\u00f3l f\u00e9l mindenki. Ahol suttogva besz\u00e9l\u00fcnk fontos k\u00e9rd\u00e9sekr\u0151l, nehogy meghallj\u00e1k a hatalmass\u00e1gok, a d\u00f6br\u00f6gik. A jelenlegi korm\u00e1nyt m\u00e1r ismerj\u00fck, tudjuk milyen j\u00f6v\u0151t sz\u00e1n a fidesz gyermekeinknek. K\u00f6zmunk\u00e1t \u00e9s alacsony fizet\u00e9st. Sajnos a Jobbikt\u00f3l is ugyanezt v\u00e1rhatjuk.&#8221;<\/p>\n<p>Erre a legjobb bizony\u00edt\u00e9k Simicska Lajos, aki csak az\u00e9rt t\u00e1mogatja a Jobbikot, hogy ism\u00e9t k\u00f6zel ker\u00fclj\u00f6n a h\u00fasos faz\u00e9khoz  &#8211;   fogalmazott a politikus.<br \/>Az MSZP -P\u00e1rbesz\u00e9d kimondta: nem alkuszik a Fidesszel a v\u00e1laszt\u00e1sokat k\u00f6vet\u0151en. A Jobbik m\u00e9g erre sem volt hajland\u00f3. &#8211; tette hozz\u00e1 Gy\u00f6rfi Mih\u00e1ly, aki szerint  sz\u00f6vets\u00e9g\u00fck az egyed\u00fcli es\u00e9lyes korm\u00e1nyv\u00e1lt\u00f3 er\u0151.  Az nem korm\u00e1nyv\u00e1lt\u00e1s, ha \u00e1prilis 9-\u00e9t\u0151l a fideszes M\u00e9sz\u00e1ros L\u0151rinc \u00e9s Tiborcz Istv\u00e1n helyett a jobbikos Simicska Lajos kezd el lopni. Ez csak tolvajv\u00e1lt\u00e1s.- sz\u00f6gezte le a jel\u00f6lt. Ez\u00e9rt aki j\u00f3t akar gyermekinek \u00e1prilis nyolcadik\u00e1n az MSZP-P\u00e1rbesz\u00e9d sz\u00f6vets\u00e9g\u00e9re adja le voks\u00e1t  &#8211;   z\u00e1rta besz\u00e9d\u00e9t Gy\u00f6rfi Mih\u00e1ly. <\/p>\n<div style=\"width: 640px;\" class=\"wp-video\"><!--[if lt IE 9]><script>document.createElement('video');<\/script><![endif]-->\n<video class=\"wp-video-shortcode\" id=\"video-8691-1\" width=\"640\" height=\"360\" preload=\"metadata\" controls=\"controls\"><source type=\"video\/mp4\" src=\"\/spots\/hir\/hir_180405_01.mp4?_=1\" \/><a href=\"\/spots\/hir\/hir_180405_01.mp4\">\/spots\/hir\/hir_180405_01.mp4<\/a><\/video><\/div>\n","protected":false},"excerpt":{"rendered":"<p>-Az\u00e9rt gy\u0171lt\u00fcnk itt \u00f6ssze, hogy lev\u00e1ltsuk a Fidesz korm\u00e1nyt, azt a korm\u00e1nyt, amely az elm\u00falt 8 \u00e9v alatt sz\u00e9tlopta az orsz\u00e1got&#8221; &#8211; kezdte besz\u00e9d\u00e9t Gy\u00f6rfi Mih\u00e1ly, az MSZP- P\u00e1rbesz\u00e9d tegnap esti nagygy\u0171l\u00e9s\u00e9n. Az orsz\u00e1ggy\u0171l\u00e9si k\u00e9pvisel\u0151 kiemelte: egyetlen egy c\u00e9l van, \u00e1prilis 8-\u00e1n egy\u00fctt felszabad\u00edtani Magyarorsz\u00e1got. -Nemcsak meg kell magas\u00edtani, hanem a b\u00f6rt\u00f6n ker\u00edt\u00e9s\u00e9t is meg [&hellip;]<\/p>\n","protected":false},"author":2,"featured_media":0,"comment_status":"closed","ping_status":"closed","sticky":false,"template":"","format":"standard","meta":[],"categories":[9],"tags":[],"_links":{"self":[{"href":"http:\/\/archiv.szolnoktv.hu\/index.php?rest_route=\/wp\/v2\/posts\/8691"}],"collection":[{"href":"http:\/\/archiv.szolnoktv.hu\/index.php?rest_route=\/wp\/v2\/posts"}],"about":[{"href":"http:\/\/archiv.szolnoktv.hu\/index.php?rest_route=\/wp\/v2\/types\/post"}],"author":[{"embeddable":true,"href":"http:\/\/archiv.szolnoktv.hu\/index.php?rest_route=\/wp\/v2\/users\/2"}],"replies":[{"embeddable":true,"href":"http:\/\/archiv.szolnoktv.hu\/index.php?rest_route=%2Fwp%2Fv2%2Fcomments&post=8691"}],"version-history":[{"count":1,"href":"http:\/\/archiv.szolnoktv.hu\/index.php?rest_route=\/wp\/v2\/posts\/8691\/revisions"}],"predecessor-version":[{"id":8742,"href":"http:\/\/archiv.szolnoktv.hu\/index.php?rest_route=\/wp\/v2\/posts\/8691\/revisions\/8742"}],"wp:attachment":[{"href":"http:\/\/archiv.szolnoktv.hu\/index.php?rest_route=%2Fwp%2Fv2%2Fmedia&parent=8691"}],"wp:term":[{"taxonomy":"category","embeddable":true,"href":"http:\/\/archiv.szolnoktv.hu\/index.php?rest_route=%2Fwp%2Fv2%2Fcategories&post=8691"},{"taxonomy":"post_tag","embeddable":true,"href":"http:\/\/archiv.szolnoktv.hu\/index.php?rest_route=%2Fwp%2Fv2%2Ftags&post=8691"}],"curies":[{"name":"wp","href":"https:\/\/api.w.org\/{rel}","templated":true}]}}