{"id":8690,"date":"2018-04-04T18:17:26","date_gmt":"2018-04-04T18:17:26","guid":{"rendered":"http:\/\/archiv.szolnoktv.hu\/?p=8690"},"modified":"2021-08-13T20:12:55","modified_gmt":"2021-08-13T20:12:55","slug":"valasztasi-informaciok","status":"publish","type":"post","link":"http:\/\/archiv.szolnoktv.hu\/?p=8690","title":{"rendered":"V\u00e1laszt\u00e1si inform\u00e1ci\u00f3k"},"content":{"rendered":"<div class='booster-block booster-read-block'><\/div><p>Szombaton d\u00e9lut\u00e1n 16 \u00f3rakor lez\u00e1rult a k\u00fclk\u00e9pviseleti n\u00e9vjegyz\u00e9kbe v\u00e9tel hat\u00e1rideje. Az NVI szombati adatai szerint 53 515-en szavazhatnak a 118 nagyk\u00f6vets\u00e9gen. <br \/>Szolnokon 436-an \u00e9ltek ezzel a lehet\u0151s\u00e9ggel.  Toki\u00f3t\u00f3l New-Yorkig szavaznak majd a magyarok. Az els\u0151 bor\u00edt\u00e9kot hazai  id\u0151 szerint szombaton 11 \u00f3rakor dobhatj\u00e1k be a szavaz\u00f3k. <\/p>\n<p> Dr. R\u00e1cz Andrea aljegyz\u0151: <\/p>\n<p>-&#8220;Londonban, N\u00e9metorsz\u00e1gban szavaznak a legt\u00f6bben , de van aki New-Yorkban  \u00e9s van aki  K\u00edn\u00e1ban  jelentkezett be \u00e9s nagyon sokan vannak akik Sv\u00e1jcban fognak szavazni.<\/p>\n<p> A k\u00fclk\u00e9pviseleten szavaz\u00f3k t\u00f6bb mint 16 sz\u00e1zal\u00e9ka, csaknem 8800 v\u00e1laszt\u00f3polg\u00e1r Londonban megy szavazni <br \/>Az orsz\u00e1gon bel\u00fcli \u00e1tjelentkez\u00e9ssel kapcsolatos k\u00e9relmeket  a v\u00e1laszt\u00e1si irod\u00e1ban fogadj\u00e1k. &#8211;<\/p>\n<p>-&#8220;Eddig \u00f6sszesen 1300 k\u00f6r\u00fcl van azoknak a v\u00e1laszt\u00f3polg\u00e1roknak a sz\u00e1ma, akik szolnoki lak\u00f3hellyel rendelkeznek, azonban a v\u00e1laszt\u00e1s napj\u00e1n nem Szolnokon fognak tart\u00f3zkodni, hanem Magyarorsz\u00e1gon, de m\u00e1s v\u00e1rosban, m\u00e1r telep\u00fcl\u00e9sen adj\u00e1k le szavazatukat. Az \u0151 eset\u00fckben \u00e1prilis 6-\u00e1n 16 \u00f3r\u00e1ig lehet k\u00e9rni az \u00e1tjelentkez\u00e9s alapj\u00e1n, hogy m\u00e1s szavaz\u00f3k\u00f6ri n\u00e9vjegyz\u00e9kbe ker\u00fclj\u00f6n, m\u00e1s telep\u00fcl\u00e9sen. Aki meggondolja mag\u00e1t \u00e9s m\u00e9gis Szolnokon szeretne szavazni a m\u00e1r kor\u00e1bban beadott k\u00e9relm\u00e9t \u00e1prilis 6-\u00e1n 16 \u00f3r\u00e1ig vissza is vonhatja&#8221;-tettte hozz\u00e1 az aljegyz\u0151.<\/p>\n<p>Ezeket a k\u00e9relmeket a v\u00e1rosh\u00e1za f\u00f6ldszintj\u00e9n m\u0171k\u00f6d\u0151 v\u00e1laszt\u00e1si irod\u00e1ba vihetik be, de fel lehet adni postai \u00e9s elektronikus \u00faton is. <br \/>A legt\u00f6bb \u00e1tjelentkez\u0151 a f\u0151v\u00e1ros XI. ker\u00fclet\u00e9ben van, itt 5582-en szavazn\u00e1nak, ez\u00e9rt itt  28 tag\u00fa lesz a szavazatsz\u00e1ml\u00e1l\u00f3 bizotts\u00e1g.- Szint\u00e9n sok az \u00e1tjelentkez\u00e9ssel szavaz\u00f3 az V.  \u00e9s a XIV. ker\u00fcletben .<\/p>\n<p>Lesznek akik nem tudnak elmenni vas\u00e1rnap a szavaz\u00f3k\u00f6rbe, sz\u00e1mukra a mozg\u00f3 urna jelenthet megold\u00e1st. <\/p>\n<p>Dr. R\u00e1cz Andrea: <br \/>-&#8220;Megkerest\u00fcnk m\u00e1r valamennyi eg\u00e9szs\u00e9g\u00fcgyi szoci\u00e1lis int\u00e9zm\u00e9nyt \u00e9s megkerest\u00fck a b\u00fcntet\u00e9sv\u00e9grehajt\u00e1si int\u00e9zetet is, hogy m\u00e9rje fel, hogy a n\u00e1luk tart\u00f3zkod\u00f3k k\u00f6z\u00fcl kik azok akik mozg\u00f3 urna ir\u00e1nti k\u00e9relmet k\u00edv\u00e1nnak beny\u00fajtani a v\u00e1laszt\u00e1si irod\u00e1hoz. &#8211;<br \/>Az k\u00e9rhet mozg\u00f3 urn\u00e1t , aki  fogyat\u00e9koss\u00e1g, eg\u00e9szs\u00e9g\u00fcgyi \u00e1llapot vagy fogva tart\u00e1s miatt mozg\u00e1s\u00e1ban korl\u00e1tozott. Ezeket a k\u00e9relmeket is folyamatosan fogadj\u00e1k eg\u00e9szen vas\u00e1rnap 15 \u00f3r\u00e1ig. Szolnokon  a megyei k\u00f3rh\u00e1zba, a b\u00f6rt\u00f6nbe \u00e9s szoci\u00e1lis int\u00e9zm\u00e9nyekbe biztosan  visznek majd mozg\u00f3 urn\u00e1t.<br \/>\n<br \/>\n<div style=\"width: 640px;\" class=\"wp-video\"><!--[if lt IE 9]><script>document.createElement('video');<\/script><![endif]-->\n<video class=\"wp-video-shortcode\" id=\"video-8690-1\" width=\"640\" height=\"360\" preload=\"metadata\" controls=\"controls\"><source type=\"video\/mp4\" src=\"\/spots\/hir\/hir_180404_07.mp4?_=1\" \/><a href=\"\/spots\/hir\/hir_180404_07.mp4\">\/spots\/hir\/hir_180404_07.mp4<\/a><\/video><\/div><\/p>\n","protected":false},"excerpt":{"rendered":"<p>Szombaton d\u00e9lut\u00e1n 16 \u00f3rakor lez\u00e1rult a k\u00fclk\u00e9pviseleti n\u00e9vjegyz\u00e9kbe v\u00e9tel hat\u00e1rideje. Az NVI szombati adatai szerint 53 515-en szavazhatnak a 118 nagyk\u00f6vets\u00e9gen. Szolnokon 436-an \u00e9ltek ezzel a lehet\u0151s\u00e9ggel. Toki\u00f3t\u00f3l New-Yorkig szavaznak majd a magyarok. Az els\u0151 bor\u00edt\u00e9kot hazai id\u0151 szerint szombaton 11 \u00f3rakor dobhatj\u00e1k be a szavaz\u00f3k. Dr. R\u00e1cz Andrea aljegyz\u0151: -&#8220;Londonban, N\u00e9metorsz\u00e1gban szavaznak a legt\u00f6bben [&hellip;]<\/p>\n","protected":false},"author":2,"featured_media":0,"comment_status":"closed","ping_status":"closed","sticky":false,"template":"","format":"standard","meta":[],"categories":[9],"tags":[],"_links":{"self":[{"href":"http:\/\/archiv.szolnoktv.hu\/index.php?rest_route=\/wp\/v2\/posts\/8690"}],"collection":[{"href":"http:\/\/archiv.szolnoktv.hu\/index.php?rest_route=\/wp\/v2\/posts"}],"about":[{"href":"http:\/\/archiv.szolnoktv.hu\/index.php?rest_route=\/wp\/v2\/types\/post"}],"author":[{"embeddable":true,"href":"http:\/\/archiv.szolnoktv.hu\/index.php?rest_route=\/wp\/v2\/users\/2"}],"replies":[{"embeddable":true,"href":"http:\/\/archiv.szolnoktv.hu\/index.php?rest_route=%2Fwp%2Fv2%2Fcomments&post=8690"}],"version-history":[{"count":1,"href":"http:\/\/archiv.szolnoktv.hu\/index.php?rest_route=\/wp\/v2\/posts\/8690\/revisions"}],"predecessor-version":[{"id":8743,"href":"http:\/\/archiv.szolnoktv.hu\/index.php?rest_route=\/wp\/v2\/posts\/8690\/revisions\/8743"}],"wp:attachment":[{"href":"http:\/\/archiv.szolnoktv.hu\/index.php?rest_route=%2Fwp%2Fv2%2Fmedia&parent=8690"}],"wp:term":[{"taxonomy":"category","embeddable":true,"href":"http:\/\/archiv.szolnoktv.hu\/index.php?rest_route=%2Fwp%2Fv2%2Fcategories&post=8690"},{"taxonomy":"post_tag","embeddable":true,"href":"http:\/\/archiv.szolnoktv.hu\/index.php?rest_route=%2Fwp%2Fv2%2Ftags&post=8690"}],"curies":[{"name":"wp","href":"https:\/\/api.w.org\/{rel}","templated":true}]}}