{"id":8689,"date":"2018-04-04T17:50:17","date_gmt":"2018-04-04T17:50:17","guid":{"rendered":"http:\/\/archiv.szolnoktv.hu\/?p=8689"},"modified":"2021-08-13T20:12:55","modified_gmt":"2021-08-13T20:12:55","slug":"zoldkonferencia","status":"publish","type":"post","link":"http:\/\/archiv.szolnoktv.hu\/?p=8689","title":{"rendered":"Z\u00f6ldkonferencia"},"content":{"rendered":"<div class='booster-block booster-read-block'><\/div><p>A szemetel\u0151 ember nem v\u00e1logat. D\u00f6gl\u00f6tt \u00e1llatok, m\u0171l\u00e1bak, elektronikau eszk\u00f6z\u00f6k \u00e9s kommun\u00e1lis hullad\u00e9k. B\u00e1rmit k\u00e9pes a term\u00e9szetbe kidobni. Szerencs\u00e9re egyre t\u00f6bb a k\u00f6rnyezettudatos ember haz\u00e1nkban -hangzott el a szolnoki &#8220;Z\u00f6ldkonferenci\u00e1n&#8221;. A tipikus magyar ember kommun\u00e1lis hullad\u00e9kb\u00f3l naponta \u00e1tlagosan egy kilogrammot termel. A nyugati orsz\u00e1gokban enn\u00e9l j\u00f3val t\u00f6bb a napi \u00e1tlag, de ott a k\u00f6rnyzettudatoss\u00e1g is mindennapos. T\u0151l\u00fcnk keletebbre hasonl\u00f3 a mennyis\u00e9g, ott viszont a hullad\u00e9kkezel\u00e9s nem megfelel\u0151.<br \/>&#8220;Abszolult \u00f6sszef\u00fcgg\u00e9s van a k\u00f6zut, hogy a fejlettebb t\u00e1rsadalmakban t\u00f6bbet fogyasztanak, de ahol t\u00f6bbet k\u00f6ltenek, ott a megfelel\u0151 feldolgoz\u00e1si m\u00f3dszerekre is van lehet\u0151s\u00e9g.&#8221; -mondta KUMP EDINA hullad\u00e9kcs\u00f6kkent\u00e9si szak\u00e9rt\u0151<br \/>A vil\u00e1g az \u00fajrahasznos\u00edt\u00e1st tartja k\u00f6vetend\u0151 p\u00e9ld\u00e1nak -mondja a szakember. Erre azonban fel kell h\u00edvni mindenki figyelm\u00e9lt. Kamp\u00e1nyok, akci\u00f3k, iskolai rendezv\u00e9nyek nevelnek a k\u00f6rnyezettudatos \u00e9letm\u00f3dra. Ezek k\u00f6z\u00fcl az egyik legsikeresebb a Te szedd akci\u00f3, melyhez tavaly t\u00f6bb, mint sz\u00e1zezren csatlakoztak.<br \/>&#8220;Azt is a legkisebb kort\u00f3l kell megtan\u00edtani, hogy aki m\u00e9rt\u00e9ktelen\u00fcl haszn\u00e1l b\u00e1rmit, az nem azt a k\u00f6rnyezettudatos \u00e9letm\u00f3dot \u00e9li, amire mi gondolunk.&#8221;tavaly m\u00e1r t\u00f6bb mint sz\u00e1zezren kapcsol\u00f3dtak.&#8221; -mondta B\u00daSI LAJOS helyettes \u00e1llamtitk\u00e1r.<br \/>A k\u00f6rnyezettudatoss\u00e1g egyre jobban terjed Magyarorsz\u00e1gon is, b\u00e1r m\u00e9g mindig gyermekcip\u0151ben j\u00e1runk -hangzott el a konferenci\u00e1n. A szelekt\u00edv gy\u0171jt\u00e9s mellett, a tudatos v\u00e1s\u00e1rl\u00e1ssal \u00e9s a fogyaszt\u00e1si szok\u00e1sok figyelemmel k\u00eds\u00e9r\u00e9s\u00e9vel mindenki sokat tehet a k\u00f6rnyezet\u00e9\u00e9rt.<br \/>\n<br \/>\n<div style=\"width: 640px;\" class=\"wp-video\"><!--[if lt IE 9]><script>document.createElement('video');<\/script><![endif]-->\n<video class=\"wp-video-shortcode\" id=\"video-8689-1\" width=\"640\" height=\"360\" preload=\"metadata\" controls=\"controls\"><source type=\"video\/mp4\" src=\"\/spots\/hir\/hir_180404_05.mp4?_=1\" \/><a href=\"\/spots\/hir\/hir_180404_05.mp4\">\/spots\/hir\/hir_180404_05.mp4<\/a><\/video><\/div><\/p>\n","protected":false},"excerpt":{"rendered":"<p>A szemetel\u0151 ember nem v\u00e1logat. D\u00f6gl\u00f6tt \u00e1llatok, m\u0171l\u00e1bak, elektronikau eszk\u00f6z\u00f6k \u00e9s kommun\u00e1lis hullad\u00e9k. B\u00e1rmit k\u00e9pes a term\u00e9szetbe kidobni. Szerencs\u00e9re egyre t\u00f6bb a k\u00f6rnyezettudatos ember haz\u00e1nkban -hangzott el a szolnoki &#8220;Z\u00f6ldkonferenci\u00e1n&#8221;. A tipikus magyar ember kommun\u00e1lis hullad\u00e9kb\u00f3l naponta \u00e1tlagosan egy kilogrammot termel. A nyugati orsz\u00e1gokban enn\u00e9l j\u00f3val t\u00f6bb a napi \u00e1tlag, de ott a k\u00f6rnyzettudatoss\u00e1g is [&hellip;]<\/p>\n","protected":false},"author":2,"featured_media":0,"comment_status":"closed","ping_status":"closed","sticky":false,"template":"","format":"standard","meta":[],"categories":[9],"tags":[],"_links":{"self":[{"href":"http:\/\/archiv.szolnoktv.hu\/index.php?rest_route=\/wp\/v2\/posts\/8689"}],"collection":[{"href":"http:\/\/archiv.szolnoktv.hu\/index.php?rest_route=\/wp\/v2\/posts"}],"about":[{"href":"http:\/\/archiv.szolnoktv.hu\/index.php?rest_route=\/wp\/v2\/types\/post"}],"author":[{"embeddable":true,"href":"http:\/\/archiv.szolnoktv.hu\/index.php?rest_route=\/wp\/v2\/users\/2"}],"replies":[{"embeddable":true,"href":"http:\/\/archiv.szolnoktv.hu\/index.php?rest_route=%2Fwp%2Fv2%2Fcomments&post=8689"}],"version-history":[{"count":1,"href":"http:\/\/archiv.szolnoktv.hu\/index.php?rest_route=\/wp\/v2\/posts\/8689\/revisions"}],"predecessor-version":[{"id":8744,"href":"http:\/\/archiv.szolnoktv.hu\/index.php?rest_route=\/wp\/v2\/posts\/8689\/revisions\/8744"}],"wp:attachment":[{"href":"http:\/\/archiv.szolnoktv.hu\/index.php?rest_route=%2Fwp%2Fv2%2Fmedia&parent=8689"}],"wp:term":[{"taxonomy":"category","embeddable":true,"href":"http:\/\/archiv.szolnoktv.hu\/index.php?rest_route=%2Fwp%2Fv2%2Fcategories&post=8689"},{"taxonomy":"post_tag","embeddable":true,"href":"http:\/\/archiv.szolnoktv.hu\/index.php?rest_route=%2Fwp%2Fv2%2Ftags&post=8689"}],"curies":[{"name":"wp","href":"https:\/\/api.w.org\/{rel}","templated":true}]}}