{"id":8688,"date":"2018-04-04T17:26:28","date_gmt":"2018-04-04T17:26:28","guid":{"rendered":"http:\/\/archiv.szolnoktv.hu\/?p=8688"},"modified":"2021-08-13T20:12:56","modified_gmt":"2021-08-13T20:12:56","slug":"momentum-sajtotajekoztato-2","status":"publish","type":"post","link":"http:\/\/archiv.szolnoktv.hu\/?p=8688","title":{"rendered":"Momentum sajt\u00f3t\u00e1j\u00e9koztat\u00f3"},"content":{"rendered":"<div class='booster-block booster-read-block'><\/div><p> Megy\u00e9nk 1. v\u00e1laszt\u00f3k\u00f6rzet\u00e9ben sem siker\u00fclt megegyeznie az ellenz\u00e9knek, ehelyett ink\u00e1bb statisztik\u00e1val foglalkoznak \u00e9s azon versenyeznek, ki\u00e9 a nagyobb t\u00e1mogatotts\u00e1g  &#8211;   mondta Szekeres \u00c9va a Momentum mai sajt\u00f3t\u00e1j\u00e9koztat\u00f3j\u00e1n. Ez pedig a jel\u00f6lt szerint biztos buk\u00e1shoz vezet. <\/p>\n<p>-Arra hivatkoznak, hogy a k\u00f6zv\u00e9lem\u00e9ny kutat\u00f3k kit neveznek meg es\u00e9lyesebb jel\u00f6ltnek. Mind a kett\u0151 deklar\u00e1lja, hogy \u0151 az es\u00e9lyesebb. Ebb\u0151l a rezsim lev\u00e1lt\u00e1sa nem lesz. Azt gondolom, hogy Szolnoki v\u00e1laszt\u00f3polg\u00e1rainak az a fontos, hogy olyan k\u00e9pvisel\u0151j\u00fck legyen, aki szolg\u00e1lja \u0151ket. &#8211;<\/p>\n<p>A rendszerv\u00e1lt\u00e1s \u00f3ta folyamatosan csal\u00f3dni kell a politikusokban. A politika m\u00e1ra egyet jelent a lop\u00e1ssal \u00e9s a korrupci\u00f3val, ennek vetne v\u00e9get Momentum. Szekeres \u00c9va szerint becs\u00fcletes, hozz\u00e1\u00e9rt\u0151 \u00e9s hossz\u00fat\u00e1von gondolkodni k\u00e9pes politikusi gener\u00e1ci\u00f3ra van sz\u00fcks\u00e9g. Ebben \u00e1ll a Momentum felel\u0151ss\u00e9ge  &#8211;   sz\u00f6gezte le az orsz\u00e1ggy\u0171l\u00e9si k\u00e9pvisel\u0151jel\u00f6lt.<\/p>\n<p>-B\u00edzom abban, hogy a v\u00e1laszt\u00f3polg\u00e1rok l\u00e1tj\u00e1k a h\u00e1tt\u00e9rben hogy mi van, ki az aki val\u00f3ban v\u00e1ltoz\u00e1st akar, \u00e9s b\u00f6lcsen tudnak d\u00f6nteni, amikor odaker\u00fclnek az urn\u00e1k el\u00e9, \u00e9s val\u00f3ban kit szeretn\u00e9nek v\u00e1lasztani. &#8211;<\/p>\n<p> Szekeres \u00c9va elmondta: az\u00e9rt kezdett politiz\u00e1lni, mert \u00fagy \u00e9rezte sokan vannak, akiket nem k\u00e9pvisel senki, akik v\u00e9g\u00e9rv\u00e9nyesen ki\u00e1br\u00e1ndultak a jobb \u00e9s baloldal v\u00e9get nem \u00e9r\u0151 k\u00fczdelm\u00e9b\u0151l. Orsz\u00e1ggy\u0171l\u00e9si k\u00e9pvisel\u0151jel\u00f6ltk\u00e9nt az\u00e9rt fog dolgozni, hogy vissza\u00e1ll\u00edts\u00e1k a jog\u00e1llamis\u00e1got, \u00e9s lebonts\u00e1k azt a korrupt rendszert, amit a Fidesz ki\u00e9p\u00edtett  &#8211;   z\u00e1rta t\u00e1j\u00e9koztat\u00f3j\u00e1t a jel\u00f6lt. <\/p>\n<div style=\"width: 640px;\" class=\"wp-video\"><!--[if lt IE 9]><script>document.createElement('video');<\/script><![endif]-->\n<video class=\"wp-video-shortcode\" id=\"video-8688-1\" width=\"640\" height=\"360\" preload=\"metadata\" controls=\"controls\"><source type=\"video\/mp4\" src=\"\/spots\/hir\/hir_180404_04.mp4?_=1\" \/><a href=\"\/spots\/hir\/hir_180404_04.mp4\">\/spots\/hir\/hir_180404_04.mp4<\/a><\/video><\/div>\n","protected":false},"excerpt":{"rendered":"<p>Megy\u00e9nk 1. v\u00e1laszt\u00f3k\u00f6rzet\u00e9ben sem siker\u00fclt megegyeznie az ellenz\u00e9knek, ehelyett ink\u00e1bb statisztik\u00e1val foglalkoznak \u00e9s azon versenyeznek, ki\u00e9 a nagyobb t\u00e1mogatotts\u00e1g &#8211; mondta Szekeres \u00c9va a Momentum mai sajt\u00f3t\u00e1j\u00e9koztat\u00f3j\u00e1n. Ez pedig a jel\u00f6lt szerint biztos buk\u00e1shoz vezet. -Arra hivatkoznak, hogy a k\u00f6zv\u00e9lem\u00e9ny kutat\u00f3k kit neveznek meg es\u00e9lyesebb jel\u00f6ltnek. Mind a kett\u0151 deklar\u00e1lja, hogy \u0151 az es\u00e9lyesebb. Ebb\u0151l [&hellip;]<\/p>\n","protected":false},"author":2,"featured_media":0,"comment_status":"closed","ping_status":"closed","sticky":false,"template":"","format":"standard","meta":[],"categories":[9],"tags":[],"_links":{"self":[{"href":"http:\/\/archiv.szolnoktv.hu\/index.php?rest_route=\/wp\/v2\/posts\/8688"}],"collection":[{"href":"http:\/\/archiv.szolnoktv.hu\/index.php?rest_route=\/wp\/v2\/posts"}],"about":[{"href":"http:\/\/archiv.szolnoktv.hu\/index.php?rest_route=\/wp\/v2\/types\/post"}],"author":[{"embeddable":true,"href":"http:\/\/archiv.szolnoktv.hu\/index.php?rest_route=\/wp\/v2\/users\/2"}],"replies":[{"embeddable":true,"href":"http:\/\/archiv.szolnoktv.hu\/index.php?rest_route=%2Fwp%2Fv2%2Fcomments&post=8688"}],"version-history":[{"count":1,"href":"http:\/\/archiv.szolnoktv.hu\/index.php?rest_route=\/wp\/v2\/posts\/8688\/revisions"}],"predecessor-version":[{"id":8745,"href":"http:\/\/archiv.szolnoktv.hu\/index.php?rest_route=\/wp\/v2\/posts\/8688\/revisions\/8745"}],"wp:attachment":[{"href":"http:\/\/archiv.szolnoktv.hu\/index.php?rest_route=%2Fwp%2Fv2%2Fmedia&parent=8688"}],"wp:term":[{"taxonomy":"category","embeddable":true,"href":"http:\/\/archiv.szolnoktv.hu\/index.php?rest_route=%2Fwp%2Fv2%2Fcategories&post=8688"},{"taxonomy":"post_tag","embeddable":true,"href":"http:\/\/archiv.szolnoktv.hu\/index.php?rest_route=%2Fwp%2Fv2%2Ftags&post=8688"}],"curies":[{"name":"wp","href":"https:\/\/api.w.org\/{rel}","templated":true}]}}