{"id":8687,"date":"2018-04-04T16:40:34","date_gmt":"2018-04-04T16:40:34","guid":{"rendered":"http:\/\/archiv.szolnoktv.hu\/?p=8687"},"modified":"2021-08-13T20:12:56","modified_gmt":"2021-08-13T20:12:56","slug":"otkukas-jatekok","status":"publish","type":"post","link":"http:\/\/archiv.szolnoktv.hu\/?p=8687","title":{"rendered":"\u00d6tkuk\u00e1s j\u00e1t\u00e9kok"},"content":{"rendered":"<div class='booster-block booster-read-block'><\/div><p>Nem csak szelekt\u00edv hullad\u00e9kgy\u0171jt\u0151k seg\u00edtik az iskol\u00e1ban a k\u00f6rnyezettudatos nevel\u00e9st. A tan\u00f3r\u00e1kba is be van \u00e9p\u00edtve, \u00e9s k\u00fcl\u00f6nb\u00f6z\u0151 programok is ezt seg\u00edtik.<br \/>&#8220;Bekapcsol\u00f3dtunk mi is abba, hogy a pet palackokat gy\u0171jtj\u00fck, \u00e9s azt elsz\u00e1ll\u00edtj\u00e1k t\u0151l\u00fcnk.&#8221; -mondta SZ\u00dcGYI DEZS\u00d5, a  Sz\u00e9chenyi K\u00f6r\u00fati \u00c1ltal\u00e1nos Iskola igazgat\u00f3ja.<br \/>Az \u00f6tkuk\u00e1s j\u00e1t\u00e9kok gyermekbar\u00e1t m\u00f3don ir\u00e1ny\u00edtja a di\u00e1kok figyelm\u00e9t a k\u00f6rnyezettudatos \u00e9letm\u00f3dra. Ki nevet a v\u00e9g\u00e9n, Twister, k\u00e9rdezz-felelek, tot\u00f3 ismert t\u00e1rsasj\u00e1t\u00e9kok, de most valamennyi a k\u00f6rnyezetv\u00e9delem t\u00e9mak\u00f6r\u00e9be \u00e1talak\u00edtva.<br \/>&#8220;Amikor bele kellett n\u00e9zni a t\u00e1vcs\u0151be, az tetszett, minden\u00fctt volt valami \u00e9rdekess\u00e9g, volt b\u00fav\u00e1r, c\u00e1pa, meg volt szem\u00e9lt is ott, ki volt \u00edrva, hogy szelekt\u00edven gy\u0171jts\u00e9l.&#8221; -mondta KOV\u00c1CS PETRA tanul\u00f3.<br \/>A nevel\u00e9s egyik ir\u00e1nya, ha j\u00f3 p\u00e9ld\u00e1kat is l\u00e1tnak a gyerekek. Hangay Zolt\u00e1n \u00e9s F\u00fcl\u00f6p Bence v\u00edzilabd\u00e1z\u00f3k \u00e9p ez\u00e9rt v\u00e1llalt\u00e1k, hogy r\u00e9szt vesznek a j\u00e1tsz\u00f3 d\u00e9lut\u00e1non:<br \/>&#8220;Feln\u0151ttk\u00e9nt \u00e9s \u00e9lsportol\u00f3k\u00e9nt is fontos, hogy felh\u00edvjuk a figyelmet, a sport is \u00e9s a szelekt\u00edv gy\u0171jt\u00e9s is az eg\u00e9szs\u00e9gr\u0151l sz\u00f3l, ezt szeretn\u00e9nk a sr\u00e1coknak is bemutatni.&#8221; -mondta HANGAY ZOLT\u00c1N.<br \/>&#8220;J\u00e1rok horg\u00e1szni, szeretek a term\u00e9szetben lenni, az is j\u00f3 kezdem\u00e9nyez\u00e9s, hogy vigy\u00fck ki a gyerekeket a term\u00e9szetbe, hogy l\u00e1ss\u00e1k mi\u00e9rt kell szelekt\u00edven szedni a hullad\u00e9kot.&#8221; -mondta F\u00dcL\u00d6P BENCE.<br \/>A gyerekek minden j\u00e1t\u00e9kok kipr\u00f3b\u00e1lhattak.<br \/>&#8220;\u00c9n kipr\u00f3b\u00e1ltam a virtu\u00e1lis szem\u00fcveget, meg a tot\u00f3 is j\u00f3 volt, \u00e9s ezt szeretn\u00e9m kipr\u00f3b\u00e1lni, meg mindent.&#8221; -mondta VERESS \u00c1RON tanul\u00f3.<br \/>A j\u00f3 p\u00e9ld\u00e1nak, az oktat\u00e1snak \u00e9s a j\u00e1t\u00e9knak k\u00f6sz\u00f6nhet\u0151en tudatos feln\u0151tt\u00e9 v\u00e1lnak a gyerekek.<br \/>&#8220;Fontos, hogy szelekt\u00edven szedj\u00fck a hullad\u00e9kot, mert akkor nem szennyezz\u00fck a k\u00f6rnyezet\u00fcnket, ehhez az kell, hogy szelekt\u00edven gy\u0171jts\u00fck a hullad\u00e9kot.&#8221; -mondta M\u00c1RTON BENEDEK tanul\u00f3.<br \/>Tapasztalat, hogy a mai fiatalok jobban odafigyelnek k\u00f6rnyezet\u00fckre, nem egy esetben \u0151k azok, akik -a k\u00f6rnyezettudatoss\u00e1gban- nevelik a sz\u00fcleiket.<br \/>\n<br \/>\n<div style=\"width: 640px;\" class=\"wp-video\"><!--[if lt IE 9]><script>document.createElement('video');<\/script><![endif]-->\n<video class=\"wp-video-shortcode\" id=\"video-8687-1\" width=\"640\" height=\"360\" preload=\"metadata\" controls=\"controls\"><source type=\"video\/mp4\" src=\"\/spots\/hir\/hir_180404_06.mp4?_=1\" \/><a href=\"\/spots\/hir\/hir_180404_06.mp4\">\/spots\/hir\/hir_180404_06.mp4<\/a><\/video><\/div><\/p>\n","protected":false},"excerpt":{"rendered":"<p>Nem csak szelekt\u00edv hullad\u00e9kgy\u0171jt\u0151k seg\u00edtik az iskol\u00e1ban a k\u00f6rnyezettudatos nevel\u00e9st. A tan\u00f3r\u00e1kba is be van \u00e9p\u00edtve, \u00e9s k\u00fcl\u00f6nb\u00f6z\u0151 programok is ezt seg\u00edtik.&#8220;Bekapcsol\u00f3dtunk mi is abba, hogy a pet palackokat gy\u0171jtj\u00fck, \u00e9s azt elsz\u00e1ll\u00edtj\u00e1k t\u0151l\u00fcnk.&#8221; -mondta SZ\u00dcGYI DEZS\u00d5, a Sz\u00e9chenyi K\u00f6r\u00fati \u00c1ltal\u00e1nos Iskola igazgat\u00f3ja.Az \u00f6tkuk\u00e1s j\u00e1t\u00e9kok gyermekbar\u00e1t m\u00f3don ir\u00e1ny\u00edtja a di\u00e1kok figyelm\u00e9t a k\u00f6rnyezettudatos \u00e9letm\u00f3dra. Ki [&hellip;]<\/p>\n","protected":false},"author":2,"featured_media":0,"comment_status":"closed","ping_status":"closed","sticky":false,"template":"","format":"standard","meta":[],"categories":[9],"tags":[],"_links":{"self":[{"href":"http:\/\/archiv.szolnoktv.hu\/index.php?rest_route=\/wp\/v2\/posts\/8687"}],"collection":[{"href":"http:\/\/archiv.szolnoktv.hu\/index.php?rest_route=\/wp\/v2\/posts"}],"about":[{"href":"http:\/\/archiv.szolnoktv.hu\/index.php?rest_route=\/wp\/v2\/types\/post"}],"author":[{"embeddable":true,"href":"http:\/\/archiv.szolnoktv.hu\/index.php?rest_route=\/wp\/v2\/users\/2"}],"replies":[{"embeddable":true,"href":"http:\/\/archiv.szolnoktv.hu\/index.php?rest_route=%2Fwp%2Fv2%2Fcomments&post=8687"}],"version-history":[{"count":1,"href":"http:\/\/archiv.szolnoktv.hu\/index.php?rest_route=\/wp\/v2\/posts\/8687\/revisions"}],"predecessor-version":[{"id":8746,"href":"http:\/\/archiv.szolnoktv.hu\/index.php?rest_route=\/wp\/v2\/posts\/8687\/revisions\/8746"}],"wp:attachment":[{"href":"http:\/\/archiv.szolnoktv.hu\/index.php?rest_route=%2Fwp%2Fv2%2Fmedia&parent=8687"}],"wp:term":[{"taxonomy":"category","embeddable":true,"href":"http:\/\/archiv.szolnoktv.hu\/index.php?rest_route=%2Fwp%2Fv2%2Fcategories&post=8687"},{"taxonomy":"post_tag","embeddable":true,"href":"http:\/\/archiv.szolnoktv.hu\/index.php?rest_route=%2Fwp%2Fv2%2Ftags&post=8687"}],"curies":[{"name":"wp","href":"https:\/\/api.w.org\/{rel}","templated":true}]}}