{"id":8656,"date":"2018-04-04T16:15:31","date_gmt":"2018-04-04T16:15:31","guid":{"rendered":"http:\/\/archiv.szolnoktv.hu\/?p=8656"},"modified":"2021-08-13T20:07:29","modified_gmt":"2021-08-13T20:07:29","slug":"hazai-es-hataron-tuli-ovodai-tehetsegnap","status":"publish","type":"post","link":"http:\/\/archiv.szolnoktv.hu\/?p=8656","title":{"rendered":"Hazai \u00e9s hat\u00e1ron t\u00fali \u00f3vodai tehets\u00e9gnap"},"content":{"rendered":"<div class='booster-block booster-read-block'><\/div><p>A med\u00faz\u00e1k f\u00f6ldj\u00e9re, de a vil\u00e1g\u0171rbe is eljuthattak ma azok az \u00f3vod\u00e1sok, akik a Man\u00f3v\u00e1r Tagint\u00e9zm\u00e9ny, a Sz\u00e1zszorsz\u00e9p \u00d3voda \u00e9s a Szap\u00e1ry \u00dati \u00d3voda kaland napj\u00e1ra \u00e9rkeztek. Az interakt\u00edv feladatok k\u00f6z\u00f6tt mindenki megtal\u00e1lhatta kedvenc\u00e9t. Volt, akinek a fiol\u00e1kba rejtett illatfelismer\u00e9s lett a kedvence, de olyan is akadt aki a legt\u00f6bb id\u0151t a mem\u00f3ria j\u00e1t\u00e9kn\u00e1l t\u00f6lt\u00f6tte.<\/p>\n<p> -Nekem a kirak\u00f3 volt a kedvencem \u00e9s az\u00e9rt mert ott olyan neh\u00e9z volt kirakni \u00e9s \u00e9n nagyon szeretem az ilyen neh\u00e9z dolgokat.&#8221;- mes\u00e9lte T\u00f3th Tessza.<\/p>\n<p> -Nekem a szagl\u00e1sz\u00e1s meg az ilyen l\u00e9peget\u00e9s. A vizeset, ilyen c\u00e1p\u00e1sat.- tette hozz\u00e1 Reh\u00f3 Janka.<\/p>\n<p>A gyerekek az \u00e1llom\u00e1sokon pontokat is gy\u0171jthettek.<\/p>\n<p> -Ha valamilyen feladatot megcsin\u00e1lt\u00e1l, amit az itteni dolgoz\u00f3k csin\u00e1ltak, akkor kapsz egy pontot.- mondta Bolgovics S\u00e1ra.<\/p>\n<p>A kalandnapra k\u00f6zel 70 \u00f3vod\u00e1s \u00e9rkezett Szolnok 9 tagint\u00e9zm\u00e9ny\u00e9b\u0151l. A feladatokat az 5 \u00e9s 7 \u00e9ves koroszt\u00e1ly sz\u00e1m\u00e1ra k\u00e9sz\u00edtett\u00e9k. A mozg\u00e1sra, logik\u00e1ra, illetve zen\u00e9re \u00e9p\u00fcl\u0151 feladatok a tehets\u00e9g felismer\u00e9s\u00e9t \u00e9s gondoz\u00e1s\u00e1t seg\u00edti. <\/p>\n<p>-A hazai \u00e9s hat\u00e1ron t\u00fali t\u00e1jegys\u00e9gi pont kibontakoztat\u00f3 program keret\u00e9ben szervezt\u00fck ezt a d\u00e9lel\u0151tt\u00f6t, ez egy tehets\u00e9g nap h\u00e1rom helysz\u00ednen. A Man\u00f3v\u00e1r Tag\u00f3voda, a Sz\u00e1zszorsz\u00e9p Tag\u00f3voda, \u00e9s a Szap\u00e1ry \u00dati Tag\u00f3voda rendezte ezt a 3 helysz\u00ednt. Megismerkedhetnek haz\u00e1nk nevezetess\u00e9geivel, kitekinthetnek a vil\u00e1g\u0171rbe \u00e9s a vizek vil\u00e1g\u00e1ba is lemer\u00fclhetnek a gyerekek.&#8221;- mondta Varr\u00f3n\u00e9 Nagy Zsuzsanna a Man\u00f3v\u00e1r \u00dati \u00d3voda tagint\u00e9zm\u00e9nyvezet\u0151je.<\/p>\n<p>A program d\u00e9lut\u00e1n szakmai el\u0151ad\u00e1sokkal folytat\u00f3dott. A pedag\u00f3gusok a tehets\u00e9gfejleszt\u00e9sr\u0151l, illetve a figyelem pszichol\u00f3gi\u00e1j\u00e1r\u00f3l hallhattak. A tehets\u00e9gnap a programot szervez\u0151 tagint\u00e9zm\u00e9nyek k\u00f6z\u00f6s ki\u00e1ll\u00edt\u00e1s\u00e1val z\u00e1rult. A Man\u00f3v\u00e1r \u00dati \u00d3voda festm\u00e9nyei a vizek vil\u00e1g\u00e1t, a Sz\u00e1zszorsz\u00e9p \u00d3voda m\u0171vei a vil\u00e1g\u0171rt, m\u00edg a Szap\u00e1ry \u00dari \u00d3voda alkot\u00e1sai haz\u00e1nk, illetve v\u00e1rosunk nevezetess\u00e9geit mutatj\u00e1k be.<br \/>\n<br \/>\n<div style=\"width: 640px;\" class=\"wp-video\"><!--[if lt IE 9]><script>document.createElement('video');<\/script><![endif]-->\n<video class=\"wp-video-shortcode\" id=\"video-8656-1\" width=\"640\" height=\"360\" preload=\"metadata\" controls=\"controls\"><source type=\"video\/mp4\" src=\"\/spots\/hir\/hir_180404_03.mp4?_=1\" \/><a href=\"\/spots\/hir\/hir_180404_03.mp4\">\/spots\/hir\/hir_180404_03.mp4<\/a><\/video><\/div><\/p>\n","protected":false},"excerpt":{"rendered":"<p>A med\u00faz\u00e1k f\u00f6ldj\u00e9re, de a vil\u00e1g\u0171rbe is eljuthattak ma azok az \u00f3vod\u00e1sok, akik a Man\u00f3v\u00e1r Tagint\u00e9zm\u00e9ny, a Sz\u00e1zszorsz\u00e9p \u00d3voda \u00e9s a Szap\u00e1ry \u00dati \u00d3voda kaland napj\u00e1ra \u00e9rkeztek. Az interakt\u00edv feladatok k\u00f6z\u00f6tt mindenki megtal\u00e1lhatta kedvenc\u00e9t. Volt, akinek a fiol\u00e1kba rejtett illatfelismer\u00e9s lett a kedvence, de olyan is akadt aki a legt\u00f6bb id\u0151t a mem\u00f3ria j\u00e1t\u00e9kn\u00e1l t\u00f6lt\u00f6tte. [&hellip;]<\/p>\n","protected":false},"author":2,"featured_media":0,"comment_status":"closed","ping_status":"closed","sticky":false,"template":"","format":"standard","meta":[],"categories":[9],"tags":[],"_links":{"self":[{"href":"http:\/\/archiv.szolnoktv.hu\/index.php?rest_route=\/wp\/v2\/posts\/8656"}],"collection":[{"href":"http:\/\/archiv.szolnoktv.hu\/index.php?rest_route=\/wp\/v2\/posts"}],"about":[{"href":"http:\/\/archiv.szolnoktv.hu\/index.php?rest_route=\/wp\/v2\/types\/post"}],"author":[{"embeddable":true,"href":"http:\/\/archiv.szolnoktv.hu\/index.php?rest_route=\/wp\/v2\/users\/2"}],"replies":[{"embeddable":true,"href":"http:\/\/archiv.szolnoktv.hu\/index.php?rest_route=%2Fwp%2Fv2%2Fcomments&post=8656"}],"version-history":[{"count":1,"href":"http:\/\/archiv.szolnoktv.hu\/index.php?rest_route=\/wp\/v2\/posts\/8656\/revisions"}],"predecessor-version":[{"id":8657,"href":"http:\/\/archiv.szolnoktv.hu\/index.php?rest_route=\/wp\/v2\/posts\/8656\/revisions\/8657"}],"wp:attachment":[{"href":"http:\/\/archiv.szolnoktv.hu\/index.php?rest_route=%2Fwp%2Fv2%2Fmedia&parent=8656"}],"wp:term":[{"taxonomy":"category","embeddable":true,"href":"http:\/\/archiv.szolnoktv.hu\/index.php?rest_route=%2Fwp%2Fv2%2Fcategories&post=8656"},{"taxonomy":"post_tag","embeddable":true,"href":"http:\/\/archiv.szolnoktv.hu\/index.php?rest_route=%2Fwp%2Fv2%2Ftags&post=8656"}],"curies":[{"name":"wp","href":"https:\/\/api.w.org\/{rel}","templated":true}]}}