{"id":8655,"date":"2018-04-04T16:07:19","date_gmt":"2018-04-04T16:07:19","guid":{"rendered":"http:\/\/archiv.szolnoktv.hu\/?p=8655"},"modified":"2021-08-13T20:07:29","modified_gmt":"2021-08-13T20:07:29","slug":"megerkeztek-a-golyak-2","status":"publish","type":"post","link":"http:\/\/archiv.szolnoktv.hu\/?p=8655","title":{"rendered":"Meg\u00e9rkeztek a g\u00f3ly\u00e1k"},"content":{"rendered":"<div class='booster-block booster-read-block'><\/div><p>A feh\u00e9r g\u00f3lya \u00e1llom\u00e1nya az elm\u00falt 100 \u00e9vben er\u0151sen ingadozott haz\u00e1nkban. Jelenleg stabilnak t\u0171nik: 5500 p\u00e1rra tehet\u0151 l\u00e9tsz\u00e1muk. A telet Afrika tr\u00f3pusi vid\u00e9kein t\u00f6ltik, hozz\u00e1nk pedig \u00e1prilis els\u0151 het\u00e9ben t\u00e9rnek vissza.<\/p>\n<p>-Els\u0151re a h\u00edm, a fi\u00fa g\u00f3lya \u00e9rkezik meg, ut\u00e1na 5-10 nappal k\u00e9s\u0151bb \u00e9rkeznek a h\u00f6lgyek \u00e9s akkor \u00e1llnak p\u00e1rba, mikor mindk\u00e9t mad\u00e1r a f\u00e9szken van., elfoglalj\u00e1k. Akkor egy\u00e9rtelm\u0171en p\u00e1rban \u00e1ll\u00e1s t\u00f6rt\u00e9nik \u00e9s ut\u00e1na kezd\u0151dik a toj\u00e1s rak\u00e1s \u00e9s a k\u00f6lt\u00e9s.&#8221; -mondta Urb\u00e1n S\u00e1ndor a J\u00e1szkun Term\u00e9szetv\u00e9delmi Egyes\u00fclet eln\u00f6ke.<\/p>\n<p>A feh\u00e9r g\u00f3lya a p\u00e1rban \u00e1ll\u00e1st k\u00f6vet\u0151en 10-15 nappal rakja toj\u00e1sait nagy m\u00e9ret\u0171 gallyf\u00e9szekbe. 26-28 nap m\u00falva pedig kikelnek a kis fi\u00f3k\u00e1k. Az \u00e1tlagos f\u00e9szekalja 2-3 toj\u00e1s, jobb esztend\u0151kben 4-5 fi\u00f3k\u00e1s f\u00e9szkek is el\u0151fordulnak. <\/p>\n<p>-Szolnok az eur\u00f3pai g\u00f3lya-f\u0151v\u00e1ros. Ilyen nagy l\u00e9tsz\u00e1m\u00fa g\u00f3lya\u00e1llom\u00e1nnyal egyetlen egy eur\u00f3pai nagyv\u00e1ros sem dicsekedhet. Ez annak k\u00f6sz\u00f6nhet\u0151, hogy a h\u00e1tunk m\u00f6g\u00f6tt l\u00e9v\u0151 Zagyva -ugye a belv\u00e1ros kell\u0151s k\u00f6zep\u00e9n folyik kereszt\u00fcl- ez kiv\u00e1l\u00f3 t\u00e1pl\u00e1lkoz\u00e1si lehet\u0151s\u00e9get biztos\u00edt az itt f\u00e9szkel\u0151 g\u00f3ly\u00e1knak.&#8221;<\/p>\n<p>V\u00e9delm\u00fck nagyban f\u00fcgg a megfelel\u0151 t\u00e1jgazd\u00e1lkod\u00e1st\u00f3l: a nedves, mocsaras r\u00e9tek megsz\u0171n\u00e9s\u00e9vel ugyanis elt\u0171nnek t\u00e1pl\u00e1lkoz\u00f3helyei. Orsz\u00e1gos szinten jellemz\u0151 a legel\u0151 haszon\u00e1llatok mennyis\u00e9gi cs\u00f6kken\u00e9se, ez pedig a gyepter\u00fcletek nagys\u00e1g\u00e1nak kedvez\u0151tlen v\u00e1ltoz\u00e1s\u00e1t vonja maga ut\u00e1n. A v\u00e1rosban fellelhet\u0151 13-15 g\u00f3lyap\u00e1r legal\u00e1bb fele a Zagyva foly\u00f3hoz k\u00f6thet\u0151 \u00e9lelemszerz\u00e9s ok\u00e1n. A g\u00f3ly\u00e1knak ugyanakkor nagyon fontos \u00e9l\u0151hely a tiszai \u00e1rt\u00e9r is. A fi\u00f3k\u00e1k j\u00falius v\u00e9g\u00e9n, augusztus elej\u00e9n hagyj\u00e1k el a f\u00e9szket \u00e9s szeptemberben m\u00e1r sz\u00fcleikkel egy\u00fctt indulnak Afrika fel\u00e9.<\/p>\n<div style=\"width: 640px;\" class=\"wp-video\"><!--[if lt IE 9]><script>document.createElement('video');<\/script><![endif]-->\n<video class=\"wp-video-shortcode\" id=\"video-8655-1\" width=\"640\" height=\"360\" preload=\"metadata\" controls=\"controls\"><source type=\"video\/mp4\" src=\"\/spots\/hir\/hir_180404_02.mp4?_=1\" \/><a href=\"\/spots\/hir\/hir_180404_02.mp4\">\/spots\/hir\/hir_180404_02.mp4<\/a><\/video><\/div>\n","protected":false},"excerpt":{"rendered":"<p>A feh\u00e9r g\u00f3lya \u00e1llom\u00e1nya az elm\u00falt 100 \u00e9vben er\u0151sen ingadozott haz\u00e1nkban. Jelenleg stabilnak t\u0171nik: 5500 p\u00e1rra tehet\u0151 l\u00e9tsz\u00e1muk. A telet Afrika tr\u00f3pusi vid\u00e9kein t\u00f6ltik, hozz\u00e1nk pedig \u00e1prilis els\u0151 het\u00e9ben t\u00e9rnek vissza. -Els\u0151re a h\u00edm, a fi\u00fa g\u00f3lya \u00e9rkezik meg, ut\u00e1na 5-10 nappal k\u00e9s\u0151bb \u00e9rkeznek a h\u00f6lgyek \u00e9s akkor \u00e1llnak p\u00e1rba, mikor mindk\u00e9t mad\u00e1r a f\u00e9szken [&hellip;]<\/p>\n","protected":false},"author":2,"featured_media":0,"comment_status":"closed","ping_status":"closed","sticky":false,"template":"","format":"standard","meta":[],"categories":[9],"tags":[],"_links":{"self":[{"href":"http:\/\/archiv.szolnoktv.hu\/index.php?rest_route=\/wp\/v2\/posts\/8655"}],"collection":[{"href":"http:\/\/archiv.szolnoktv.hu\/index.php?rest_route=\/wp\/v2\/posts"}],"about":[{"href":"http:\/\/archiv.szolnoktv.hu\/index.php?rest_route=\/wp\/v2\/types\/post"}],"author":[{"embeddable":true,"href":"http:\/\/archiv.szolnoktv.hu\/index.php?rest_route=\/wp\/v2\/users\/2"}],"replies":[{"embeddable":true,"href":"http:\/\/archiv.szolnoktv.hu\/index.php?rest_route=%2Fwp%2Fv2%2Fcomments&post=8655"}],"version-history":[{"count":1,"href":"http:\/\/archiv.szolnoktv.hu\/index.php?rest_route=\/wp\/v2\/posts\/8655\/revisions"}],"predecessor-version":[{"id":8658,"href":"http:\/\/archiv.szolnoktv.hu\/index.php?rest_route=\/wp\/v2\/posts\/8655\/revisions\/8658"}],"wp:attachment":[{"href":"http:\/\/archiv.szolnoktv.hu\/index.php?rest_route=%2Fwp%2Fv2%2Fmedia&parent=8655"}],"wp:term":[{"taxonomy":"category","embeddable":true,"href":"http:\/\/archiv.szolnoktv.hu\/index.php?rest_route=%2Fwp%2Fv2%2Fcategories&post=8655"},{"taxonomy":"post_tag","embeddable":true,"href":"http:\/\/archiv.szolnoktv.hu\/index.php?rest_route=%2Fwp%2Fv2%2Ftags&post=8655"}],"curies":[{"name":"wp","href":"https:\/\/api.w.org\/{rel}","templated":true}]}}