{"id":8654,"date":"2018-04-04T15:57:14","date_gmt":"2018-04-04T15:57:14","guid":{"rendered":"http:\/\/archiv.szolnoktv.hu\/?p=8654"},"modified":"2021-08-13T20:07:29","modified_gmt":"2021-08-13T20:07:29","slug":"munkaspart-megemlekezes","status":"publish","type":"post","link":"http:\/\/archiv.szolnoktv.hu\/?p=8654","title":{"rendered":"Munk\u00e1sp\u00e1rt megeml\u00e9kez\u00e9s"},"content":{"rendered":"<div class='booster-block booster-read-block'><\/div><p>\u00c1prilis 4-e sz\u00e1munkra \u00fcnnep  &#8211;   mondta a Munk\u00e1sp\u00e1rt v\u00e1rosi eln\u00f6ke. Guly\u00e1s L\u00e1szl\u00f3 k\u00f6sz\u00f6nt\u0151j\u00e9ben elmondta: r\u00e9gen piros bet\u0171s nap volt, haz\u00e1nk felszabadul\u00e1sak\u00e9nt \u00fcnnepelt\u00fck.<\/p>\n<p>-Az t\u00f6rt\u00e9nelmi t\u00e9ny, hogy Magyarorsz\u00e1got a fasizmus al\u00f3l, a nyilas r\u00e9muralom al\u00f3l a V\u00f6r\u00f6s Hadsereg szabad\u00edtotta fel. Azt is tudom\u00e1sul kell venni, hogy a V\u00f6r\u00f6s Hadsereg ide nem bar\u00e1tk\u00e9nt \u00e9rkezett, hiszen hadi\u00e1llapotban voltunk.&#8221;  &#8211;   mondta Guly\u00e1s L\u00e1szl\u00f3 v\u00e1rosi eln\u00f6k, Munk\u00e1sp\u00e1rt.<\/p>\n<p>Sokan, f\u0151k\u00e9nt az akkori korszak vezet\u0151i megsz\u00e1ll\u00e1snak tartj\u00e1k, hiszen \u0151k mindent elvesz\u00edtettek  &#8211;   tette hozz\u00e1 a p\u00e1rt orsz\u00e1ggy\u0171l\u00e9si k\u00e9pvisel\u0151jel\u00f6ltje. Bencsik Mih\u00e1ly elmondta a lakoss\u00e1g 80-90 sz\u00e1zal\u00e9ka viszont nyert vele, \u0151k csak\u00fagy, mint a Munk\u00e1sp\u00e1rt felszabadul\u00e1snak tartj\u00e1k \u00e1prilis 4-\u00e9t. A politikus hangs\u00falyozta, hogy manaps\u00e1g sok kritik\u00e1t kap a korm\u00e1ny a keleti nyit\u00e1ssal kapcsolatban, de a Munk\u00e1sp\u00e1rt ezt j\u00f3 \u00fatnak tekinti, s\u0151t mint az a jel\u00f6lt elmondta: a nyit\u00e1s lehetne sokkal nagyobb m\u00e9rt\u00e9k\u0171. A nyugati vil\u00e1g elk\u00f6telezettjei nem lehet\u00fcnk, hiszen az nem el\u0151ny\u00f6s haz\u00e1nknak  &#8211;   tette hozz\u00e1 Bencsik Mih\u00e1ly.<\/p>\n<p>-Mi \u00fagy gondoljuk, hogy ma k\u00f6zel ker\u00fclt\u00fcnk egy h\u00e1bor\u00fahoz, ami megint nem Magyarorsz\u00e1g \u00e9rdeke. Amerikai, angol, n\u00e9met, francia \u00e9rdekek mellett a NATO provok\u00e1lja Oroszorsz\u00e1got.&#8221;  &#8211;   mondta Bencsik Mih\u00e1ly orsz\u00e1ggy\u0171l\u00e9si k\u00e9pvisel\u0151jel\u00f6lt.<\/p>\n<p>Oroszorsz\u00e1g nem akar h\u00e1bor\u00fat, de, ha provok\u00e1lj\u00e1k v\u00e9dekezik  &#8211;   fogalmazott Bencsik Mih\u00e1ly, majd hozz\u00e1tette: a haz\u00e1nkban l\u00e9v\u0151 amerikai katon\u00e1k miatt minket is vesz\u00e9lyesnek min\u0151s\u00edthetnek. A politikus szerint Magyarorsz\u00e1gnak nem szabadott volna bel\u00e9pnie a NATO-ba, de ha m\u00e1r elk\u00f6vette ezt a hib\u00e1t, akkor most ki kellene l\u00e9pnie bel\u0151le  &#8211;   z\u00e1rta szavait Bencsik Mih\u00e1ly.<\/p>\n<div style=\"width: 640px;\" class=\"wp-video\"><!--[if lt IE 9]><script>document.createElement('video');<\/script><![endif]-->\n<video class=\"wp-video-shortcode\" id=\"video-8654-1\" width=\"640\" height=\"360\" preload=\"metadata\" controls=\"controls\"><source type=\"video\/mp4\" src=\"\/spots\/hir\/hir_180404_01.mp4?_=1\" \/><a href=\"\/spots\/hir\/hir_180404_01.mp4\">\/spots\/hir\/hir_180404_01.mp4<\/a><\/video><\/div>\n","protected":false},"excerpt":{"rendered":"<p>\u00c1prilis 4-e sz\u00e1munkra \u00fcnnep &#8211; mondta a Munk\u00e1sp\u00e1rt v\u00e1rosi eln\u00f6ke. Guly\u00e1s L\u00e1szl\u00f3 k\u00f6sz\u00f6nt\u0151j\u00e9ben elmondta: r\u00e9gen piros bet\u0171s nap volt, haz\u00e1nk felszabadul\u00e1sak\u00e9nt \u00fcnnepelt\u00fck. -Az t\u00f6rt\u00e9nelmi t\u00e9ny, hogy Magyarorsz\u00e1got a fasizmus al\u00f3l, a nyilas r\u00e9muralom al\u00f3l a V\u00f6r\u00f6s Hadsereg szabad\u00edtotta fel. Azt is tudom\u00e1sul kell venni, hogy a V\u00f6r\u00f6s Hadsereg ide nem bar\u00e1tk\u00e9nt \u00e9rkezett, hiszen hadi\u00e1llapotban voltunk.&#8221; [&hellip;]<\/p>\n","protected":false},"author":2,"featured_media":0,"comment_status":"closed","ping_status":"closed","sticky":false,"template":"","format":"standard","meta":[],"categories":[9],"tags":[],"_links":{"self":[{"href":"http:\/\/archiv.szolnoktv.hu\/index.php?rest_route=\/wp\/v2\/posts\/8654"}],"collection":[{"href":"http:\/\/archiv.szolnoktv.hu\/index.php?rest_route=\/wp\/v2\/posts"}],"about":[{"href":"http:\/\/archiv.szolnoktv.hu\/index.php?rest_route=\/wp\/v2\/types\/post"}],"author":[{"embeddable":true,"href":"http:\/\/archiv.szolnoktv.hu\/index.php?rest_route=\/wp\/v2\/users\/2"}],"replies":[{"embeddable":true,"href":"http:\/\/archiv.szolnoktv.hu\/index.php?rest_route=%2Fwp%2Fv2%2Fcomments&post=8654"}],"version-history":[{"count":1,"href":"http:\/\/archiv.szolnoktv.hu\/index.php?rest_route=\/wp\/v2\/posts\/8654\/revisions"}],"predecessor-version":[{"id":8659,"href":"http:\/\/archiv.szolnoktv.hu\/index.php?rest_route=\/wp\/v2\/posts\/8654\/revisions\/8659"}],"wp:attachment":[{"href":"http:\/\/archiv.szolnoktv.hu\/index.php?rest_route=%2Fwp%2Fv2%2Fmedia&parent=8654"}],"wp:term":[{"taxonomy":"category","embeddable":true,"href":"http:\/\/archiv.szolnoktv.hu\/index.php?rest_route=%2Fwp%2Fv2%2Fcategories&post=8654"},{"taxonomy":"post_tag","embeddable":true,"href":"http:\/\/archiv.szolnoktv.hu\/index.php?rest_route=%2Fwp%2Fv2%2Ftags&post=8654"}],"curies":[{"name":"wp","href":"https:\/\/api.w.org\/{rel}","templated":true}]}}