{"id":8651,"date":"2018-04-03T17:27:08","date_gmt":"2018-04-03T17:27:08","guid":{"rendered":"http:\/\/archiv.szolnoktv.hu\/?p=8651"},"modified":"2021-08-13T20:07:29","modified_gmt":"2021-08-13T20:07:29","slug":"dizajner-drogot-talaltak-a-nyomozok","status":"publish","type":"post","link":"http:\/\/archiv.szolnoktv.hu\/?p=8651","title":{"rendered":"Diz\u00e1jner drogot tal\u00e1ltak a nyomoz\u00f3k"},"content":{"rendered":"<div class='booster-block booster-read-block'><\/div><p>Ezeken a rend\u0151rs\u00e9gi felv\u00e9teleken az l\u00e1tszik, ahogy m\u00e1rcius 27-\u00e9n a szolnoki nyomoz\u00f3k h\u00e1zkutat\u00e1st tartanak egy belv\u00e1rosi csal\u00e1di h\u00e1zban. A szolnoki \u00e9p\u00fcletben k\u00fcl\u00f6nb\u00f6z\u0151 helyeken elrejtve, t\u00f6bb tasakban, k\u00e1b\u00edt\u00f3szergyan\u00fas n\u00f6v\u00e9nyi t\u00f6rmel\u00e9ket, k\u00fcl\u00f6nb\u00f6z\u0151 tablett\u00e1kat, feh\u00e9r port, illetve k\u00e1b\u00edt\u00f3szer-kereskedelemhez sz\u00fcks\u00e9ges eszk\u00f6z\u00f6ket: a t\u00f6bbi k\u00f6z\u00f6tt digit\u00e1lis m\u00e9rleget, \u00f6nz\u00e1r\u00f3s tasakokat \u00e9s nagyobb mennyis\u00e9g\u0171 k\u00e9szp\u00e9nzt tal\u00e1ltak a rend\u0151r\u00f6k.<\/p>\n<p>-A lefoglalt anyagokr\u00f3l az els\u0151dleges szak\u00e9rt\u0151i v\u00e9lem\u00e9ny meg\u00e1llap\u00edtotta, hogy ezek \u00faj pszichotr\u00f3p anyagnak min\u0151s\u00fclnek. Az \u00f6nkorm\u00e1nyzattal val\u00f3 egy\u00fcttm\u0171k\u00f6d\u00e9s \u00e9s szoros inform\u00e1ci\u00f3 \u00e1raml\u00e1s is seg\u00edtette a Szolnoki Rend\u0151rkapit\u00e1nys\u00e1gon folyamatban l\u00e9v\u0151 nyomoz\u00e1st, amelynek eredm\u00e9nyek\u00e9nt egy 44 \u00e9ves szolnoki n\u0151t a rend\u0151r\u00f6k el\u0151\u00e1ll\u00edtottak \u00e9s gyan\u00fas\u00edtottk\u00e9nt ki is hallgattak.&#8221;  &#8211; mondta Szab\u00f3 Zita r.alezredes, JNSZ megyei sajt\u00f3sz\u00f3viv\u0151<\/p>\n<p>A rend\u0151rs\u00e9g a kihallgat\u00e1s \u00e9s az \u0151rizetbe v\u00e9tel ut\u00e1n \u00faj pszichoakt\u00edv anyaggal vissza\u00e9l\u00e9s b\u0171ntett elk\u00f6vet\u00e9s\u00e9nek megalapozott gyan\u00faja miatt kezdem\u00e9nyezte a 44 \u00e9ves szolnoki n\u0151 el\u0151zetes letart\u00f3ztat\u00e1s\u00e1t, de ezt a b\u00edr\u00f3s\u00e1g nem rendelte el.<\/p>\n<div style=\"width: 640px;\" class=\"wp-video\"><!--[if lt IE 9]><script>document.createElement('video');<\/script><![endif]-->\n<video class=\"wp-video-shortcode\" id=\"video-8651-1\" width=\"640\" height=\"360\" preload=\"metadata\" controls=\"controls\"><source type=\"video\/mp4\" src=\"\/spots\/hir\/hir_180403_07.mp4?_=1\" \/><a href=\"\/spots\/hir\/hir_180403_07.mp4\">\/spots\/hir\/hir_180403_07.mp4<\/a><\/video><\/div>\n","protected":false},"excerpt":{"rendered":"<p>Ezeken a rend\u0151rs\u00e9gi felv\u00e9teleken az l\u00e1tszik, ahogy m\u00e1rcius 27-\u00e9n a szolnoki nyomoz\u00f3k h\u00e1zkutat\u00e1st tartanak egy belv\u00e1rosi csal\u00e1di h\u00e1zban. A szolnoki \u00e9p\u00fcletben k\u00fcl\u00f6nb\u00f6z\u0151 helyeken elrejtve, t\u00f6bb tasakban, k\u00e1b\u00edt\u00f3szergyan\u00fas n\u00f6v\u00e9nyi t\u00f6rmel\u00e9ket, k\u00fcl\u00f6nb\u00f6z\u0151 tablett\u00e1kat, feh\u00e9r port, illetve k\u00e1b\u00edt\u00f3szer-kereskedelemhez sz\u00fcks\u00e9ges eszk\u00f6z\u00f6ket: a t\u00f6bbi k\u00f6z\u00f6tt digit\u00e1lis m\u00e9rleget, \u00f6nz\u00e1r\u00f3s tasakokat \u00e9s nagyobb mennyis\u00e9g\u0171 k\u00e9szp\u00e9nzt tal\u00e1ltak a rend\u0151r\u00f6k. -A lefoglalt anyagokr\u00f3l az [&hellip;]<\/p>\n","protected":false},"author":2,"featured_media":0,"comment_status":"closed","ping_status":"closed","sticky":false,"template":"","format":"standard","meta":[],"categories":[9],"tags":[],"_links":{"self":[{"href":"http:\/\/archiv.szolnoktv.hu\/index.php?rest_route=\/wp\/v2\/posts\/8651"}],"collection":[{"href":"http:\/\/archiv.szolnoktv.hu\/index.php?rest_route=\/wp\/v2\/posts"}],"about":[{"href":"http:\/\/archiv.szolnoktv.hu\/index.php?rest_route=\/wp\/v2\/types\/post"}],"author":[{"embeddable":true,"href":"http:\/\/archiv.szolnoktv.hu\/index.php?rest_route=\/wp\/v2\/users\/2"}],"replies":[{"embeddable":true,"href":"http:\/\/archiv.szolnoktv.hu\/index.php?rest_route=%2Fwp%2Fv2%2Fcomments&post=8651"}],"version-history":[{"count":1,"href":"http:\/\/archiv.szolnoktv.hu\/index.php?rest_route=\/wp\/v2\/posts\/8651\/revisions"}],"predecessor-version":[{"id":8662,"href":"http:\/\/archiv.szolnoktv.hu\/index.php?rest_route=\/wp\/v2\/posts\/8651\/revisions\/8662"}],"wp:attachment":[{"href":"http:\/\/archiv.szolnoktv.hu\/index.php?rest_route=%2Fwp%2Fv2%2Fmedia&parent=8651"}],"wp:term":[{"taxonomy":"category","embeddable":true,"href":"http:\/\/archiv.szolnoktv.hu\/index.php?rest_route=%2Fwp%2Fv2%2Fcategories&post=8651"},{"taxonomy":"post_tag","embeddable":true,"href":"http:\/\/archiv.szolnoktv.hu\/index.php?rest_route=%2Fwp%2Fv2%2Ftags&post=8651"}],"curies":[{"name":"wp","href":"https:\/\/api.w.org\/{rel}","templated":true}]}}