{"id":8650,"date":"2018-04-03T16:21:39","date_gmt":"2018-04-03T16:21:39","guid":{"rendered":"http:\/\/archiv.szolnoktv.hu\/?p=8650"},"modified":"2021-08-13T20:07:30","modified_gmt":"2021-08-13T20:07:30","slug":"jardafelujitasok-a-varosban","status":"publish","type":"post","link":"http:\/\/archiv.szolnoktv.hu\/?p=8650","title":{"rendered":"J\u00e1rdafel\u00faj\u00edt\u00e1sok a v\u00e1rosban"},"content":{"rendered":"<div class='booster-block booster-read-block'><\/div><p>\u00cdgy n\u00e9z ki a fel\u00faj\u00edt\u00e1s ut\u00e1n az Ady Endre \u00fatt\u00f3l a M\u00f3ra Ferenc rendel\u0151ig tart\u00f3 j\u00e1rdaszakasz. Az orvosi rendel\u0151 ut\u00e1n a burkolat is \u00faj k\u00fcls\u0151t kapott. A rekonstrukci\u00f3 ahhoz az \u00e1tfog\u00f3 fejleszt\u00e9shez tartozik, amire az \u00f6nkorm\u00e1nyzat t\u00f6bb mint 100 milli\u00f3 forintot ford\u00edt ebben az \u00e9vben. G\u00e9peket, illetve munk\u00e1sokat m\u00e1r nem l\u00e1tni a k\u00f6rny\u00e9ken, azonban a munka hamarosan folytat\u00f3dik. <\/p>\n<p>-Komoly fel\u00faj\u00edt\u00e1st v\u00e9gz\u00fcnk a v\u00e1rosnak abban a r\u00e9sz\u00e9ben, ahol most tart\u00f3zkodunk itt a M\u00f3ra Rendel\u0151 k\u00f6rny\u00e9k\u00e9n. Ennek egy r\u00e9sze m\u00e1r megval\u00f3sult ezt is rem\u00e9lem, hogy 2-3 h\u00f3napon bel\u00fcl megval\u00f3s\u00edthatjuk, \u00e9s az Ady Endre utat \u00f6ssze tudjuk k\u00f6tni az Isp\u00e1n k\u00f6r\u00fattal, ahol szint\u00e9n megval\u00f3sult m\u00e1r egy szakasz fel\u00faj\u00edt\u00e1sa.&#8221;- mondta Fej\u00e9r Andor alpolg\u00e1rmester.<\/p>\n<p>A j\u00e1rd\u00e1k \u00e1llapot\u00e1t a k\u00f6rnyezeti t\u00e9nyez\u0151k is befoly\u00e1solj\u00e1k. A v\u00e1ros egyes r\u00e9szein m\u00e9g tal\u00e1lni olyan szakaszokat, ahol a f\u00e1k gy\u00f6kerei rong\u00e1lt\u00e1k meg a burkolatot, de a t\u00e9l, illetve a fagy is hozz\u00e1j\u00e1rul a fel nem \u00faj\u00edtott j\u00e1rd\u00e1k \u00e1llapot\u00e1nak roml\u00e1s\u00e1hoz. <\/p>\n<p>-A v\u00e1ros sz\u00e1mos r\u00e9sz\u00e9n a f\u00e1knak a gy\u00f6k\u00e9rzete olyan torzul\u00e1sokat eredm\u00e9nyez a j\u00e1r\u00f3 fel\u00fcletekben, hogy ott az\u00e9rt kell beavatkoznunk. A munk\u00e1nk az t\u00f6bb r\u00e9t\u0171. Els\u0151dleges szempont a balesetvesz\u00e9ly elh\u00e1r\u00edt\u00e1sa, amivel napi szinten kell foglalkoznunk \u00e9s foglalkozunk.&#8221;- tette hozz\u00e1 az alpolg\u00e1rmester.<\/p>\n<p>Az \u00f6nkorm\u00e1nyzati fejleszt\u00e9seknek k\u00e9t form\u00e1ja van. Az egyik a szakaszos kisebb fel\u00faj\u00edt\u00e1s, amit a szakemberek azokon a ter\u00fcleteken v\u00e9geznek, ahol azonnali beavatkoz\u00e1sra van sz\u00fcks\u00e9g a rong\u00e1l\u00f3d\u00e1s m\u00e9rete miatt. Az \u00e1tfog\u00f3 fejleszt\u00e9sek k\u00f6z\u00e9 azok a teljes j\u00e1rda rekonstrukci\u00f3k tartoznak, melyek k\u00f6zint\u00e9zm\u00e9nyek \u00e9s s\u0171r\u0171n lakott ter\u00fcletek k\u00f6rny\u00e9k\u00e9n tal\u00e1lhat\u00f3k. <\/p>\n<div style=\"width: 640px;\" class=\"wp-video\"><!--[if lt IE 9]><script>document.createElement('video');<\/script><![endif]-->\n<video class=\"wp-video-shortcode\" id=\"video-8650-1\" width=\"640\" height=\"360\" preload=\"metadata\" controls=\"controls\"><source type=\"video\/mp4\" src=\"\/spots\/hir\/hir_180403_05.mp4?_=1\" \/><a href=\"\/spots\/hir\/hir_180403_05.mp4\">\/spots\/hir\/hir_180403_05.mp4<\/a><\/video><\/div>\n","protected":false},"excerpt":{"rendered":"<p>\u00cdgy n\u00e9z ki a fel\u00faj\u00edt\u00e1s ut\u00e1n az Ady Endre \u00fatt\u00f3l a M\u00f3ra Ferenc rendel\u0151ig tart\u00f3 j\u00e1rdaszakasz. Az orvosi rendel\u0151 ut\u00e1n a burkolat is \u00faj k\u00fcls\u0151t kapott. A rekonstrukci\u00f3 ahhoz az \u00e1tfog\u00f3 fejleszt\u00e9shez tartozik, amire az \u00f6nkorm\u00e1nyzat t\u00f6bb mint 100 milli\u00f3 forintot ford\u00edt ebben az \u00e9vben. G\u00e9peket, illetve munk\u00e1sokat m\u00e1r nem l\u00e1tni a k\u00f6rny\u00e9ken, azonban a [&hellip;]<\/p>\n","protected":false},"author":2,"featured_media":0,"comment_status":"closed","ping_status":"closed","sticky":false,"template":"","format":"standard","meta":[],"categories":[9],"tags":[],"_links":{"self":[{"href":"http:\/\/archiv.szolnoktv.hu\/index.php?rest_route=\/wp\/v2\/posts\/8650"}],"collection":[{"href":"http:\/\/archiv.szolnoktv.hu\/index.php?rest_route=\/wp\/v2\/posts"}],"about":[{"href":"http:\/\/archiv.szolnoktv.hu\/index.php?rest_route=\/wp\/v2\/types\/post"}],"author":[{"embeddable":true,"href":"http:\/\/archiv.szolnoktv.hu\/index.php?rest_route=\/wp\/v2\/users\/2"}],"replies":[{"embeddable":true,"href":"http:\/\/archiv.szolnoktv.hu\/index.php?rest_route=%2Fwp%2Fv2%2Fcomments&post=8650"}],"version-history":[{"count":1,"href":"http:\/\/archiv.szolnoktv.hu\/index.php?rest_route=\/wp\/v2\/posts\/8650\/revisions"}],"predecessor-version":[{"id":8663,"href":"http:\/\/archiv.szolnoktv.hu\/index.php?rest_route=\/wp\/v2\/posts\/8650\/revisions\/8663"}],"wp:attachment":[{"href":"http:\/\/archiv.szolnoktv.hu\/index.php?rest_route=%2Fwp%2Fv2%2Fmedia&parent=8650"}],"wp:term":[{"taxonomy":"category","embeddable":true,"href":"http:\/\/archiv.szolnoktv.hu\/index.php?rest_route=%2Fwp%2Fv2%2Fcategories&post=8650"},{"taxonomy":"post_tag","embeddable":true,"href":"http:\/\/archiv.szolnoktv.hu\/index.php?rest_route=%2Fwp%2Fv2%2Ftags&post=8650"}],"curies":[{"name":"wp","href":"https:\/\/api.w.org\/{rel}","templated":true}]}}