{"id":8649,"date":"2018-04-03T15:37:02","date_gmt":"2018-04-03T15:37:02","guid":{"rendered":"http:\/\/archiv.szolnoktv.hu\/?p=8649"},"modified":"2021-08-13T20:07:30","modified_gmt":"2021-08-13T20:07:30","slug":"verseghy-ferencre-emlekeztek","status":"publish","type":"post","link":"http:\/\/archiv.szolnoktv.hu\/?p=8649","title":{"rendered":"Verseghy Ferencre eml\u00e9keztek"},"content":{"rendered":"<div class='booster-block booster-read-block'><\/div><p>-Aki el\u0151sz\u00f6r, ford\u00edtotta magyarra a francia Himnuszt.&#8221;,  -A magyar nyelvvel foglalkozott.&#8221;, -K\u00f6ze volt a Martinovics-mozgalomhoz.&#8221;- ezek a mondatok jutnak esz\u00e9be a legt\u00f6bb embernek Verseghy Ferencr\u0151l. Az 1757. m\u00e1rcius 3-\u00e1n Szolnokon sz\u00fcletett k\u00f6lt\u0151 eml\u00e9k\u00e9t sz\u00fcl\u0151v\u00e1ros\u00e1ban a r\u00f3la elnevezett  k\u00f6nyvt\u00e1r, gimn\u00e1zium, illetve park mellett a t\u00f6bb mint 90 \u00e9ve m\u0171k\u00f6d\u0151 Verseghy-K\u00f6r is \u0151rzi. A k\u00f6r c\u00e9lja a ismeretek b\u0151v\u00edt\u00e9se \u00e9s a szellemi hagyat\u00e9k\u00e9 meg\u0151rz\u00e9se kultur\u00e1lis, valamint irodalom-t\u00f6rt\u00e9neti tal\u00e1lkoz\u00f3k keret\u00e9ben. <\/p>\n<p>-\u00d5 olyan soksz\u00edn\u0171 volt, hogy b\u00e1rhova ny\u00falunk Szolnok kultur\u00e1lis \u00e9let\u00e9ben, akkor ne tudn\u00e1nk visszatekinteni vagy vissza sorol\u00f3dni ahhoz, hogy Verseghyhez eljussunk. B\u00e1rmit tesz\u00fcnk ezen a ter\u00fcleten. Term\u00e9szetesen ez egy neh\u00e9z lehet\u0151s\u00e9g, hogy mi ezzel foglalkozzunk hiszen 261 \u00e9ve sz\u00fcletett. Teh\u00e1t nem a mai kornak egy n\u00e9pszer\u0171, ismert egy\u00e9nis\u00e9ge. De term\u00e9szetesen nek\u00fcnk az a dolgunk, hogy ezt a hagyom\u00e1nyt \u00e1poljuk.&#8221;- mondta Ill\u00e9s Julianna a Verseghy K\u00f6r eln\u00f6ke.<\/p>\n<p>Verseghy Ferenc a korabeli k\u00f6z\u00e9let akt\u00edv tagja volt. Kiemelt c\u00e9ljai k\u00f6z\u00e9 tartozott a mindenki sz\u00e1m\u00e1ra \u00e9rthet\u0151 magyar k\u00f6znyelv megteremt\u00e9se. A nyelvtudom\u00e1nyhoz kapcsol\u00f3d\u00f3 munk\u00e1i mellett m\u0171ford\u00edt\u00f3, zen\u00e9sz, k\u00f6lt\u0151 \u00e9s \u00edr\u00f3 is volt. A k\u00f6lt\u0151 \u00e9let\u00e9t \u00e9s munk\u00e1ss\u00e1g\u00e1t tavaly a Verseghy Ferenc K\u00f6nyvt\u00e1r egyedi molin\u00f3 ki\u00e1ll\u00edt\u00e1s\u00e1nak keret\u00e9ben mutatta be. <\/p>\n<p>-A 260. sz\u00fclet\u00e9snap alakalm\u00e1b\u00f3l az MTA Irodalomtudom\u00e1nyi Int\u00e9zet\u00e9vel k\u00f6z\u00f6sen ezeket a molin\u00f3kat. Itt \u00e1lltak a k\u00f6nyvt\u00e1r el\u0151tt. A ki\u00e1ll\u00edt\u00e1st le kellett bontani a pap\u00edr alap\u00fa tartalom sajnos elveszett. Azt \u00fagymond nem tudtuk leszedni, de mivel a nyersanyagot mi k\u00e9sz\u00edtett\u00fck, ez fent van az interneten a verseghy.vfmk.hu oldalon egy virtu\u00e1lis ki\u00e1ll\u00edt\u00e1s keret\u00e9ben megtekinthet\u0151.&#8221; &#8211; mondta Czak\u00f3n\u00e9 Gacov Katalin a Verseghy Ferenc K\u00f6nyvt\u00e1r igzgat\u00f3ja.<\/p>\n<p>A 261 \u00e9ve sz\u00fcletett irodalm\u00e1r \u00e9s nyelv\u00e9sz eml\u00e9k\u00e9re a Verseghy K\u00f6r 11 \u00e9ve helyezett el eml\u00e9kt\u00e1bl\u00e1t a k\u00f6nyvt\u00e1r fal\u00e1n. A mai \u00e9vfordul\u00f3 alkalm\u00e1b\u00f3l a v\u00e1ros sz\u00fcl\u00f6tte Verseghy Ferenc el\u0151tt Szalay Ferenc polg\u00e1rmester \u00e9s Fej\u00e9r Andor alpolg\u00e1rmester, Ill\u00e9s Julianna a Verseghy K\u00f6r eln\u00f6ke, illetve Czak\u00f3n\u00e9 Gacov Katalin a k\u00f6nyvt\u00e1r igazgat\u00f3ja koszor\u00faz\u00e1ssal tisztelgett. <\/p>\n<div style=\"width: 640px;\" class=\"wp-video\"><!--[if lt IE 9]><script>document.createElement('video');<\/script><![endif]-->\n<video class=\"wp-video-shortcode\" id=\"video-8649-1\" width=\"640\" height=\"360\" preload=\"metadata\" controls=\"controls\"><source type=\"video\/mp4\" src=\"\/spots\/hir\/hir_180403_03.mp4?_=1\" \/><a href=\"\/spots\/hir\/hir_180403_03.mp4\">\/spots\/hir\/hir_180403_03.mp4<\/a><\/video><\/div>\n","protected":false},"excerpt":{"rendered":"<p>-Aki el\u0151sz\u00f6r, ford\u00edtotta magyarra a francia Himnuszt.&#8221;, -A magyar nyelvvel foglalkozott.&#8221;, -K\u00f6ze volt a Martinovics-mozgalomhoz.&#8221;- ezek a mondatok jutnak esz\u00e9be a legt\u00f6bb embernek Verseghy Ferencr\u0151l. Az 1757. m\u00e1rcius 3-\u00e1n Szolnokon sz\u00fcletett k\u00f6lt\u0151 eml\u00e9k\u00e9t sz\u00fcl\u0151v\u00e1ros\u00e1ban a r\u00f3la elnevezett k\u00f6nyvt\u00e1r, gimn\u00e1zium, illetve park mellett a t\u00f6bb mint 90 \u00e9ve m\u0171k\u00f6d\u0151 Verseghy-K\u00f6r is \u0151rzi. A k\u00f6r c\u00e9lja a [&hellip;]<\/p>\n","protected":false},"author":2,"featured_media":0,"comment_status":"closed","ping_status":"closed","sticky":false,"template":"","format":"standard","meta":[],"categories":[9],"tags":[],"_links":{"self":[{"href":"http:\/\/archiv.szolnoktv.hu\/index.php?rest_route=\/wp\/v2\/posts\/8649"}],"collection":[{"href":"http:\/\/archiv.szolnoktv.hu\/index.php?rest_route=\/wp\/v2\/posts"}],"about":[{"href":"http:\/\/archiv.szolnoktv.hu\/index.php?rest_route=\/wp\/v2\/types\/post"}],"author":[{"embeddable":true,"href":"http:\/\/archiv.szolnoktv.hu\/index.php?rest_route=\/wp\/v2\/users\/2"}],"replies":[{"embeddable":true,"href":"http:\/\/archiv.szolnoktv.hu\/index.php?rest_route=%2Fwp%2Fv2%2Fcomments&post=8649"}],"version-history":[{"count":1,"href":"http:\/\/archiv.szolnoktv.hu\/index.php?rest_route=\/wp\/v2\/posts\/8649\/revisions"}],"predecessor-version":[{"id":8664,"href":"http:\/\/archiv.szolnoktv.hu\/index.php?rest_route=\/wp\/v2\/posts\/8649\/revisions\/8664"}],"wp:attachment":[{"href":"http:\/\/archiv.szolnoktv.hu\/index.php?rest_route=%2Fwp%2Fv2%2Fmedia&parent=8649"}],"wp:term":[{"taxonomy":"category","embeddable":true,"href":"http:\/\/archiv.szolnoktv.hu\/index.php?rest_route=%2Fwp%2Fv2%2Fcategories&post=8649"},{"taxonomy":"post_tag","embeddable":true,"href":"http:\/\/archiv.szolnoktv.hu\/index.php?rest_route=%2Fwp%2Fv2%2Ftags&post=8649"}],"curies":[{"name":"wp","href":"https:\/\/api.w.org\/{rel}","templated":true}]}}