{"id":8648,"date":"2018-04-03T15:12:51","date_gmt":"2018-04-03T15:12:51","guid":{"rendered":"http:\/\/archiv.szolnoktv.hu\/?p=8648"},"modified":"2021-08-13T20:07:30","modified_gmt":"2021-08-13T20:07:30","slug":"20-szolnoki-utazas-kiallitas","status":"publish","type":"post","link":"http:\/\/archiv.szolnoktv.hu\/?p=8648","title":{"rendered":"20. Szolnoki Utaz\u00e1s Ki\u00e1ll\u00edt\u00e1s"},"content":{"rendered":"<div class='booster-block booster-read-block'><\/div><p>Magyarorsz\u00e1gon jelenleg csak \u00f6t v\u00e1rosban rendeznek turisztikai ki\u00e1ll\u00edt\u00e1st, \u00edgy hi\u00e1nyp\u00f3tl\u00f3 esem\u00e9nynek sz\u00e1m\u00edt a szolnoki. A rendezv\u00e9nyen t\u00f6bb, mint 50 ki\u00e1ll\u00edt\u00f3 vesz r\u00e9szt \u00e9s 14 telep\u00fcl\u00e9s k\u00e9pviselteti mag\u00e1t.<\/p>\n<p>-Ezek a telep\u00fcl\u00e9sek bemutatj\u00e1k a hagyom\u00e1nyaikat, a n\u00e9pm\u0171v\u00e9szeti-, k\u00e9pz\u0151-, \u00e9s iparm\u0171v\u00e9szeti alkot\u00e1saikat, \u00e9rt\u00e9keiket, \u00edzel\u00edt\u0151t \u00e9s k\u00f3stol\u00f3t kaphatunk gasztron\u00f3mi\u00e1jukb\u00f3l \u00e9s egy kuri\u00f3zum megint csak lesz, egy 10 m\u00e9teres puliszka k\u00e9sz\u00fcl majd szint\u00e9n k\u00f6z\u00f6sen itt a Hild t\u00e9rten, amihez csatlakozhatnak majd a vend\u00e9gek is, valamint mind a k\u00e9t napon 1500 adagos  bogr\u00e1csban rotyog majd az \u00ednycsikland\u00f3 \u00e9tel, ami v\u00e1rja a kedves megjelenteket.&#8221;- t\u00e1j\u00e9koztatta a sajt\u00f3 r\u00e9szvev\u0151it Fr\u00f3na Katalin Aba-Nov\u00e1k Ag\u00f3ra Kultur\u00e1lis K\u00f6zpont f\u0151munkat\u00e1rsa. <\/p>\n<p>Az esem\u00e9ny d\u00edszvend\u00e9ge Balatonf\u00fcred, Magyarorsz\u00e1g nemzetk\u00f6zi h\u00edr\u0171 gy\u00f3gy\u00fcd\u00fcl\u0151helye. A ki\u00e1ll\u00edt\u00e1son megid\u00e9zik a Romantikus Reformkori Fesztiv\u00e1l hangulat\u00e1t \u00e9s k\u00e9t napon kereszt\u00fcl Balaton- felvid\u00e9ki boros pinc\u00e9k mutatkoznak be. K\u00eds\u00e9r\u0151 rendezv\u00e9nyk\u00e9nt a -160 \u00e9ves Alcsisziget&#8221; Helyt\u00f6rt\u00e9neti ki\u00e1ll\u00edt\u00e1st is megtekinthetik az \u00e9rdekl\u0151d\u0151k. Mindemellett gazdag \u00e9s sz\u00ednes programokat k\u00edn\u00e1l a ki\u00e1ll\u00edt\u00e1s.<\/p>\n<p>-A Hild J\u00e1nos t\u00e9ren k\u00e9t napon kereszt\u00fcl folyamatosan programok lesznek, sz\u00f3rakoztat\u00f3 sz\u00ednpadi el\u0151ad\u00e1sok, menetleveles nyerem\u00e9nyj\u00e1t\u00e9kra h\u00edvjuk a l\u00e1togat\u00f3kat, egy t\u00e1jokoz\u00f3d\u00e1si versenyre, egy s\u00e1rk\u00e1nyhaj\u00f3 bemutat\u00f3 is megtekinthet\u0151 lesz, \u0151stermel\u0151i \u00e9s k\u00e9zm\u0171ves v\u00e1r\u00e1sok l\u00e1that\u00f3k majd \u00e9s lesz egy nagyon \u00e9rdekes szombati napon, Magyarorsz\u00e1gon 6 m\u00e9ter magas egyed\u00fcl\u00e1ll\u00f3 darts focip\u00e1lya lesz fel\u00e1ll\u00edtva, amellyel nem csak a futball rajong\u00f3kat, de az egy\u00e9b \u00e9rdekl\u0151d\u0151ket is szeretettel v\u00e1rjuk.&#8221; &#8211; mondta B\u00e1r\u00e1ndin\u00e9 Nikol\u00e9nyi Edit Tourinform irodavezet\u0151je. <\/p>\n<p>Akik a j\u00f6v\u0151ben utazni v\u00e1gynak, azok ezen a rendezv\u00e9nyen k\u00f6nnyed\u00e9n megszervezhetik \u00fcd\u00fcl\u00e9seiket, kir\u00e1ndul\u00e1saikat. A szervez\u0151k ker\u00e9kp\u00e1rosokra is gondolnak, nekik meglepet\u00e9s bejelent\u00e9ssel k\u00e9sz\u00fclnek. A ki\u00e1ll\u00edt\u00e1s \u00e1prilis 6 \u00e9s 8 k\u00f6z\u00f6tt v\u00e1rja majd az \u00e9rdekl\u0151d\u0151ket. A bel\u00e9p\u00e9s d\u00edjtalan.<\/p>\n<div style=\"width: 640px;\" class=\"wp-video\"><!--[if lt IE 9]><script>document.createElement('video');<\/script><![endif]-->\n<video class=\"wp-video-shortcode\" id=\"video-8648-1\" width=\"640\" height=\"360\" preload=\"metadata\" controls=\"controls\"><source type=\"video\/mp4\" src=\"\/spots\/hir\/hir_180403_02.mp4?_=1\" \/><a href=\"\/spots\/hir\/hir_180403_02.mp4\">\/spots\/hir\/hir_180403_02.mp4<\/a><\/video><\/div>\n","protected":false},"excerpt":{"rendered":"<p>Magyarorsz\u00e1gon jelenleg csak \u00f6t v\u00e1rosban rendeznek turisztikai ki\u00e1ll\u00edt\u00e1st, \u00edgy hi\u00e1nyp\u00f3tl\u00f3 esem\u00e9nynek sz\u00e1m\u00edt a szolnoki. A rendezv\u00e9nyen t\u00f6bb, mint 50 ki\u00e1ll\u00edt\u00f3 vesz r\u00e9szt \u00e9s 14 telep\u00fcl\u00e9s k\u00e9pviselteti mag\u00e1t. -Ezek a telep\u00fcl\u00e9sek bemutatj\u00e1k a hagyom\u00e1nyaikat, a n\u00e9pm\u0171v\u00e9szeti-, k\u00e9pz\u0151-, \u00e9s iparm\u0171v\u00e9szeti alkot\u00e1saikat, \u00e9rt\u00e9keiket, \u00edzel\u00edt\u0151t \u00e9s k\u00f3stol\u00f3t kaphatunk gasztron\u00f3mi\u00e1jukb\u00f3l \u00e9s egy kuri\u00f3zum megint csak lesz, egy 10 m\u00e9teres puliszka [&hellip;]<\/p>\n","protected":false},"author":2,"featured_media":0,"comment_status":"closed","ping_status":"closed","sticky":false,"template":"","format":"standard","meta":[],"categories":[9],"tags":[],"_links":{"self":[{"href":"http:\/\/archiv.szolnoktv.hu\/index.php?rest_route=\/wp\/v2\/posts\/8648"}],"collection":[{"href":"http:\/\/archiv.szolnoktv.hu\/index.php?rest_route=\/wp\/v2\/posts"}],"about":[{"href":"http:\/\/archiv.szolnoktv.hu\/index.php?rest_route=\/wp\/v2\/types\/post"}],"author":[{"embeddable":true,"href":"http:\/\/archiv.szolnoktv.hu\/index.php?rest_route=\/wp\/v2\/users\/2"}],"replies":[{"embeddable":true,"href":"http:\/\/archiv.szolnoktv.hu\/index.php?rest_route=%2Fwp%2Fv2%2Fcomments&post=8648"}],"version-history":[{"count":1,"href":"http:\/\/archiv.szolnoktv.hu\/index.php?rest_route=\/wp\/v2\/posts\/8648\/revisions"}],"predecessor-version":[{"id":8665,"href":"http:\/\/archiv.szolnoktv.hu\/index.php?rest_route=\/wp\/v2\/posts\/8648\/revisions\/8665"}],"wp:attachment":[{"href":"http:\/\/archiv.szolnoktv.hu\/index.php?rest_route=%2Fwp%2Fv2%2Fmedia&parent=8648"}],"wp:term":[{"taxonomy":"category","embeddable":true,"href":"http:\/\/archiv.szolnoktv.hu\/index.php?rest_route=%2Fwp%2Fv2%2Fcategories&post=8648"},{"taxonomy":"post_tag","embeddable":true,"href":"http:\/\/archiv.szolnoktv.hu\/index.php?rest_route=%2Fwp%2Fv2%2Ftags&post=8648"}],"curies":[{"name":"wp","href":"https:\/\/api.w.org\/{rel}","templated":true}]}}