{"id":8647,"date":"2018-04-03T15:07:51","date_gmt":"2018-04-03T15:07:51","guid":{"rendered":"http:\/\/archiv.szolnoktv.hu\/?p=8647"},"modified":"2021-08-13T20:07:30","modified_gmt":"2021-08-13T20:07:30","slug":"aquila-part-nyiltnap","status":"publish","type":"post","link":"http:\/\/archiv.szolnoktv.hu\/?p=8647","title":{"rendered":"Aquila P\u00e1rt ny\u00edltnap"},"content":{"rendered":"<div class='booster-block booster-read-block'><\/div><p>-A legfontosabb f\u00f6ldi \u00e9rt\u00e9k az ember.&#8221; Istennek fogadalmat tett emberek vagyunk, akiknek a kereszt\u00e9nys\u00e9g \u00e9s a haza rendk\u00edv\u00fcl fontos- nyilatkozta az AQUILA P\u00e1rt eln\u00f6ke: Varga P\u00e9tern\u00e9 a p\u00e1rt szombati sajt\u00f3t\u00e1j\u00e9koztat\u00f3j\u00e1n. A szervezet sz\u00e1m\u00e1ra kiemelten fontos az orsz\u00e1g nemzeti, kultur\u00e1lis, klasszikus \u00e9rt\u00e9keinek a meg\u0151rz\u00e9se. C\u00e9ljuk, hogy helyre\u00e1ll\u00edts\u00e1k az \u00e1llamba, a politikai rendszerbe vetett bizalmat, ezt pedig  -ahogy programjukban fogalmaznak &#8211; -korrekts\u00e9ggel&#8221; \u00e9rn\u00e9k el.<\/p>\n<p>-P\u00e9ld\u00e1ul megsz\u00fcntetn\u00e9nk a k\u00f6zbeszerz\u00e9st. \u00c9s a p\u00e1ly\u00e1zati rendszert is teljesen m\u00e1s m\u00f3don val\u00f3s\u00edtan\u00e1nk meg, mivel \u00fagy \u00e9rezz\u00fck, hogy a p\u00e9nzek nagy r\u00e9sze itt folyik ki.&#8221;<\/p>\n<p>-Gazdas\u00e1gi tan\u00e1csot kell m\u0171k\u00f6dtetni: kiv\u00e1l\u00f3an k\u00e9pzett, szak\u00e9rt\u0151 id\u0151sek \u00e9s gazdas\u00e1gi zsenik r\u00e9szv\u00e9tel\u00e9vel, amely a j\u00f3zan paraszti \u00e9sz alapelv\u00e9n m\u0171k\u00f6dik.&#8221;- hangs\u00falyozta Varga P\u00e9tern\u00e9.<\/p>\n<p>&#8211; A fiatals\u00e1g nem a laptopj\u00e1t vagy a telefonj\u00e1t nyomkodja, hanem tudja az hogy mib\u0151l \u00e9l meg. Hogy meg\u00e9rthesse, hogy mit\u0151l marad meg egy nemzet, m\u00e1rpedig, ha a f\u00f6ldj\u00e9t elhanyagolja nem.&#8221;<\/p>\n<p>A p\u00e1rt eln\u00f6ke kiemelte: a Szolnok-T\u00f3szeg \u00e9s Szolnok-Abony vonalon az utak fel\u00faj\u00edt\u00e1sra szorulnak. Szorgalmazn\u00e1k tov\u00e1bb\u00e1: a korrupci\u00f3 elleni harcot, a b\u00e9rplafon bevezet\u00e9s\u00e9t, elt\u00f6r\u00f6ln\u00e9k a kamarai tags\u00e1got, \u00e1tszervezn\u00e9k az \u00f6nkorm\u00e1nyzatok financi\u00e1lis m\u0171k\u00f6d\u00e9s\u00e9t. Magyarorsz\u00e1g  Eur\u00f3pai Uni\u00f3hoz val\u00f3 csatlakoz\u00e1s\u00e1nak felt\u00e9teleit pedig \u00fajrat\u00e1rgyaln\u00e1 az Aquila p\u00e1rt.<\/p>\n<div style=\"width: 640px;\" class=\"wp-video\"><!--[if lt IE 9]><script>document.createElement('video');<\/script><![endif]-->\n<video class=\"wp-video-shortcode\" id=\"video-8647-1\" width=\"640\" height=\"360\" preload=\"metadata\" controls=\"controls\"><source type=\"video\/mp4\" src=\"\/spots\/hir\/hir_180403_01.mp4?_=1\" \/><a href=\"\/spots\/hir\/hir_180403_01.mp4\">\/spots\/hir\/hir_180403_01.mp4<\/a><\/video><\/div>\n","protected":false},"excerpt":{"rendered":"<p>-A legfontosabb f\u00f6ldi \u00e9rt\u00e9k az ember.&#8221; Istennek fogadalmat tett emberek vagyunk, akiknek a kereszt\u00e9nys\u00e9g \u00e9s a haza rendk\u00edv\u00fcl fontos- nyilatkozta az AQUILA P\u00e1rt eln\u00f6ke: Varga P\u00e9tern\u00e9 a p\u00e1rt szombati sajt\u00f3t\u00e1j\u00e9koztat\u00f3j\u00e1n. A szervezet sz\u00e1m\u00e1ra kiemelten fontos az orsz\u00e1g nemzeti, kultur\u00e1lis, klasszikus \u00e9rt\u00e9keinek a meg\u0151rz\u00e9se. C\u00e9ljuk, hogy helyre\u00e1ll\u00edts\u00e1k az \u00e1llamba, a politikai rendszerbe vetett bizalmat, ezt pedig [&hellip;]<\/p>\n","protected":false},"author":2,"featured_media":0,"comment_status":"closed","ping_status":"closed","sticky":false,"template":"","format":"standard","meta":[],"categories":[9],"tags":[],"_links":{"self":[{"href":"http:\/\/archiv.szolnoktv.hu\/index.php?rest_route=\/wp\/v2\/posts\/8647"}],"collection":[{"href":"http:\/\/archiv.szolnoktv.hu\/index.php?rest_route=\/wp\/v2\/posts"}],"about":[{"href":"http:\/\/archiv.szolnoktv.hu\/index.php?rest_route=\/wp\/v2\/types\/post"}],"author":[{"embeddable":true,"href":"http:\/\/archiv.szolnoktv.hu\/index.php?rest_route=\/wp\/v2\/users\/2"}],"replies":[{"embeddable":true,"href":"http:\/\/archiv.szolnoktv.hu\/index.php?rest_route=%2Fwp%2Fv2%2Fcomments&post=8647"}],"version-history":[{"count":1,"href":"http:\/\/archiv.szolnoktv.hu\/index.php?rest_route=\/wp\/v2\/posts\/8647\/revisions"}],"predecessor-version":[{"id":8666,"href":"http:\/\/archiv.szolnoktv.hu\/index.php?rest_route=\/wp\/v2\/posts\/8647\/revisions\/8666"}],"wp:attachment":[{"href":"http:\/\/archiv.szolnoktv.hu\/index.php?rest_route=%2Fwp%2Fv2%2Fmedia&parent=8647"}],"wp:term":[{"taxonomy":"category","embeddable":true,"href":"http:\/\/archiv.szolnoktv.hu\/index.php?rest_route=%2Fwp%2Fv2%2Fcategories&post=8647"},{"taxonomy":"post_tag","embeddable":true,"href":"http:\/\/archiv.szolnoktv.hu\/index.php?rest_route=%2Fwp%2Fv2%2Ftags&post=8647"}],"curies":[{"name":"wp","href":"https:\/\/api.w.org\/{rel}","templated":true}]}}