{"id":8646,"date":"2018-03-30T16:58:59","date_gmt":"2018-03-30T16:58:59","guid":{"rendered":"http:\/\/archiv.szolnoktv.hu\/?p=8646"},"modified":"2021-08-13T20:07:30","modified_gmt":"2021-08-13T20:07:30","slug":"nagypenteki-keresztutjaras","status":"publish","type":"post","link":"http:\/\/archiv.szolnoktv.hu\/?p=8646","title":{"rendered":"Nagyp\u00e9nteki kereszt\u00fatj\u00e1r\u00e1s"},"content":{"rendered":"<div class='booster-block booster-read-block'><\/div><p>A h\u00fasv\u00e9tot hamvaz\u00f3szerd\u00e1t\u00f3l nagyszombatig negyven napos b\u00f6jt k\u00e9sz\u00edti el\u0151. A nagyh\u00e9ten bel\u00fcl a H\u00fasv\u00e9ti Szent H\u00e1romnapon, azaz nagycs\u00fct\u00f6rt\u00f6k\u00f6n, nagyp\u00e9nteken \u00e9s nagyszombaton eml\u00e9kezik meg a kereszt\u00e9nys\u00e9g J\u00e9zus Krisztus k\u00ednszenved\u00e9s\u00e9r\u0151l, kereszthal\u00e1l\u00e1r\u00f3l \u00e9s felt\u00e1mad\u00e1s\u00e1r\u00f3l. <br \/>Nagyp\u00e9ntek J\u00e9zus kereszthal\u00e1l\u00e1nak eml\u00e9knapja. A kereszt\u00e9nyek ezen a napon eml\u00e9keznek Krisztus szenved\u00e9s\u00e9re \u00e9s kereszthal\u00e1l\u00e1ra, ez a legszigor\u00fabb b\u00f6jt \u00e9s gy\u00e1sz ideje. <\/p>\n<p>M\u00e1th\u00e9 Gy\u00f6rgy esperes, pl\u00e9b\u00e1nos:<\/p>\n<p>-&#8220;Ez a legcs\u00f6ndesebb az eg\u00e9sz \u00e9v sor\u00e1n mert az \u00dar J\u00e9zus Krisztus hal\u00e1l\u00e1ra eml\u00e9kez\u00fcnk, Nagyp\u00e9nteken d\u00e9lut\u00e1n 3 \u00f3rakor halt meg a mi urunk J\u00e9zus Krisztus \u00e9s ezt minden kereszt\u00e9ny felekezet nagyon nagy \u00fcnnepl\u00e9ssel, tisztelettel, de visszafogotts\u00e1ggal , a s\u00faly\u00e1nak megfelel\u0151sen nagyon nagy er\u0151vel igyeksz\u00fcnk megtartani. &#8211; <\/p>\n<p>A katolikus egyh\u00e1z \u0151si hagyom\u00e1ny alapj\u00e1n ezen \u00e9s a k\u00f6vetkez\u0151 napon nem mutat be mise\u00e1ldozatot. Kereszth\u00f3dolatot  \u00e9s keresztutat tartanak. <br \/>A templom  fal\u00e1n elhelyezett festm\u00e9nyek jelen\u00edtik meg a st\u00e1ci\u00f3kat. <\/p>\n<p> M\u00e1th\u00e9 Gy\u00f6rgy esperes, pl\u00e9b\u00e1nos: <\/p>\n<p>-&#8220;Tizenn\u00e9gy k\u00e9pben, \u00e1llom\u00e1sban, st\u00e1ci\u00f3ban elmondott t\u00f6rt\u00e9n\u00e9s, hogy J\u00e9zussal mi t\u00f6rt\u00e9nt az el\u00edt\u00e9l\u00e9s \u00e9s a hal\u00e1la illetve eltemet\u00e9se k\u00f6z\u00f6tti id\u0151ben. &#8211;<\/p>\n<p>A d\u00e9lut\u00e1ni kereszt\u00fatj\u00e1r\u00e1st k\u00f6vet\u0151en este  \u00fagynevezett csonkamis\u00e9t, virraszt\u00e1st, kereszth\u00f3dolatot tartanak. <\/p>\n<p>-&#8220;A kereszt le van takarva lila lepellel \u00e9s ezt a pap egyre er\u0151teljesebb mozdulattal, hisz hol az egyik, hol a  m\u00e1sik k\u00e9zn\u00e9l l\u00e9v\u0151 megk\u00f6t\u00e9st, hol a m\u00e1sikat, azt\u00e1n a l\u00e1bn\u00e1l lebontja a leplet, \u00e9s el\u0151ker\u00fcl a korpusz. Felmutatja a pap a keresztet ami a megv\u00e1lt\u00e1sunk nagy m\u0171ve. Akkor mindeni kij\u00f6n a templomb\u00f3l \u00e9s a kez\u00fcnkkel meg\u00e9rintj\u00fck, van ahol megcs\u00f3kolj\u00e1k Krisztusnak a keresztj\u00e9t&#8211;tette hozz\u00e1 az esperes, pl\u00e9b\u00e1nos.<\/p>\n<p> Nagyp\u00e9nteken a h\u00edv\u0151k tart\u00f3zkodnak a h\u00fas\u00e9telekt\u0151l, legfeljebb h\u00e1romszori \u00e9tkez\u00e9s sor\u00e1n egyszer szabad j\u00f3llakniuk. Nagyp\u00e9ntek a n\u00e9p k\u00f6r\u00e9ben \u00e1ltal\u00e1nos tiszt\u00e1lkod\u00e1si nap is: meszelnek, takar\u00edtanak, nagymos\u00e1st tartanak, sok helyen e napon nem gy\u00fajtanak t\u00fczet. <br \/>Nagyszombat h\u00fasv\u00e9t \u00fcnnep\u00e9nek el\u0151napja. Az igazi h\u00fasv\u00e9ti \u00fcnnepl\u00e9s Nagyszombat d\u00e9lut\u00e1n kezd\u0151dik. Arra a napra eml\u00e9keztet, amikor\u00a0Krisztus holtteste a szikl\u00e1ba v\u00e1jt s\u00edrban fek\u00fcdt, de &#8211; mik\u00e9nt az evang\u00e9lium szerint el\u0151re megmondta &#8211; harmadnapra, azaz h\u00fasv\u00e9t vas\u00e1rnap hajnal\u00e1ra felt\u00e1madt. Estefel\u00e9 tartj\u00e1k a felt\u00e1mad\u00e1si k\u00f6rmenetet.<br \/>Nagyszombaton \u00e9r v\u00e9get a negyvennapos b\u00f6jt, a k\u00f6rmenetb\u0151l hazat\u00e9r\u0151 csal\u00e1dok \u00fcnnep\u00e9lyesen elfogyasztj\u00e1k a nagyr\u00e9szt sonk\u00e1b\u00f3l \u00e9s toj\u00e1sb\u00f3l \u00e1ll\u00f3 hagyom\u00e1nyos h\u00fasv\u00e9ti vacsor\u00e1t. Szok\u00e1s volt ezen a napon az els\u0151 harangsz\u00f3ra kiszaladni a kertbe, \u00e9s megr\u00e1zni a gy\u00fcm\u00f6lcsf\u00e1kat, hogy a r\u00e9gi rossz term\u00e9s lehulljon, \u00e9s ne legyen f\u00e9rges az \u00faj.  <\/p>\n<div style=\"width: 640px;\" class=\"wp-video\"><!--[if lt IE 9]><script>document.createElement('video');<\/script><![endif]-->\n<video class=\"wp-video-shortcode\" id=\"video-8646-1\" width=\"640\" height=\"360\" preload=\"metadata\" controls=\"controls\"><source type=\"video\/mp4\" src=\"\/spots\/hir\/hir_180330_03.mp4?_=1\" \/><a href=\"\/spots\/hir\/hir_180330_03.mp4\">\/spots\/hir\/hir_180330_03.mp4<\/a><\/video><\/div>\n","protected":false},"excerpt":{"rendered":"<p>A h\u00fasv\u00e9tot hamvaz\u00f3szerd\u00e1t\u00f3l nagyszombatig negyven napos b\u00f6jt k\u00e9sz\u00edti el\u0151. A nagyh\u00e9ten bel\u00fcl a H\u00fasv\u00e9ti Szent H\u00e1romnapon, azaz nagycs\u00fct\u00f6rt\u00f6k\u00f6n, nagyp\u00e9nteken \u00e9s nagyszombaton eml\u00e9kezik meg a kereszt\u00e9nys\u00e9g J\u00e9zus Krisztus k\u00ednszenved\u00e9s\u00e9r\u0151l, kereszthal\u00e1l\u00e1r\u00f3l \u00e9s felt\u00e1mad\u00e1s\u00e1r\u00f3l. Nagyp\u00e9ntek J\u00e9zus kereszthal\u00e1l\u00e1nak eml\u00e9knapja. A kereszt\u00e9nyek ezen a napon eml\u00e9keznek Krisztus szenved\u00e9s\u00e9re \u00e9s kereszthal\u00e1l\u00e1ra, ez a legszigor\u00fabb b\u00f6jt \u00e9s gy\u00e1sz ideje. M\u00e1th\u00e9 Gy\u00f6rgy esperes, [&hellip;]<\/p>\n","protected":false},"author":2,"featured_media":0,"comment_status":"closed","ping_status":"closed","sticky":false,"template":"","format":"standard","meta":[],"categories":[9],"tags":[],"_links":{"self":[{"href":"http:\/\/archiv.szolnoktv.hu\/index.php?rest_route=\/wp\/v2\/posts\/8646"}],"collection":[{"href":"http:\/\/archiv.szolnoktv.hu\/index.php?rest_route=\/wp\/v2\/posts"}],"about":[{"href":"http:\/\/archiv.szolnoktv.hu\/index.php?rest_route=\/wp\/v2\/types\/post"}],"author":[{"embeddable":true,"href":"http:\/\/archiv.szolnoktv.hu\/index.php?rest_route=\/wp\/v2\/users\/2"}],"replies":[{"embeddable":true,"href":"http:\/\/archiv.szolnoktv.hu\/index.php?rest_route=%2Fwp%2Fv2%2Fcomments&post=8646"}],"version-history":[{"count":1,"href":"http:\/\/archiv.szolnoktv.hu\/index.php?rest_route=\/wp\/v2\/posts\/8646\/revisions"}],"predecessor-version":[{"id":8667,"href":"http:\/\/archiv.szolnoktv.hu\/index.php?rest_route=\/wp\/v2\/posts\/8646\/revisions\/8667"}],"wp:attachment":[{"href":"http:\/\/archiv.szolnoktv.hu\/index.php?rest_route=%2Fwp%2Fv2%2Fmedia&parent=8646"}],"wp:term":[{"taxonomy":"category","embeddable":true,"href":"http:\/\/archiv.szolnoktv.hu\/index.php?rest_route=%2Fwp%2Fv2%2Fcategories&post=8646"},{"taxonomy":"post_tag","embeddable":true,"href":"http:\/\/archiv.szolnoktv.hu\/index.php?rest_route=%2Fwp%2Fv2%2Ftags&post=8646"}],"curies":[{"name":"wp","href":"https:\/\/api.w.org\/{rel}","templated":true}]}}