{"id":8644,"date":"2018-03-30T12:57:47","date_gmt":"2018-03-30T12:57:47","guid":{"rendered":"http:\/\/archiv.szolnoktv.hu\/?p=8644"},"modified":"2021-08-13T20:07:31","modified_gmt":"2021-08-13T20:07:31","slug":"valasztasi-atjelentkezesek","status":"publish","type":"post","link":"http:\/\/archiv.szolnoktv.hu\/?p=8644","title":{"rendered":"V\u00e1laszt\u00e1si \u00e1tjelentkez\u00e9sek"},"content":{"rendered":"<div class='booster-block booster-read-block'><\/div><p>Id\u00e9n is sz\u00e9p sz\u00e1mmal lesznek olyanok, akik k\u00fclf\u00f6ld\u00f6n tart\u00f3zkodnak a v\u00e1laszt\u00e1sok napj\u00e1n. Ha id\u0151ben jelzik ezt, szavaztuk nem v\u00e9sz k\u00e1rba, hiszen a k\u00fclk\u00e9pviseleteken \u0151k is voksolhatnak a JNSZ megyei 1. Sz\u00e1m\u00fa V\u00e1laszt\u00f3ker\u00fclet szavaz\u00f3lapj\u00e1n. <\/p>\n<p>&#8220;Ebben az esetben legk\u00e9s\u0151bb m\u00e1rcius 31- ig a lak\u00f3hely szerinti v\u00e1laszt\u00e1si irod\u00e1t\u00f3l k\u00e9rni kell azt, hogy a v\u00e1laszt\u00e1si iroda k\u00e9relem alapj\u00e1n vegye \u0151t fel k\u00fclk\u00e9pviseleti n\u00e9vjegyz\u00e9kbe. Ez a hat\u00e1rid\u0151 ez jogveszt\u0151, m\u00e1rcius 31- e az egy szombati nap, de f\u00fcggetlen\u00fcl att\u00f3l, hogy munkasz\u00fcneti nap lesz, ezen a napon is nyolc- \u00e9s tizenhat \u00f3ra k\u00f6z\u00f6tt fogadjuk a szem\u00e9lyesen megjelen\u0151 \u00fcgyfeleket.&#8221;- tudtuk meg Dr. R\u00e1cz Andrea aljegyz\u0151t\u0151l.<\/p>\n<p>Hasonl\u00f3 a helyzet- \u00e1m m\u00e1s hat\u00e1rid\u0151 vonatkozik azokra akik Magyarorsz\u00e1gon, de nem bejelentett lak\u00f3hely\u00fck\u00f6n, tart\u00f3zkod\u00e1si hely\u00fck\u00f6n t\u00f6ltik a h\u00e9tv\u00e9g\u00e9t. Nekik \u00e1prilis hatodik\u00e1n 16 \u00f3r\u00e1ig van lehet\u0151s\u00e9g\u00fck Szolnokon a v\u00e1rosh\u00e1za f\u00f6ldszintj\u00e9n jelezni ezt. A hat\u00e1rid\u0151 jogveszt\u0151.<\/p>\n<p>&#8220;A mostani sz\u00e1mok alapj\u00e1n t\u00f6bb mint n\u00e9gysz\u00e1zan vannak azok akik a v\u00e1laszt\u00e1s napj\u00e1n nem szolnoki lakhellyel rendelkeznek de m\u00e9gis Szolnokon fognak szavazni, s m\u00e1r hatsz\u00e1z f\u00f6l\u00f6tt van azoknak a sz\u00e1ma akik szolnoki lak\u00f3hellyel rendelkeznek de az orsz\u00e1gban valahol m\u00e1shol szeretn\u00e9nek majd szavazni.&#8221;<br \/>\n<br \/>\n<div style=\"width: 640px;\" class=\"wp-video\"><!--[if lt IE 9]><script>document.createElement('video');<\/script><![endif]-->\n<video class=\"wp-video-shortcode\" id=\"video-8644-1\" width=\"640\" height=\"360\" preload=\"metadata\" controls=\"controls\"><source type=\"video\/mp4\" src=\"\/spots\/hir\/hir_180330_01.mp4?_=1\" \/><a href=\"\/spots\/hir\/hir_180330_01.mp4\">\/spots\/hir\/hir_180330_01.mp4<\/a><\/video><\/div><\/p>\n","protected":false},"excerpt":{"rendered":"<p>Id\u00e9n is sz\u00e9p sz\u00e1mmal lesznek olyanok, akik k\u00fclf\u00f6ld\u00f6n tart\u00f3zkodnak a v\u00e1laszt\u00e1sok napj\u00e1n. Ha id\u0151ben jelzik ezt, szavaztuk nem v\u00e9sz k\u00e1rba, hiszen a k\u00fclk\u00e9pviseleteken \u0151k is voksolhatnak a JNSZ megyei 1. Sz\u00e1m\u00fa V\u00e1laszt\u00f3ker\u00fclet szavaz\u00f3lapj\u00e1n. &#8220;Ebben az esetben legk\u00e9s\u0151bb m\u00e1rcius 31- ig a lak\u00f3hely szerinti v\u00e1laszt\u00e1si irod\u00e1t\u00f3l k\u00e9rni kell azt, hogy a v\u00e1laszt\u00e1si iroda k\u00e9relem alapj\u00e1n vegye [&hellip;]<\/p>\n","protected":false},"author":2,"featured_media":0,"comment_status":"closed","ping_status":"closed","sticky":false,"template":"","format":"standard","meta":[],"categories":[9],"tags":[],"_links":{"self":[{"href":"http:\/\/archiv.szolnoktv.hu\/index.php?rest_route=\/wp\/v2\/posts\/8644"}],"collection":[{"href":"http:\/\/archiv.szolnoktv.hu\/index.php?rest_route=\/wp\/v2\/posts"}],"about":[{"href":"http:\/\/archiv.szolnoktv.hu\/index.php?rest_route=\/wp\/v2\/types\/post"}],"author":[{"embeddable":true,"href":"http:\/\/archiv.szolnoktv.hu\/index.php?rest_route=\/wp\/v2\/users\/2"}],"replies":[{"embeddable":true,"href":"http:\/\/archiv.szolnoktv.hu\/index.php?rest_route=%2Fwp%2Fv2%2Fcomments&post=8644"}],"version-history":[{"count":1,"href":"http:\/\/archiv.szolnoktv.hu\/index.php?rest_route=\/wp\/v2\/posts\/8644\/revisions"}],"predecessor-version":[{"id":8669,"href":"http:\/\/archiv.szolnoktv.hu\/index.php?rest_route=\/wp\/v2\/posts\/8644\/revisions\/8669"}],"wp:attachment":[{"href":"http:\/\/archiv.szolnoktv.hu\/index.php?rest_route=%2Fwp%2Fv2%2Fmedia&parent=8644"}],"wp:term":[{"taxonomy":"category","embeddable":true,"href":"http:\/\/archiv.szolnoktv.hu\/index.php?rest_route=%2Fwp%2Fv2%2Fcategories&post=8644"},{"taxonomy":"post_tag","embeddable":true,"href":"http:\/\/archiv.szolnoktv.hu\/index.php?rest_route=%2Fwp%2Fv2%2Ftags&post=8644"}],"curies":[{"name":"wp","href":"https:\/\/api.w.org\/{rel}","templated":true}]}}