{"id":8643,"date":"2018-03-30T12:28:47","date_gmt":"2018-03-30T12:28:47","guid":{"rendered":"http:\/\/archiv.szolnoktv.hu\/?p=8643"},"modified":"2021-08-13T20:07:31","modified_gmt":"2021-08-13T20:07:31","slug":"haltelepites-a-holt-tiszan","status":"publish","type":"post","link":"http:\/\/archiv.szolnoktv.hu\/?p=8643","title":{"rendered":"Haltelep\u00edt\u00e9s a Holt-Tisz\u00e1n"},"content":{"rendered":"<div class='booster-block booster-read-block'><\/div><p>Az idei els\u0151 haltelep\u00edt\u00e9s a Holt-Tisz\u00e1n. A hagyom\u00e1nyoknak megfelel\u0151en az els\u0151 pontyot a polg\u00e1rmester helyezte a v\u00edzbe, ezt m\u00e9g t\u00f6bb ezer k\u00f6vette. Kedvcsin\u00e1l\u00f3, szezonnyit\u00f3 haltelep\u00edt\u00e9s, melyet m\u00e9g t\u00f6bb k\u00f6vet az id\u00e9n. A mostani nagyobb m\u00e9ret\u0171 halak ut\u00e1n kisebbek, k\u00e9t nyarasak \u00e9s el\u0151nevelt ragadoz\u00f3k is ker\u00fclnek majd a holt\u00e1gba.<br \/>&#8220;A tavaszi id\u0151szakban k\u00e9thetente fogunk telep\u00edteni, ut\u00e1n a ny\u00e1r k\u00f6zepi telep\u00edt\u00e9s ami az idegenforgalomnak sz\u00f3l, \u00e9s az \u0151szi alaptelep\u00edt\u00e9s az ivad\u00e9koknak, melyet a k\u00f6vetkez\u0151 \u00e9vben m\u00e1r tudj\u00e1k a horg\u00e1szok kifogni.&#8221; -mondta CSOMA G\u00c1BOR a Hal\u00e1sz Kft. \u00fcgyvezet\u0151je.<br \/>Az elm\u00falt \u00e9vek telep\u00edt\u00e9sei eredm\u00e9nyesek voltak -mondja a szakember, hiszen az id\u00e9n leadott fog\u00e1si napl\u00f3kban m\u00e1r megmutatkozik a ponty \u00e9s amurfog\u00e1s.<br \/>Mondi J\u00f3zsef\u00e9k \u00e9vtizedek \u00f3ta horg\u00e1sznak a Holt-Tisz\u00e1n. tapasztalatuk szerint \u00e9vr\u0151l \u00e9vre javul a fog\u00e1si eredm\u00e9ny.<br \/>&#8220;Nekem a tapasztalatom az, hogy a telep\u00edt\u00e9s ut\u00e1n 1-2 \u00f3r\u00e1val lehet sz\u00e9peket fogni, tavaly is fogtam, v\u00e1ltoz\u00f3, horg\u00e1sza is v\u00e1logatja ki milyen szerel\u00e9kkel horg\u00e1szik, annak a f\u00fcggv\u00e9nye, hogy hogyan tud horg\u00e1szni.&#8221; -mondta MONDI J\u00d3ZSEF horg\u00e1sz.<br \/>A szakemberek odafigyelnek a t\u00f6rpeharcsa gy\u00e9r\u00edt\u00e9sre is. Ny\u00e1r elej\u00e9re \u00f6kol\u00f3giai horg\u00e1szversenyt szerveznek, ez kifejezetten a t\u00f6pik fog\u00e1s\u00e1t c\u00e9lozza meg, de hal\u00e1szati t\u00f6rpeharcsa csapd\u00e1k telep\u00edt\u00e9s\u00e9t is tervezik.<br \/>\n<br \/>\n<div style=\"width: 640px;\" class=\"wp-video\"><!--[if lt IE 9]><script>document.createElement('video');<\/script><![endif]-->\n<video class=\"wp-video-shortcode\" id=\"video-8643-1\" width=\"640\" height=\"360\" preload=\"metadata\" controls=\"controls\"><source type=\"video\/mp4\" src=\"\/spots\/hir\/hir_180329_01.mp4?_=1\" \/><a href=\"\/spots\/hir\/hir_180329_01.mp4\">\/spots\/hir\/hir_180329_01.mp4<\/a><\/video><\/div><\/p>\n","protected":false},"excerpt":{"rendered":"<p>Az idei els\u0151 haltelep\u00edt\u00e9s a Holt-Tisz\u00e1n. A hagyom\u00e1nyoknak megfelel\u0151en az els\u0151 pontyot a polg\u00e1rmester helyezte a v\u00edzbe, ezt m\u00e9g t\u00f6bb ezer k\u00f6vette. Kedvcsin\u00e1l\u00f3, szezonnyit\u00f3 haltelep\u00edt\u00e9s, melyet m\u00e9g t\u00f6bb k\u00f6vet az id\u00e9n. A mostani nagyobb m\u00e9ret\u0171 halak ut\u00e1n kisebbek, k\u00e9t nyarasak \u00e9s el\u0151nevelt ragadoz\u00f3k is ker\u00fclnek majd a holt\u00e1gba.&#8220;A tavaszi id\u0151szakban k\u00e9thetente fogunk telep\u00edteni, ut\u00e1n a [&hellip;]<\/p>\n","protected":false},"author":2,"featured_media":0,"comment_status":"closed","ping_status":"closed","sticky":false,"template":"","format":"standard","meta":[],"categories":[9],"tags":[],"_links":{"self":[{"href":"http:\/\/archiv.szolnoktv.hu\/index.php?rest_route=\/wp\/v2\/posts\/8643"}],"collection":[{"href":"http:\/\/archiv.szolnoktv.hu\/index.php?rest_route=\/wp\/v2\/posts"}],"about":[{"href":"http:\/\/archiv.szolnoktv.hu\/index.php?rest_route=\/wp\/v2\/types\/post"}],"author":[{"embeddable":true,"href":"http:\/\/archiv.szolnoktv.hu\/index.php?rest_route=\/wp\/v2\/users\/2"}],"replies":[{"embeddable":true,"href":"http:\/\/archiv.szolnoktv.hu\/index.php?rest_route=%2Fwp%2Fv2%2Fcomments&post=8643"}],"version-history":[{"count":1,"href":"http:\/\/archiv.szolnoktv.hu\/index.php?rest_route=\/wp\/v2\/posts\/8643\/revisions"}],"predecessor-version":[{"id":8670,"href":"http:\/\/archiv.szolnoktv.hu\/index.php?rest_route=\/wp\/v2\/posts\/8643\/revisions\/8670"}],"wp:attachment":[{"href":"http:\/\/archiv.szolnoktv.hu\/index.php?rest_route=%2Fwp%2Fv2%2Fmedia&parent=8643"}],"wp:term":[{"taxonomy":"category","embeddable":true,"href":"http:\/\/archiv.szolnoktv.hu\/index.php?rest_route=%2Fwp%2Fv2%2Fcategories&post=8643"},{"taxonomy":"post_tag","embeddable":true,"href":"http:\/\/archiv.szolnoktv.hu\/index.php?rest_route=%2Fwp%2Fv2%2Ftags&post=8643"}],"curies":[{"name":"wp","href":"https:\/\/api.w.org\/{rel}","templated":true}]}}