{"id":8642,"date":"2018-03-29T18:21:33","date_gmt":"2018-03-29T18:21:33","guid":{"rendered":"http:\/\/archiv.szolnoktv.hu\/?p=8642"},"modified":"2021-08-13T20:07:31","modified_gmt":"2021-08-13T20:07:31","slug":"eredmenyes-volt-a-visegrad-4sight","status":"publish","type":"post","link":"http:\/\/archiv.szolnoktv.hu\/?p=8642","title":{"rendered":"Eredm\u00e9nyes volt a Visegrad 4Sight"},"content":{"rendered":"<div class='booster-block booster-read-block'><\/div><p>Lengyel \u00e9s magyar katon\u00e1k egym\u00e1st fedezve haladnak el\u0151re egy l\u00f6v\u00e9sz bemutat\u00f3n. M\u00e1rcius 19 \u00e9s 29-e k\u00f6z\u00f6tt rendezt\u00e9k meg a Visegrad 4Sight elnevez\u00e9s\u0171 nemzetk\u00f6zi hadgyakorlatot, amelyen a V4-ek k\u00f6z\u00fcl Magyarorsz\u00e1g, Szlov\u00e1kia \u00e9s Lengyelorsz\u00e1g k\u00fcl\u00f6nleges m\u0171veleti katon\u00e1i v\u00e9grehajt\u00f3k\u00e9nt, Csehorsz\u00e1g \u00e9s Ausztria pedig megfigyel\u0151k\u00e9nt vett r\u00e9szt.<\/p>\n<p>A gyakorlaton a t\u00f6bbi k\u00f6z\u00f6tt \u00e9les l\u00f6v\u00e9szetet, helyis\u00e9gharcot, megfigyel\u00e9st \u00e9s m\u00e1s, a k\u00fcl\u00f6nleges m\u0171veletek k\u00f6r\u00e9be tartoz\u00f3 feladatokat hajtottak v\u00e9gre. <\/p>\n<p>A mai bemutat\u00f3n a l\u00f6v\u00e9szet mellett a Mi-17-es helikoptereken \u00e9rkez\u0151 katon\u00e1k egy radar\u00e1llom\u00e1st, rep\u00fcl\u0151g\u00e9peket \u00e9s egy ellens\u00e9ges katon\u00e1k \u00e1ltal megsz\u00e1llt \u00e9p\u00fcletet is elfoglaltak. A feladat v\u00e9grehajt\u00e1sa sor\u00e1n kiemelt jelent\u0151s\u00e9g\u0171 volt, hogy a nemzetk\u00f6zi alakulatok hat\u00e9konyan tudjanak egy\u00fctt dolgozni, illetve a lehet\u0151 legr\u00f6videbb id\u0151 alatt hajts\u00e1k v\u00e9gre a feladatot. <\/p>\n<p>-Az a tud\u00e1s, az a k\u00e9pess\u00e9g, amire szert tettek Irakban, Afganiszt\u00e1nban az nagyon sz\u00e9pen nagyon j\u00f3l, nagyon eredm\u00e9nyesen kamatoztathat\u00f3, ha a helyzet \u00fagy k\u00edv\u00e1nja.&#8221;  &#8211; mondta Dr. Benk\u0151 Tibor vez\u00e9rezredes, Honv\u00e9d Vez\u00e9rkar f\u0151n\u00f6k<\/p>\n<p>A Visegr\u00e1di 4-ek t\u00f6rt\u00e9net\u00e9ben ez volt az els\u0151 alkalom, hogy a tagorsz\u00e1gok k\u00fcl\u00f6nleges m\u0171veleti alakulatai k\u00f6z\u00f6s hadgyakorlaton vettek r\u00e9szt. A mostani gyakorlattal az eddigin\u00e9l is szorosabb\u00e1 v\u00e1lhat az orsz\u00e1gok k\u00f6z\u00f6tti egy\u00fcttm\u0171k\u00f6d\u00e9s. A szoros kapcsolatokra az\u00e9rt is sz\u00fcks\u00e9g van, hogy Eur\u00f3pa hat\u00e1rait, valamint Magyarorsz\u00e1g  biztons\u00e1g\u00e1t hat\u00e9konyan lehessen megv\u00e9deni.<\/p>\n<p>Dr. Simicsk\u00f3 Istv\u00e1n honv\u00e9delmi miniszter r\u00e1mutatott &#8211; -A Visegr\u00e1di 4-ek egy\u00fcttm\u0171k\u00f6d\u00e9se, mint j\u00f3 sz\u00f6vets\u00e9gesek, NATO sz\u00f6vets\u00e9gesk\u00e9nt is egy\u00fctt dolgozunk, az Eur\u00f3pai Uni\u00f3 biztons\u00e1g\u00e1\u00e9rt is egy\u00fctt dolgozunk, egy\u00fctt v\u00e9delmezz\u00fck hat\u00e1rainkat, egy\u00fctt vagyunk ott k\u00fcl\u00f6nb\u00f6z\u0151 v\u00e1ls\u00e1g\u00f6vezetekben, k\u00fcl\u00f6nf\u00e9le misszi\u00f3kat l\u00e1tunk el. Mindenhol a biztons\u00e1got, a stabilit\u00e1st \u00e9s a b\u00e9k\u00e9t szolg\u00e1lva.&#8221;  <\/p>\n<p>A Zr\u00ednyi 2026 Honv\u00e9delmi \u00e9s Hader\u0151fejleszt\u00e9si program c\u00e9ljai k\u00f6z\u00f6tt szerepel egy professzion\u00e1lis, technikai eszk\u00f6zeiben meg\u00fajul\u00f3 val\u00f3s tartal\u00e9kkal rendelkez\u0151, \u00fct\u0151k\u00e9pes hader\u0151 fel\u00e9p\u00edt\u00e9se. A korm\u00e1ny t\u00f6rekv\u00e9sei k\u00f6z\u00f6tt szerepel, hogy a Magyar Honv\u00e9ds\u00e9g 2026-ra a t\u00e9rs\u00e9g egyik meghat\u00e1roz\u00f3 haderej\u00e9v\u00e9 v\u00e1ljon  &#8211;   mondta Simicsk\u00f3 Istv\u00e1n  <\/p>\n<p>A fejleszt\u00e9sek jegy\u00e9ben ma 12 darab amerikai gy\u00e1rtm\u00e1ny\u00fa Polaris MRZR-4 t\u00edpus\u00fa ultrak\u00f6nny\u0171 taktikai j\u00e1rm\u0171vel b\u0151v\u00fclt a magyar k\u00fcl\u00f6nleges rendeltet\u00e9s\u0171 dand\u00e1r j\u00e1rm\u0171parkja. A j\u00e1rm\u0171vek extr\u00e9m terepj\u00e1r\u00f3 k\u00e9pess\u00e9ggel rendelkeznek, a misszi\u00f3k mellett a hat\u00e1rv\u00e9delemben is j\u00f3l alkalmazhat\u00f3k.<\/p>\n<p>-Mindenben szeretn\u00e9nk tov\u00e1bb l\u00e9pni, el\u0151re l\u00e9pni. Modern eszk\u00f6z\u00f6kben, kik\u00e9pzetts\u00e9gben, felk\u00e9sz\u00fclts\u00e9gben, egy \u00fct\u0151k\u00e9pes Magyar Honv\u00e9ds\u00e9get szeretn\u00e9nk fel\u00e9p\u00edteni \u00e9s term\u00e9szetesen sz\u00f6vets\u00e9geseinkkel egy\u00fctt haladunk ezen az \u00faton.&#8221;  &#8211;  mondta Dr. Simicsk\u00f3 Istv\u00e1n<\/p>\n<p>A Magyar Honv\u00e9ds\u00e9g \u00f6n\u00e1ll\u00f3s\u00e1g\u00e1t er\u0151siti az is  &#8211;   folytatta a honv\u00e9delmi minszter-, hogy \u00fajra indul a hazai fegyvergy\u00e1rt\u00e1s. A 200 munkahelyet teremt\u0151 fejleszt\u00e9s els\u0151 l\u00e9p\u00e9sben cseh licenc alapj\u00e1n szerel \u00f6ssze 4 k\u00e9zi l\u0151fegyvert\u00edpust, majd 2019 janu\u00e1rj\u00e1t\u00f3l m\u00e1r a gy\u00e1rt\u00e1s is Magyarorsz\u00e1gon t\u00f6rt\u00e9nik. A gy\u00e1rt\u00e1s \u00fajraind\u00edt\u00e1s\u00e1val hazai forr\u00e1sb\u00f3l v\u00e1lik biztos\u00edtott\u00e1 a honv\u00e9ds\u00e9g, valamint m\u00e1s hazai rendv\u00e9delmi szervek l\u0151fegyver ell\u00e1t\u00e1sa, illetve a tervek szerint a term\u00e9keket k\u00e9s\u0151bb export\u00e1lj\u00e1k is.<\/p>\n<div style=\"width: 640px;\" class=\"wp-video\"><!--[if lt IE 9]><script>document.createElement('video');<\/script><![endif]-->\n<video class=\"wp-video-shortcode\" id=\"video-8642-1\" width=\"640\" height=\"360\" preload=\"metadata\" controls=\"controls\"><source type=\"video\/mp4\" src=\"\/spots\/hir\/hir_180329_09.mp4?_=1\" \/><a href=\"\/spots\/hir\/hir_180329_09.mp4\">\/spots\/hir\/hir_180329_09.mp4<\/a><\/video><\/div>\n","protected":false},"excerpt":{"rendered":"<p>Lengyel \u00e9s magyar katon\u00e1k egym\u00e1st fedezve haladnak el\u0151re egy l\u00f6v\u00e9sz bemutat\u00f3n. M\u00e1rcius 19 \u00e9s 29-e k\u00f6z\u00f6tt rendezt\u00e9k meg a Visegrad 4Sight elnevez\u00e9s\u0171 nemzetk\u00f6zi hadgyakorlatot, amelyen a V4-ek k\u00f6z\u00fcl Magyarorsz\u00e1g, Szlov\u00e1kia \u00e9s Lengyelorsz\u00e1g k\u00fcl\u00f6nleges m\u0171veleti katon\u00e1i v\u00e9grehajt\u00f3k\u00e9nt, Csehorsz\u00e1g \u00e9s Ausztria pedig megfigyel\u0151k\u00e9nt vett r\u00e9szt. A gyakorlaton a t\u00f6bbi k\u00f6z\u00f6tt \u00e9les l\u00f6v\u00e9szetet, helyis\u00e9gharcot, megfigyel\u00e9st \u00e9s m\u00e1s, a [&hellip;]<\/p>\n","protected":false},"author":2,"featured_media":0,"comment_status":"closed","ping_status":"closed","sticky":false,"template":"","format":"standard","meta":[],"categories":[9],"tags":[],"_links":{"self":[{"href":"http:\/\/archiv.szolnoktv.hu\/index.php?rest_route=\/wp\/v2\/posts\/8642"}],"collection":[{"href":"http:\/\/archiv.szolnoktv.hu\/index.php?rest_route=\/wp\/v2\/posts"}],"about":[{"href":"http:\/\/archiv.szolnoktv.hu\/index.php?rest_route=\/wp\/v2\/types\/post"}],"author":[{"embeddable":true,"href":"http:\/\/archiv.szolnoktv.hu\/index.php?rest_route=\/wp\/v2\/users\/2"}],"replies":[{"embeddable":true,"href":"http:\/\/archiv.szolnoktv.hu\/index.php?rest_route=%2Fwp%2Fv2%2Fcomments&post=8642"}],"version-history":[{"count":1,"href":"http:\/\/archiv.szolnoktv.hu\/index.php?rest_route=\/wp\/v2\/posts\/8642\/revisions"}],"predecessor-version":[{"id":8671,"href":"http:\/\/archiv.szolnoktv.hu\/index.php?rest_route=\/wp\/v2\/posts\/8642\/revisions\/8671"}],"wp:attachment":[{"href":"http:\/\/archiv.szolnoktv.hu\/index.php?rest_route=%2Fwp%2Fv2%2Fmedia&parent=8642"}],"wp:term":[{"taxonomy":"category","embeddable":true,"href":"http:\/\/archiv.szolnoktv.hu\/index.php?rest_route=%2Fwp%2Fv2%2Fcategories&post=8642"},{"taxonomy":"post_tag","embeddable":true,"href":"http:\/\/archiv.szolnoktv.hu\/index.php?rest_route=%2Fwp%2Fv2%2Ftags&post=8642"}],"curies":[{"name":"wp","href":"https:\/\/api.w.org\/{rel}","templated":true}]}}