{"id":8641,"date":"2018-03-29T18:13:42","date_gmt":"2018-03-29T18:13:42","guid":{"rendered":"http:\/\/archiv.szolnoktv.hu\/?p=8641"},"modified":"2021-08-13T20:07:31","modified_gmt":"2021-08-13T20:07:31","slug":"vosz-megyei-kozgyules-2","status":"publish","type":"post","link":"http:\/\/archiv.szolnoktv.hu\/?p=8641","title":{"rendered":"VOSZ megyei k\u00f6zgy\u0171l\u00e9s"},"content":{"rendered":"<div class='booster-block booster-read-block'><\/div><p>Demj\u00e1n S\u00e1ndorra eml\u00e9keztek a VOSZ megyei szervezet\u00e9nek k\u00f6zgy\u0171l\u00e9s\u00e9n. Dr. Lits J\u00f3zsef besz\u00e1mol\u00f3j\u00e1t k\u00f6vet\u0151en elhangzott: Magyarorsz\u00e1gon a hitelpiac meg\u00e9l\u00e9nk\u00fclt. A v\u00e1llalkoz\u00e1sok b\u00e1trabbak lettek. A hitel\u00e9l\u00e9nk\u00edt\u0151 program megbolygatta a kkv finansz\u00edroz\u00e1si piacot, t\u00f6rt\u00e9nelmi alacsony kamatok vannak, az EU-s t\u00e1mogat\u00e1sok hozz\u00e1f\u00e9rhet\u0151s\u00e9ge is arra mutat, hogy k\u00f6nnyebben juthattak hitelhez a v\u00e1llalkoz\u00e1sok. Tavaly 10 sz\u00e1zal\u00e9kkal b\u0151v\u00fclt haz\u00e1nkban a v\u00e1llalkoz\u00e1sok hitel\u00e1llom\u00e1nya.<br \/>&#8220;Minden szegmensben jellemz\u0151, hogy meg\u00e9l\u00e9nk\u00fclt a hitelpiac, az indul\u00f3 v\u00e1llalkoz\u00e1sok is, a korm\u00e1ny a k\u00fclf\u00f6ldi v\u00e1llalkoz\u00e1sokat is t\u00e1mogatt\u00e1k. A bankok is t\u00e1mogatt\u00e1k azokat, akik \u00faj munkahelyet teremtettek Magyarorsz\u00e1gon.&#8221; -mondta F\u00dcL\u00d6PN\u00c9 BOGD\u00c1N KRISZTINA a Commerzbank Zrt.  vez\u00e9rigazgat\u00f3-helyettese.<br \/>A v\u00e1llalkoz\u00e1sok kezdenek hozz\u00e1szokni a v\u00e1ltoz\u00e1sokhoz. A VOSZ eredm\u00e9nynek tartja, hogy Magyarorsz\u00e1g p\u00e9nz\u00fcgyi kitetts\u00e9ge, \u00e9s a magyar \u00e1llamad\u00f3ss\u00e1g cs\u00f6kkent, hogy forintalap\u00fa a hitelek legt\u00f6bbje, valamint hogy  a 3-4 sz\u00e1zal\u00e9kos gazdas\u00e1gi n\u00f6veked\u00e9s is fenntarthat\u00f3.<br \/>&#8220;Ugyanakkor a VOSZ is l\u00e1tja, hogy p\u00e9ld\u00e1ul a k\u00f6zfoglalkoz\u00e1sok ter\u00fclet\u00e9n volt egy elsz\u00edv\u00f3 hat\u00e1sa a munkaer\u0151 piacr\u00f3l.&#8221; -mondta PERLUSZ L\u00c1SZL\u00d3 a VOSZ \u00fcgyvezet\u0151 igazgat\u00f3ja<br \/>Izgalmas a 2018-as \u00e9v -mondta Bod P\u00e9ter \u00c1kos. Eur\u00f3p\u00e1ban olyan politikai mozg\u00e1sok indultak, melyek hatnak haz\u00e1nkra is. A magyar gazdas\u00e1gpolitik\u00e1nak d\u00f6ntenie kell.<br \/>&#8220;Akar-e a magyar gazdas\u00e1gpolitika bel\u00e9pni az eur\u00f3pai bels\u0151 k\u00f6rbe, vagy a szuverenit\u00e1st v\u00e1lasztja?&#8221; -mondta BOD P\u00c9TER \u00c1KOS professzor, egyetemi tan\u00e1r.<br \/>A szakember szerint k\u00e9rd\u00e9s, hogy ki mit fog csin\u00e1lni az ad\u00f3politik\u00e1ban, lesznek-e k\u00fcl\u00f6nad\u00f3k, mi lesz Paks2-vel, milyen ir\u00e1nyt vesz a k\u00ednai nyit\u00e1s, -ezek mind meghat\u00e1rozz\u00e1k majd a magyar v\u00e1llalkoz\u00e1sok sors\u00e1t.<br \/>\n<br \/>\n<div style=\"width: 640px;\" class=\"wp-video\"><!--[if lt IE 9]><script>document.createElement('video');<\/script><![endif]-->\n<video class=\"wp-video-shortcode\" id=\"video-8641-1\" width=\"640\" height=\"360\" preload=\"metadata\" controls=\"controls\"><source type=\"video\/mp4\" src=\"\/spots\/hir\/hir_180329_08.mp4?_=1\" \/><a href=\"\/spots\/hir\/hir_180329_08.mp4\">\/spots\/hir\/hir_180329_08.mp4<\/a><\/video><\/div><\/p>\n","protected":false},"excerpt":{"rendered":"<p>Demj\u00e1n S\u00e1ndorra eml\u00e9keztek a VOSZ megyei szervezet\u00e9nek k\u00f6zgy\u0171l\u00e9s\u00e9n. Dr. Lits J\u00f3zsef besz\u00e1mol\u00f3j\u00e1t k\u00f6vet\u0151en elhangzott: Magyarorsz\u00e1gon a hitelpiac meg\u00e9l\u00e9nk\u00fclt. A v\u00e1llalkoz\u00e1sok b\u00e1trabbak lettek. A hitel\u00e9l\u00e9nk\u00edt\u0151 program megbolygatta a kkv finansz\u00edroz\u00e1si piacot, t\u00f6rt\u00e9nelmi alacsony kamatok vannak, az EU-s t\u00e1mogat\u00e1sok hozz\u00e1f\u00e9rhet\u0151s\u00e9ge is arra mutat, hogy k\u00f6nnyebben juthattak hitelhez a v\u00e1llalkoz\u00e1sok. Tavaly 10 sz\u00e1zal\u00e9kkal b\u0151v\u00fclt haz\u00e1nkban a v\u00e1llalkoz\u00e1sok hitel\u00e1llom\u00e1nya.&#8220;Minden [&hellip;]<\/p>\n","protected":false},"author":2,"featured_media":0,"comment_status":"closed","ping_status":"closed","sticky":false,"template":"","format":"standard","meta":[],"categories":[9],"tags":[],"_links":{"self":[{"href":"http:\/\/archiv.szolnoktv.hu\/index.php?rest_route=\/wp\/v2\/posts\/8641"}],"collection":[{"href":"http:\/\/archiv.szolnoktv.hu\/index.php?rest_route=\/wp\/v2\/posts"}],"about":[{"href":"http:\/\/archiv.szolnoktv.hu\/index.php?rest_route=\/wp\/v2\/types\/post"}],"author":[{"embeddable":true,"href":"http:\/\/archiv.szolnoktv.hu\/index.php?rest_route=\/wp\/v2\/users\/2"}],"replies":[{"embeddable":true,"href":"http:\/\/archiv.szolnoktv.hu\/index.php?rest_route=%2Fwp%2Fv2%2Fcomments&post=8641"}],"version-history":[{"count":1,"href":"http:\/\/archiv.szolnoktv.hu\/index.php?rest_route=\/wp\/v2\/posts\/8641\/revisions"}],"predecessor-version":[{"id":8672,"href":"http:\/\/archiv.szolnoktv.hu\/index.php?rest_route=\/wp\/v2\/posts\/8641\/revisions\/8672"}],"wp:attachment":[{"href":"http:\/\/archiv.szolnoktv.hu\/index.php?rest_route=%2Fwp%2Fv2%2Fmedia&parent=8641"}],"wp:term":[{"taxonomy":"category","embeddable":true,"href":"http:\/\/archiv.szolnoktv.hu\/index.php?rest_route=%2Fwp%2Fv2%2Fcategories&post=8641"},{"taxonomy":"post_tag","embeddable":true,"href":"http:\/\/archiv.szolnoktv.hu\/index.php?rest_route=%2Fwp%2Fv2%2Ftags&post=8641"}],"curies":[{"name":"wp","href":"https:\/\/api.w.org\/{rel}","templated":true}]}}