{"id":8639,"date":"2018-03-29T17:22:25","date_gmt":"2018-03-29T17:22:25","guid":{"rendered":"http:\/\/archiv.szolnoktv.hu\/?p=8639"},"modified":"2021-08-13T20:07:31","modified_gmt":"2021-08-13T20:07:31","slug":"bakondi-gyorgy-foruma-szolnokon","status":"publish","type":"post","link":"http:\/\/archiv.szolnoktv.hu\/?p=8639","title":{"rendered":"Bakondi Gy\u00f6rgy f\u00f3ruma Szolnokon"},"content":{"rendered":"<div class='booster-block booster-read-block'><\/div><p>Az orsz\u00e1g fejl\u0151d\u00e9s\u00e9nek z\u00e1loga a biztons\u00e1g. &#8211; mondta K\u00e1llai M\u00e1ria a tegnap esti lakoss\u00e1gi f\u00f3rumon. Az esem\u00e9ny vend\u00e9ge Bakondi Gy\u00f6rgy  a minisztereln\u00f6k biztons\u00e1gpolitikai  f\u0151tan\u00e1csad\u00f3ja volt, aki \u00fagy fogalmazott: egyet\u00e9rt az orsz\u00e1ggy\u0171l\u00e9si k\u00e9pvisel\u0151jel\u00f6lttel: biztons\u00e1g n\u00e9lk\u00fcl nincs fejl\u0151d\u00e9s, az \u00e1prilis 8-i v\u00e1laszt\u00e1s t\u00e9tje pedig a magyar nemzet j\u00f6v\u0151je. <\/p>\n<p>&#8211; Az a f\u0151 k\u00e9rd\u00e9s, hogy azok a  gazdas\u00e1gi eredm\u00e9nyek, amiket az elm\u00falt \u00e9vekben nagy er\u0151fesz\u00edt\u00e9sek r\u00e9v\u00e9n a lakoss\u00e1g a korm\u00e1nnyal egy\u00fctt el tudott \u00e9rni, \u00fagy mint \u00faj munkahelyek, gazdas\u00e1gi ad\u00f3cs\u00f6kkent\u00e9s rezsics\u00f6kkent\u00e9s \u00e9s m\u00e9g sorolhatn\u00e1m, ezek vajon meg\u0151rizhet\u0151k e. &#8211;<\/p>\n<p>A v\u00e1laszt\u00e1s t\u00e9tje, hogy -k\u00e9pesek vagyunk e az \u00e1llamhat\u00e1rt \u0151rizni, biztos\u00edtani a magyar emberek biztons\u00e1g\u00e1t, k\u00e9pesek vagyunk e garant\u00e1lni  haz\u00e1nk szuverenit\u00e1s\u00e1t&#8221;. &#8211; folytatta a f\u0151tan\u00e1csad\u00f3. <\/p>\n<p>-A ker\u00edt\u00e9s arra mutat r\u00e1, hogy ha akarjuk akkor megingathatatlan inv\u00e1zi\u00f3 nincs , t\u00f6meges be\u00e1raml\u00e1s nincs. Csak azok l\u00e9phetnek be az orsz\u00e1gba, akiket a magyar jogrendszer alapj\u00e1n a magyar hat\u00f3s\u00e1gok arra m\u00e9lt\u00f3nak tal\u00e1lnak, ak\u00e1r mened\u00e9kjogot k\u00e9rnek, ak\u00e1r v\u00edzummal \u00e9rkeznek.&#8221;<\/p>\n<p> Magyarorsz\u00e1g mindaddig ellenezni fogja az ENSZ migr\u00e1ci\u00f3s csomagj\u00e1t, am\u00edg a magyar korm\u00e1ny 12 pontos javaslat\u00e1t bele nem foglalj\u00e1k  &#8211;   sz\u00f6gezte le Bakondi Gy\u00f6rgy. Hozz\u00e1t\u00e9ve:  a magyar korm\u00e1ny elk\u00f6telezett a megegyez\u00e9sre mind az Eur\u00f3pai Uni\u00f3val, mind az ENSZ-szel, amennyiben nyitottak a magyar javaslatokra <\/p>\n<div style=\"width: 640px;\" class=\"wp-video\"><!--[if lt IE 9]><script>document.createElement('video');<\/script><![endif]-->\n<video class=\"wp-video-shortcode\" id=\"video-8639-1\" width=\"640\" height=\"360\" preload=\"metadata\" controls=\"controls\"><source type=\"video\/mp4\" src=\"\/spots\/hir\/hir_180329_06.mp4?_=1\" \/><a href=\"\/spots\/hir\/hir_180329_06.mp4\">\/spots\/hir\/hir_180329_06.mp4<\/a><\/video><\/div>\n","protected":false},"excerpt":{"rendered":"<p>Az orsz\u00e1g fejl\u0151d\u00e9s\u00e9nek z\u00e1loga a biztons\u00e1g. &#8211; mondta K\u00e1llai M\u00e1ria a tegnap esti lakoss\u00e1gi f\u00f3rumon. Az esem\u00e9ny vend\u00e9ge Bakondi Gy\u00f6rgy a minisztereln\u00f6k biztons\u00e1gpolitikai f\u0151tan\u00e1csad\u00f3ja volt, aki \u00fagy fogalmazott: egyet\u00e9rt az orsz\u00e1ggy\u0171l\u00e9si k\u00e9pvisel\u0151jel\u00f6lttel: biztons\u00e1g n\u00e9lk\u00fcl nincs fejl\u0151d\u00e9s, az \u00e1prilis 8-i v\u00e1laszt\u00e1s t\u00e9tje pedig a magyar nemzet j\u00f6v\u0151je. &#8211; Az a f\u0151 k\u00e9rd\u00e9s, hogy azok a gazdas\u00e1gi [&hellip;]<\/p>\n","protected":false},"author":2,"featured_media":0,"comment_status":"closed","ping_status":"closed","sticky":false,"template":"","format":"standard","meta":[],"categories":[9],"tags":[],"_links":{"self":[{"href":"http:\/\/archiv.szolnoktv.hu\/index.php?rest_route=\/wp\/v2\/posts\/8639"}],"collection":[{"href":"http:\/\/archiv.szolnoktv.hu\/index.php?rest_route=\/wp\/v2\/posts"}],"about":[{"href":"http:\/\/archiv.szolnoktv.hu\/index.php?rest_route=\/wp\/v2\/types\/post"}],"author":[{"embeddable":true,"href":"http:\/\/archiv.szolnoktv.hu\/index.php?rest_route=\/wp\/v2\/users\/2"}],"replies":[{"embeddable":true,"href":"http:\/\/archiv.szolnoktv.hu\/index.php?rest_route=%2Fwp%2Fv2%2Fcomments&post=8639"}],"version-history":[{"count":1,"href":"http:\/\/archiv.szolnoktv.hu\/index.php?rest_route=\/wp\/v2\/posts\/8639\/revisions"}],"predecessor-version":[{"id":8674,"href":"http:\/\/archiv.szolnoktv.hu\/index.php?rest_route=\/wp\/v2\/posts\/8639\/revisions\/8674"}],"wp:attachment":[{"href":"http:\/\/archiv.szolnoktv.hu\/index.php?rest_route=%2Fwp%2Fv2%2Fmedia&parent=8639"}],"wp:term":[{"taxonomy":"category","embeddable":true,"href":"http:\/\/archiv.szolnoktv.hu\/index.php?rest_route=%2Fwp%2Fv2%2Fcategories&post=8639"},{"taxonomy":"post_tag","embeddable":true,"href":"http:\/\/archiv.szolnoktv.hu\/index.php?rest_route=%2Fwp%2Fv2%2Ftags&post=8639"}],"curies":[{"name":"wp","href":"https:\/\/api.w.org\/{rel}","templated":true}]}}