{"id":8638,"date":"2018-03-29T17:17:07","date_gmt":"2018-03-29T17:17:07","guid":{"rendered":"http:\/\/archiv.szolnoktv.hu\/?p=8638"},"modified":"2021-08-13T20:07:31","modified_gmt":"2021-08-13T20:07:31","slug":"momentum","status":"publish","type":"post","link":"http:\/\/archiv.szolnoktv.hu\/?p=8638","title":{"rendered":"Momentum"},"content":{"rendered":"<div class='booster-block booster-read-block'><\/div><p>A m\u00e9di\u00e1ban \u00e9s plak\u00e1tokon megjelent utal\u00e1sokkal ellent\u00e9tben a Momentum nem bontan\u00e1 le a hat\u00e1rker\u00edt\u00e9st \u00e9s a migr\u00e1nsok betelep\u00edt\u00e9s\u00e9t sem t\u00e1mogatja. Ellenben a sz\u00e1mukra kiszemelt laktanya\u00e9p\u00fcletek fel\u00faj\u00edt\u00e1s\u00e1t j\u00f3 \u00f6tletnek tartja. Ezzel- fogalmazott a Szekeres \u00c9va- megold\u00f3dna a hajl\u00e9ktalanok probl\u00e9m\u00e1ja is. A Momentum jel\u00f6ltje kifog\u00e1solta a Szolnok Telev\u00edzi\u00f3 m\u0171k\u00f6d\u00e9s\u00e9t is.  <\/p>\n<p>&#8220;40 m\u00e1sodpercet kaptam t\u00f6rv\u00e9nyi k\u00f6telezetts\u00e9g alapj\u00e1n v\u00e1gatlanul a szolnoki propaganda TV- ben amelyet az \u00f6n\u00f6k p\u00e9nz\u00e9b\u0151l a Fidesz haszn\u00e1l. A Fidesz rezsim. A Szalay K\u00e1llai kett\u0151s sem tartja tiszteletben a v\u00e9lem\u00e9nyszabads\u00e1got \u00e9s a kamp\u00e1nyszabads\u00e1got mert f\u00e9lnek. F\u00e9lnek, mert a v\u00e1laszt\u00f3k el\u0151tt el kell sz\u00e1molniuk az Elios \u00fcggyel, a jelent\u0151sen t\u00fal\u00e1razott S\u00f6r\u00e1riummal \u00e9s Rept\u00e1rral. Gondolom mindannyiunk v\u00e9lem\u00e9ny\u00e9t mondom el\u00e9g volt. V\u00e1ltsuk le egy\u00fctt a korrupci\u00f3 embereit, szavazzunk egy\u00fctt egy \u00faj szeml\u00e9letre, egy \u00faj gener\u00e1ci\u00f3ra, a Momentumra.&#8221;<\/p>\n<p>A k\u00e9pvisel\u0151jel\u00f6lt szerint az utak \u00e1llapot\u00e1ra, a k\u00f6zleked\u00e9si neh\u00e9zs\u00e9gek megold\u00e1s\u00e1ra is t\u00f6bb hangs\u00falyt kellene ford\u00edtani. Kifog\u00e1solta a Besenysz\u00f6gi \u00fat fel\u00faj\u00edt\u00e1s\u00e1nak menet\u00e9t- mint fogalmazott a szakaszos rekonstrukci\u00f3 helyett teljes rendbet\u00e9telre lenne sz\u00fcks\u00e9g. Szekeres \u00c9va szerint a  V\u00f6r\u00f6smez\u0151 \u00fati l\u00e1mp\u00e1s keresztez\u0151d\u00e9s kialak\u00edt\u00e1s\u00e1val az oda tervezett k\u00f6rforgalmat sp\u00f3rolta meg az aut\u00f3sok k\u00e1r\u00e1ra az \u00f6nkorm\u00e1nyzat. ek\u00f6zben a Cs\u00e1klya \u00fati Tisza h\u00edd meg\u00e9p\u00edt\u00e9se folyamatosan tol\u00f3dik. A Momentum c\u00e9ljai k\u00f6zt- tov\u00e1bbra is kiemelt helyen \u00e1ll a fiatalok helybentart\u00e1sa, a munkahelyteremt\u00e9s, a szeg\u00e9nys\u00e9g felsz\u00e1mol\u00e1sa \u00e9s a korrupci\u00f3s elsz\u00e1mol\u00e1s eml\u00e9keztetett r\u00e1 Szekeres \u00c9va orsz\u00e1ggy\u0171l\u00e9si k\u00e9pvisel\u0151jel\u00f6lt. <\/p>\n<div style=\"width: 640px;\" class=\"wp-video\"><!--[if lt IE 9]><script>document.createElement('video');<\/script><![endif]-->\n<video class=\"wp-video-shortcode\" id=\"video-8638-1\" width=\"640\" height=\"360\" preload=\"metadata\" controls=\"controls\"><source type=\"video\/mp4\" src=\"\/spots\/hir\/hir_180329_05.mp4?_=1\" \/><a href=\"\/spots\/hir\/hir_180329_05.mp4\">\/spots\/hir\/hir_180329_05.mp4<\/a><\/video><\/div>\n","protected":false},"excerpt":{"rendered":"<p>A m\u00e9di\u00e1ban \u00e9s plak\u00e1tokon megjelent utal\u00e1sokkal ellent\u00e9tben a Momentum nem bontan\u00e1 le a hat\u00e1rker\u00edt\u00e9st \u00e9s a migr\u00e1nsok betelep\u00edt\u00e9s\u00e9t sem t\u00e1mogatja. Ellenben a sz\u00e1mukra kiszemelt laktanya\u00e9p\u00fcletek fel\u00faj\u00edt\u00e1s\u00e1t j\u00f3 \u00f6tletnek tartja. Ezzel- fogalmazott a Szekeres \u00c9va- megold\u00f3dna a hajl\u00e9ktalanok probl\u00e9m\u00e1ja is. A Momentum jel\u00f6ltje kifog\u00e1solta a Szolnok Telev\u00edzi\u00f3 m\u0171k\u00f6d\u00e9s\u00e9t is. &#8220;40 m\u00e1sodpercet kaptam t\u00f6rv\u00e9nyi k\u00f6telezetts\u00e9g alapj\u00e1n v\u00e1gatlanul [&hellip;]<\/p>\n","protected":false},"author":2,"featured_media":0,"comment_status":"closed","ping_status":"closed","sticky":false,"template":"","format":"standard","meta":[],"categories":[9],"tags":[],"_links":{"self":[{"href":"http:\/\/archiv.szolnoktv.hu\/index.php?rest_route=\/wp\/v2\/posts\/8638"}],"collection":[{"href":"http:\/\/archiv.szolnoktv.hu\/index.php?rest_route=\/wp\/v2\/posts"}],"about":[{"href":"http:\/\/archiv.szolnoktv.hu\/index.php?rest_route=\/wp\/v2\/types\/post"}],"author":[{"embeddable":true,"href":"http:\/\/archiv.szolnoktv.hu\/index.php?rest_route=\/wp\/v2\/users\/2"}],"replies":[{"embeddable":true,"href":"http:\/\/archiv.szolnoktv.hu\/index.php?rest_route=%2Fwp%2Fv2%2Fcomments&post=8638"}],"version-history":[{"count":1,"href":"http:\/\/archiv.szolnoktv.hu\/index.php?rest_route=\/wp\/v2\/posts\/8638\/revisions"}],"predecessor-version":[{"id":8675,"href":"http:\/\/archiv.szolnoktv.hu\/index.php?rest_route=\/wp\/v2\/posts\/8638\/revisions\/8675"}],"wp:attachment":[{"href":"http:\/\/archiv.szolnoktv.hu\/index.php?rest_route=%2Fwp%2Fv2%2Fmedia&parent=8638"}],"wp:term":[{"taxonomy":"category","embeddable":true,"href":"http:\/\/archiv.szolnoktv.hu\/index.php?rest_route=%2Fwp%2Fv2%2Fcategories&post=8638"},{"taxonomy":"post_tag","embeddable":true,"href":"http:\/\/archiv.szolnoktv.hu\/index.php?rest_route=%2Fwp%2Fv2%2Ftags&post=8638"}],"curies":[{"name":"wp","href":"https:\/\/api.w.org\/{rel}","templated":true}]}}