{"id":8635,"date":"2018-03-29T16:13:45","date_gmt":"2018-03-29T16:13:45","guid":{"rendered":"http:\/\/archiv.szolnoktv.hu\/?p=8635"},"modified":"2021-08-13T20:07:32","modified_gmt":"2021-08-13T20:07:32","slug":"mszp-sajtotajekoztato-12","status":"publish","type":"post","link":"http:\/\/archiv.szolnoktv.hu\/?p=8635","title":{"rendered":"MSZP sajt\u00f3t\u00e1j\u00e9koztat\u00f3"},"content":{"rendered":"<div class='booster-block booster-read-block'><\/div><p>-Nem v\u00e9letlen\u00fcl \u00e1llunk a V\u00e1rkonyi t\u00e9ri tizennyolc emeletes el\u0151tt.&#8221; &#8211; kezdte t\u00e1j\u00e9koztat\u00f3j\u00e1t G\u0151g\u00f6s Zolt\u00e1n. Senkinek sem szabad elfelejtenie, hogy s\u00e9rtette meg Szalay Ferenc polg\u00e1rmester az itt \u00e9l\u0151 id\u0151s h\u00f6lgyeket. &#8211; sz\u00f6gezte le az MSZP eln\u00f6khelyettese. G\u0151g\u00f6s Zolt\u00e1n az\u00e9rt \u00e9rkezett Szolnokra, hogy seg\u00edtse jel\u00f6ltj\u00fck, Gy\u00f6rfi Mih\u00e1ly kamp\u00e1ny\u00e1t. <\/p>\n<p>-Nagyon sok \u00fcgyet felt\u00e1rt m\u00e9g \u00fagyis, hogy nem volt \u00e9rv\u00e9nyes k\u00f6zjogi funkci\u00f3ja. \u00c9s \u0151 bebizony\u00edtotta, hogy val\u00f3ban akar az emberekkel tal\u00e1lkozni, komolyan gondolja, hogy a k\u00e9pviselet azt jelenti, hogy besz\u00e9lgetni kell az emberekkel, majd ut\u00e1na az \u00e1ltaluk felvetett probl\u00e9m\u00e1kat valamilyen szinten  &#8211;   nyilv\u00e1n k\u00f6nnyebb korm\u00e1nyzati szinten  &#8211;   \u00e9rv\u00e9nyes\u00edteni tudja.&#8221; -mondta G\u0151g\u00f6s Zolt\u00e1n.  <\/p>\n<p>G\u0151g\u00f6s Zolt\u00e1n besz\u00e9d\u00e9ben t\u00f6bbsz\u00f6r hangs\u00falyozta: Szolnok balos v\u00e1ros, a jobboldalt jobboldallal pedig nem \u00e9rdemes lev\u00e1ltani. A p\u00e1rt \u00e1prilis negyedik\u00e9n tartja nagygy\u0171l\u00e9s\u00e9t, melyre minden szolnokit v\u00e1rnak. &#8211; vette \u00e1t a sz\u00f3t Gy\u00f6rfi Mih\u00e1ly. <\/p>\n<p>-Arra k\u00e9rem a v\u00e1laszt\u00f3kat, hogy j\u00f6jjenek el erre az \u00e1prilis 4-i Kossuth t\u00e9ri 17 \u00f3rakor kezd\u0151d\u0151 rendezv\u00e9nyre, hogy bemutathassam mi\u00e9rt fogok harcolni, akik k\u00e9nytelenek k\u00fclf\u00f6ld\u00f6n dolgpozni, nagyon sok szolnoki \u00e9s Szolnok k\u00f6rny\u00e9ki fiatal v\u00e1ndorolt el, az\u00e9rt hogy meg\u00e9lhessen. \u00d5ket haza k\u00edv\u00e1njuk hozni. &#8211; &#8211; mondta Gy\u00f6rfi Mih\u00e1ly. <\/p>\n<p>A Szolnok Hazav\u00e1r program orsz\u00e1gos kib\u0151v\u00edt\u00e9se is fontos c\u00e9ljuk,  t\u00f6bb sz\u00e1zezer magyart hozn\u00e1nak vissza az orsz\u00e1gba, ha korm\u00e1nyra ker\u00fcln\u00e9nek  &#8211;   z\u00e1rta t\u00e1j\u00e9koztat\u00f3j\u00e1t a politikus.  <\/p>\n<div style=\"width: 640px;\" class=\"wp-video\"><!--[if lt IE 9]><script>document.createElement('video');<\/script><![endif]-->\n<video class=\"wp-video-shortcode\" id=\"video-8635-1\" width=\"640\" height=\"360\" preload=\"metadata\" controls=\"controls\"><source type=\"video\/mp4\" src=\"\/spots\/hir\/hir_180329_03.mp4?_=1\" \/><a href=\"\/spots\/hir\/hir_180329_03.mp4\">\/spots\/hir\/hir_180329_03.mp4<\/a><\/video><\/div>\n","protected":false},"excerpt":{"rendered":"<p>-Nem v\u00e9letlen\u00fcl \u00e1llunk a V\u00e1rkonyi t\u00e9ri tizennyolc emeletes el\u0151tt.&#8221; &#8211; kezdte t\u00e1j\u00e9koztat\u00f3j\u00e1t G\u0151g\u00f6s Zolt\u00e1n. Senkinek sem szabad elfelejtenie, hogy s\u00e9rtette meg Szalay Ferenc polg\u00e1rmester az itt \u00e9l\u0151 id\u0151s h\u00f6lgyeket. &#8211; sz\u00f6gezte le az MSZP eln\u00f6khelyettese. G\u0151g\u00f6s Zolt\u00e1n az\u00e9rt \u00e9rkezett Szolnokra, hogy seg\u00edtse jel\u00f6ltj\u00fck, Gy\u00f6rfi Mih\u00e1ly kamp\u00e1ny\u00e1t. -Nagyon sok \u00fcgyet felt\u00e1rt m\u00e9g \u00fagyis, hogy nem volt [&hellip;]<\/p>\n","protected":false},"author":2,"featured_media":0,"comment_status":"closed","ping_status":"closed","sticky":false,"template":"","format":"standard","meta":[],"categories":[9],"tags":[],"_links":{"self":[{"href":"http:\/\/archiv.szolnoktv.hu\/index.php?rest_route=\/wp\/v2\/posts\/8635"}],"collection":[{"href":"http:\/\/archiv.szolnoktv.hu\/index.php?rest_route=\/wp\/v2\/posts"}],"about":[{"href":"http:\/\/archiv.szolnoktv.hu\/index.php?rest_route=\/wp\/v2\/types\/post"}],"author":[{"embeddable":true,"href":"http:\/\/archiv.szolnoktv.hu\/index.php?rest_route=\/wp\/v2\/users\/2"}],"replies":[{"embeddable":true,"href":"http:\/\/archiv.szolnoktv.hu\/index.php?rest_route=%2Fwp%2Fv2%2Fcomments&post=8635"}],"version-history":[{"count":1,"href":"http:\/\/archiv.szolnoktv.hu\/index.php?rest_route=\/wp\/v2\/posts\/8635\/revisions"}],"predecessor-version":[{"id":8678,"href":"http:\/\/archiv.szolnoktv.hu\/index.php?rest_route=\/wp\/v2\/posts\/8635\/revisions\/8678"}],"wp:attachment":[{"href":"http:\/\/archiv.szolnoktv.hu\/index.php?rest_route=%2Fwp%2Fv2%2Fmedia&parent=8635"}],"wp:term":[{"taxonomy":"category","embeddable":true,"href":"http:\/\/archiv.szolnoktv.hu\/index.php?rest_route=%2Fwp%2Fv2%2Fcategories&post=8635"},{"taxonomy":"post_tag","embeddable":true,"href":"http:\/\/archiv.szolnoktv.hu\/index.php?rest_route=%2Fwp%2Fv2%2Ftags&post=8635"}],"curies":[{"name":"wp","href":"https:\/\/api.w.org\/{rel}","templated":true}]}}