{"id":8633,"date":"2018-03-28T17:25:49","date_gmt":"2018-03-28T17:25:49","guid":{"rendered":"http:\/\/archiv.szolnoktv.hu\/?p=8633"},"modified":"2021-08-13T20:07:32","modified_gmt":"2021-08-13T20:07:32","slug":"munkaspart-sajtotajekoztato-6","status":"publish","type":"post","link":"http:\/\/archiv.szolnoktv.hu\/?p=8633","title":{"rendered":"Munk\u00e1sp\u00e1rt sajt\u00f3t\u00e1j\u00e9koztat\u00f3"},"content":{"rendered":"<div class='booster-block booster-read-block'><\/div><p>Az a c\u00e9l, hogy az atomenergia felhaszn\u00e1l\u00e1sa hossz\u00fa t\u00e1von is az egyik meghat\u00e1roz\u00f3 t\u00e9nyez\u0151 legyen Magyarorsz\u00e1g energiaell\u00e1t\u00e1sban. &#8211; mondta Bencsik Mih\u00e1ly mai sajt\u00f3t\u00e1j\u00e9koztat\u00f3j\u00e1n. A politikus hozz\u00e1tette: ebben egyet\u00e9rtenek a Fidesszel, t\u00e1mogatj\u00e1k a paksi atomer\u0151m\u0171 b\u0151v\u00edt\u00e9s\u00e9t. <\/p>\n<p>-Magyarorsz\u00e1gon m\u0171k\u00f6dik egy atomer\u0151m\u0171, ami j\u00f3l m\u0171k\u00f6dik, biztons\u00e1gos, orosz technika. Mivel sz\u00fcks\u00e9g van az energi\u00e1ra Magyarorsz\u00e1gon tov\u00e1bbra is, t\u00e1mogatja az atomer\u0151m\u0171 \u00e9p\u00edt\u00e9s\u00e9t. &#8211;<\/p>\n<p>A Munk\u00e1sp\u00e1rt orsz\u00e1ggy\u0171l\u00e9si k\u00e9pvisel\u0151jel\u00f6ltje a t\u00f6megk\u00f6zleked\u00e9sr\u0151l is besz\u00e9lt. A p\u00e1rt szerint fejleszteni kell a magyar vasutat, mely felett a magyar \u00e1llamnak kell rendelkeznie. Cs\u00f6kkenteni kell a vonat \u00e9s buszjegy\u00e1rakat, n\u00f6velni kell az es\u00e9lyegyenl\u0151s\u00e9get \u00e9s nem szabad engedni a vas\u00fat liberaliz\u00e1l\u00e1st. <\/p>\n<p>-A vas\u00fati k\u00f6zleked\u00e9st fejleszteni kellene, olcs\u00f3bbnak kellene lennie, mert a mai \u00e1rakat nem tudj\u00e1k az egyszer\u0171 emberek megfizetni. Nagyon meg kell gondolni, ha hosszabb t\u00e1vra akarnak utazni. Olcs\u00f3bb\u00e1 \u00e9s biztons\u00e1gosabb kell tenni ezt is. &#8211;<\/p>\n<p> Bencsik Mih\u00e1ly hozz\u00e1tette:  a k\u00f6zleked\u00e9si dolgoz\u00f3kat tisztess\u00e9gesen meg kell fizetni. A p\u00e1rt korszer\u0171s\u00edten\u00e9 a vas\u00fath\u00e1l\u00f3zatot, a k\u00e9tv\u00e1g\u00e1ny\u00fa vas\u00fatvonalak ar\u00e1ny\u00e1t a jelenlegi 16 sz\u00e1zal\u00e9k dupl\u00e1j\u00e1ra emeln\u00e9k. A Munk\u00e1sp\u00e1rt \u00fajj\u00e1 teremten\u00e9 a magyar aut\u00f3busz, mozdony \u00e9s szerelv\u00e9nygy\u00e1rt\u00e1st  &#8211;   z\u00e1rta t\u00e1j\u00e9koztat\u00f3j\u00e1t a politikus. <\/p>\n<div style=\"width: 640px;\" class=\"wp-video\"><!--[if lt IE 9]><script>document.createElement('video');<\/script><![endif]-->\n<video class=\"wp-video-shortcode\" id=\"video-8633-1\" width=\"640\" height=\"360\" preload=\"metadata\" controls=\"controls\"><source type=\"video\/mp4\" src=\"\/spots\/hir\/hir_180328_04.mp4?_=1\" \/><a href=\"\/spots\/hir\/hir_180328_04.mp4\">\/spots\/hir\/hir_180328_04.mp4<\/a><\/video><\/div>\n","protected":false},"excerpt":{"rendered":"<p>Az a c\u00e9l, hogy az atomenergia felhaszn\u00e1l\u00e1sa hossz\u00fa t\u00e1von is az egyik meghat\u00e1roz\u00f3 t\u00e9nyez\u0151 legyen Magyarorsz\u00e1g energiaell\u00e1t\u00e1sban. &#8211; mondta Bencsik Mih\u00e1ly mai sajt\u00f3t\u00e1j\u00e9koztat\u00f3j\u00e1n. A politikus hozz\u00e1tette: ebben egyet\u00e9rtenek a Fidesszel, t\u00e1mogatj\u00e1k a paksi atomer\u0151m\u0171 b\u0151v\u00edt\u00e9s\u00e9t. -Magyarorsz\u00e1gon m\u0171k\u00f6dik egy atomer\u0151m\u0171, ami j\u00f3l m\u0171k\u00f6dik, biztons\u00e1gos, orosz technika. Mivel sz\u00fcks\u00e9g van az energi\u00e1ra Magyarorsz\u00e1gon tov\u00e1bbra is, t\u00e1mogatja az [&hellip;]<\/p>\n","protected":false},"author":2,"featured_media":0,"comment_status":"closed","ping_status":"closed","sticky":false,"template":"","format":"standard","meta":[],"categories":[9],"tags":[],"_links":{"self":[{"href":"http:\/\/archiv.szolnoktv.hu\/index.php?rest_route=\/wp\/v2\/posts\/8633"}],"collection":[{"href":"http:\/\/archiv.szolnoktv.hu\/index.php?rest_route=\/wp\/v2\/posts"}],"about":[{"href":"http:\/\/archiv.szolnoktv.hu\/index.php?rest_route=\/wp\/v2\/types\/post"}],"author":[{"embeddable":true,"href":"http:\/\/archiv.szolnoktv.hu\/index.php?rest_route=\/wp\/v2\/users\/2"}],"replies":[{"embeddable":true,"href":"http:\/\/archiv.szolnoktv.hu\/index.php?rest_route=%2Fwp%2Fv2%2Fcomments&post=8633"}],"version-history":[{"count":1,"href":"http:\/\/archiv.szolnoktv.hu\/index.php?rest_route=\/wp\/v2\/posts\/8633\/revisions"}],"predecessor-version":[{"id":8680,"href":"http:\/\/archiv.szolnoktv.hu\/index.php?rest_route=\/wp\/v2\/posts\/8633\/revisions\/8680"}],"wp:attachment":[{"href":"http:\/\/archiv.szolnoktv.hu\/index.php?rest_route=%2Fwp%2Fv2%2Fmedia&parent=8633"}],"wp:term":[{"taxonomy":"category","embeddable":true,"href":"http:\/\/archiv.szolnoktv.hu\/index.php?rest_route=%2Fwp%2Fv2%2Fcategories&post=8633"},{"taxonomy":"post_tag","embeddable":true,"href":"http:\/\/archiv.szolnoktv.hu\/index.php?rest_route=%2Fwp%2Fv2%2Ftags&post=8633"}],"curies":[{"name":"wp","href":"https:\/\/api.w.org\/{rel}","templated":true}]}}