{"id":8632,"date":"2018-03-28T16:36:00","date_gmt":"2018-03-28T16:36:00","guid":{"rendered":"http:\/\/archiv.szolnoktv.hu\/?p=8632"},"modified":"2021-08-13T20:07:32","modified_gmt":"2021-08-13T20:07:32","slug":"jobbik-a-valasztasok-elott","status":"publish","type":"post","link":"http:\/\/archiv.szolnoktv.hu\/?p=8632","title":{"rendered":"Jobbik a v\u00e1laszt\u00e1sok el\u0151tt"},"content":{"rendered":"<div class='booster-block booster-read-block'><\/div><p>A t\u00e1rsadalmi szervezetk\u00e9nt m\u0171k\u00f6d\u0151, a v\u00e1laszt\u00e1si es\u00e9lyegyenl\u0151s\u00e9geket felt\u00e1r\u00f3 K\u00f6z\u00f6s Orsz\u00e1g Mozgalom orsz\u00e1gszerte m\u00e9ri a jel\u00f6ltek ir\u00e1nt megnyilv\u00e1nul\u00f3 val\u00f3s szimp\u00e1ti\u00e1t. Az un. taktikai szavaz\u00e1st seg\u00edt\u0151 felm\u00e9r\u00e9s eredm\u00e9ny\u00e9r\u0151l besz\u00e9lt els\u0151k k\u00f6zt sajt\u00f3t\u00e1j\u00e9koztat\u00f3j\u00e1n Dr. Csik\u00f3s Attila a Jobbik orsz\u00e1ggy\u0171l\u00e9si k\u00e9pvisel\u0151jel\u00f6ltje.  <\/p>\n<p>&#8220;\u00d6r\u00f6mmel mondhatom, hogy akkor h\u00e9tf\u0151n reggel megjelent a J\u00e1sz- nagykun- Szolnok megye egyes sz\u00e1m\u00fa v\u00e1laszt\u00f3ker\u00fclet\u00e9ben- teh\u00e1t Szolnokon \u00e9s t\u00e9rs\u00e9g\u00e9ben is a kutat\u00e1snak az eredm\u00e9nye \u00e9s a Jobbik Magyarorsz\u00e1g\u00e9rt Mozgalom a leges\u00e9lyesebb ellenz\u00e9ki jel\u00f6lt ezen kutat\u00e1s alapj\u00e1n is \u00e9s kor\u00e1bban m\u00e1r besz\u00e1moltam arr\u00f3l, hogy m\u00e1s kutat\u00e1sokban is a Jobbikot nevezt\u00e9k meg az es\u00e9lyes jel\u00f6ltnek Szolnok \u00e9s t\u00e9rs\u00e9g\u00e9ben.&#8221;<\/p>\n<p>\u00c9ppen ez\u00e9rt- folytatta Dr. Csik\u00f3s Attila- az egy\u00e9ni jel\u00f6ltek eset\u00e9ben a korm\u00e1nyv\u00e1lt\u00e1st az seg\u00edten\u00e9 el\u0151, ha az ellenz\u00e9ki szavaz\u00f3k k\u00f6z\u00fcl a leges\u00e9lyesebbre adn\u00e1k a voksukat. A Jobbik jel\u00f6ltje s\u00e9relmezi &#8211; mint fogalmazott- a m\u00e9di\u00e1ban elhangz\u00f3 hazugs\u00e1gokat. C\u00e1folta p\u00e9ld\u00e1ul, hogy a hat\u00e1rz\u00e1r felsz\u00e1mol\u00e1s\u00e1n dolgozn\u00e1nak.<\/p>\n<p>&#8220;Ez nem igaz, hiszen a Jobbik volt az a p\u00e1rt amelyik javasolta, hogy a ker\u00edt\u00e9st azt \u00e9p\u00edts\u00fck meg \u00e9s sz\u00e1mtalanszor t\u00e1j\u00e9koztattuk m\u00e1r az embereket, hogy a ker\u00edt\u00e9st nem akarjuk lebontani- s\u0151t, hogyha sz\u00fcks\u00e9ges akkor meghosszabb\u00edtjuk \u00e9s magyar hat\u00e1r\u0151rs\u00e9get \u00e1ll\u00edtunk a ker\u00edt\u00e9s v\u00e9delm\u00e9re, hiszen azzal egy\u00fctt- az \u00e9l\u0151 er\u0151vel egy\u00fctt igaz\u00e1n hat\u00e9kony ez \u00e9s nem enged\u00fcnk be egyetlenegy migr\u00e1nst sem az orsz\u00e1g ter\u00fclet\u00e9re \u00e9s letelepedni sem.&#8221;<\/p>\n<p>A Jobbik jel\u00f6ltje hangs\u00falyozta- korm\u00e1nyra ker\u00fcl\u00e9s\u00fck eset\u00e9n azonnal int\u00e9zkedn\u00e9nek a k\u00f3rh\u00e1zi v\u00e1r\u00f3list\u00e1k \u00fcgy\u00e9ben, a magas gy\u00f3gyszer\u00e1rak tekintet\u00e9ben. Megold\u00e1st keresn\u00e9nek a devizahitelesek probl\u00e9m\u00e1ira, a Szolnok k\u00f6rzet\u00e9ben is siralmas \u00e1llapotban l\u00e9v\u0151 utak korszer\u0171s\u00edt\u00e9s\u00e9re. De nem feledkezn\u00e9nek meg a nyugd\u00edjasokr\u00f3l sem.<\/p>\n<p>&#8220;N\u00e9zz\u00fck azt, hogy mi van a nyugd\u00edjasokkal? A nyugd\u00edjasok el\u00e9gedettek- e a nyugd\u00edjaikkal? Tudjuk, hogy vannak m\u00e1sf\u00e9l- \u00e9s k\u00e9t milli\u00f3s nyugd\u00edjasok is, de az sz\u00f3rv\u00e1nyos eset. A legt\u00f6bb nyugd\u00edjasnak 40-, 60-, 80 ezer forintos a nyugd\u00edja \u00e9s ebb\u0151l az \u00f6sszegb\u0151l \u0151k nem tudnak kij\u00f6nni. Nekik most egy 10 ezer forintos adom\u00e1ny a v\u00e1laszt\u00e1sok el\u0151tt az lehet, hogy most nagyon seg\u00edt, de igaz\u00e1b\u00f3l nekik havonta, eg\u00e9sz \u00e9vben kellene magasabb nyugd\u00edjat kapni ahhoz, hogy norm\u00e1lis, nyugodt \u00e9letet \u00e9lhessenek. <\/p>\n<p>Hol vannak a mag\u00e1nnyugd\u00edjp\u00e9nzt\u00e1ri befizet\u00e9sek? Tette fel a k\u00e9rd\u00e9st Dr. Csik\u00f3s Attila, aki lesz\u00f6gezte: korm\u00e1nyra ker\u00fcl\u00e9s\u00fck eset\u00e9n vagyonelkobz\u00e1sra \u00edt\u00e9ln\u00e9k a korrupt politikusokat, akiket dupl\u00e1n b\u00fcntetn\u00e9nek. A jel\u00f6lt v\u00e9g\u00fcl kit\u00e9rt az eg\u00e9szs\u00e9g\u00fcgyi dolgoz\u00f3k b\u00e9rez\u00e9s\u00e9re, a k\u00fclf\u00f6ldre t\u00e1vozott szakemberek visszacs\u00e1b\u00edt\u00e1s\u00e1ra, valamint azon meggy\u0151z\u0151d\u00e9s\u00e9nek adott hangot, mely szerint amennyiben a korm\u00e1nyt nem siker\u00fcl most lev\u00e1ltani, \u00fagy az orsz\u00e1got fenyeget\u0151 s\u00falyos gondok hamarosan visszaford\u00edthatatlanul elhatalmasodnak.<\/p>\n<div style=\"width: 640px;\" class=\"wp-video\"><!--[if lt IE 9]><script>document.createElement('video');<\/script><![endif]-->\n<video class=\"wp-video-shortcode\" id=\"video-8632-1\" width=\"640\" height=\"360\" preload=\"metadata\" controls=\"controls\"><source type=\"video\/mp4\" src=\"\/spots\/hir\/hir_180328_06.mp4?_=1\" \/><a href=\"\/spots\/hir\/hir_180328_06.mp4\">\/spots\/hir\/hir_180328_06.mp4<\/a><\/video><\/div>\n","protected":false},"excerpt":{"rendered":"<p>A t\u00e1rsadalmi szervezetk\u00e9nt m\u0171k\u00f6d\u0151, a v\u00e1laszt\u00e1si es\u00e9lyegyenl\u0151s\u00e9geket felt\u00e1r\u00f3 K\u00f6z\u00f6s Orsz\u00e1g Mozgalom orsz\u00e1gszerte m\u00e9ri a jel\u00f6ltek ir\u00e1nt megnyilv\u00e1nul\u00f3 val\u00f3s szimp\u00e1ti\u00e1t. Az un. taktikai szavaz\u00e1st seg\u00edt\u0151 felm\u00e9r\u00e9s eredm\u00e9ny\u00e9r\u0151l besz\u00e9lt els\u0151k k\u00f6zt sajt\u00f3t\u00e1j\u00e9koztat\u00f3j\u00e1n Dr. Csik\u00f3s Attila a Jobbik orsz\u00e1ggy\u0171l\u00e9si k\u00e9pvisel\u0151jel\u00f6ltje. &#8220;\u00d6r\u00f6mmel mondhatom, hogy akkor h\u00e9tf\u0151n reggel megjelent a J\u00e1sz- nagykun- Szolnok megye egyes sz\u00e1m\u00fa v\u00e1laszt\u00f3ker\u00fclet\u00e9ben- teh\u00e1t Szolnokon \u00e9s [&hellip;]<\/p>\n","protected":false},"author":2,"featured_media":0,"comment_status":"closed","ping_status":"closed","sticky":false,"template":"","format":"standard","meta":[],"categories":[9],"tags":[],"_links":{"self":[{"href":"http:\/\/archiv.szolnoktv.hu\/index.php?rest_route=\/wp\/v2\/posts\/8632"}],"collection":[{"href":"http:\/\/archiv.szolnoktv.hu\/index.php?rest_route=\/wp\/v2\/posts"}],"about":[{"href":"http:\/\/archiv.szolnoktv.hu\/index.php?rest_route=\/wp\/v2\/types\/post"}],"author":[{"embeddable":true,"href":"http:\/\/archiv.szolnoktv.hu\/index.php?rest_route=\/wp\/v2\/users\/2"}],"replies":[{"embeddable":true,"href":"http:\/\/archiv.szolnoktv.hu\/index.php?rest_route=%2Fwp%2Fv2%2Fcomments&post=8632"}],"version-history":[{"count":1,"href":"http:\/\/archiv.szolnoktv.hu\/index.php?rest_route=\/wp\/v2\/posts\/8632\/revisions"}],"predecessor-version":[{"id":8681,"href":"http:\/\/archiv.szolnoktv.hu\/index.php?rest_route=\/wp\/v2\/posts\/8632\/revisions\/8681"}],"wp:attachment":[{"href":"http:\/\/archiv.szolnoktv.hu\/index.php?rest_route=%2Fwp%2Fv2%2Fmedia&parent=8632"}],"wp:term":[{"taxonomy":"category","embeddable":true,"href":"http:\/\/archiv.szolnoktv.hu\/index.php?rest_route=%2Fwp%2Fv2%2Fcategories&post=8632"},{"taxonomy":"post_tag","embeddable":true,"href":"http:\/\/archiv.szolnoktv.hu\/index.php?rest_route=%2Fwp%2Fv2%2Ftags&post=8632"}],"curies":[{"name":"wp","href":"https:\/\/api.w.org\/{rel}","templated":true}]}}